{"id":8945,"date":"2025-06-15T02:11:41","date_gmt":"2025-06-15T00:11:41","guid":{"rendered":"https:\/\/minuneanaturii.ro\/blog\/?p=8945"},"modified":"2025-08-13T16:03:10","modified_gmt":"2025-08-13T14:03:10","slug":"11-semne-subtile-ca-organismul-tau-este-in-dezechilibru","status":"publish","type":"post","link":"https:\/\/minuneanaturii.ro\/blog\/11-semne-subtile-ca-organismul-tau-este-in-dezechilibru","title":{"rendered":"11 semne subtile c\u0103 organismul t\u0103u este \u00een dezechilibru"},"content":{"rendered":"<div id=\"ez-toc-container\" class=\"ez-toc-v2_0_87 ez-toc-wrap-left counter-hierarchy ez-toc-counter ez-toc-white ez-toc-container-direction\">\n<div class=\"ez-toc-title-container\">\n<p class=\"ez-toc-title\" style=\"cursor:inherit\">Continut articol<\/p>\n<span class=\"ez-toc-title-toggle\"><\/span><\/div>\n<nav><ul class='ez-toc-list ez-toc-list-level-1 ' ><li class='ez-toc-page-1 ez-toc-heading-level-2'><a class=\"ez-toc-link ez-toc-heading-1\" href=\"#\" data-href=\"https:\/\/minuneanaturii.ro\/blog\/11-semne-subtile-ca-organismul-tau-este-in-dezechilibru\/#11_semnale_la_care_este_nevoie_sa_acorzi_atentie_pentru_a_te_bucura_de_sanatate_pe_termen_lung\" >11 semnale la care este nevoie s\u0103 acorzi aten\u021bie pentru a te bucura de s\u0103n\u0103tate pe termen lung<\/a><ul class='ez-toc-list-level-3' ><li class='ez-toc-heading-level-3'><a class=\"ez-toc-link ez-toc-heading-2\" href=\"#\" data-href=\"https:\/\/minuneanaturii.ro\/blog\/11-semne-subtile-ca-organismul-tau-este-in-dezechilibru\/#%E2%9A%A0%EF%B8%8F_1_Te_trezesti_obosit_desi_ai_dormit\" >\u26a0\ufe0f 1. Te treze\u0219ti obosit, de\u0219i ai dormit<\/a><\/li><li class='ez-toc-page-1 ez-toc-heading-level-3'><a class=\"ez-toc-link ez-toc-heading-3\" href=\"#\" data-href=\"https:\/\/minuneanaturii.ro\/blog\/11-semne-subtile-ca-organismul-tau-este-in-dezechilibru\/#%E2%9A%A0%EF%B8%8F_2_Ai_pofta_frecventa_de_dulce_sau_paine\" >\u26a0\ufe0f 2. Ai poft\u0103 frecvent\u0103 de dulce sau p\u00e2ine<\/a><\/li><li class='ez-toc-page-1 ez-toc-heading-level-3'><a class=\"ez-toc-link ez-toc-heading-4\" href=\"#\" data-href=\"https:\/\/minuneanaturii.ro\/blog\/11-semne-subtile-ca-organismul-tau-este-in-dezechilibru\/#%E2%9A%A0%EF%B8%8F_3_Iti_cade_parul_mai_mult_decat_de_obicei\" >\u26a0\ufe0f 3. \u00ce\u021bi cade p\u0103rul mai mult dec\u00e2t de obicei<\/a><\/li><li class='ez-toc-page-1 ez-toc-heading-level-3'><a class=\"ez-toc-link ez-toc-heading-5\" href=\"#\" data-href=\"https:\/\/minuneanaturii.ro\/blog\/11-semne-subtile-ca-organismul-tau-este-in-dezechilibru\/#%E2%9A%A0%EF%B8%8F_4_Te_balonezi_frecvent_chiar_si_dupa_mese_usoare\" >\u26a0\ufe0f 4. Te balonezi frecvent, chiar \u0219i dup\u0103 mese u\u0219oare<\/a><\/li><li class='ez-toc-page-1 ez-toc-heading-level-3'><a class=\"ez-toc-link ez-toc-heading-6\" href=\"#\" data-href=\"https:\/\/minuneanaturii.ro\/blog\/11-semne-subtile-ca-organismul-tau-este-in-dezechilibru\/#%E2%9A%A0%EF%B8%8F_5_Ai_schimbari_bruste_de_dispozitie\" >\u26a0\ufe0f 5. Ai schimb\u0103ri bru\u0219te de dispozi\u021bie<\/a><\/li><li class='ez-toc-page-1 ez-toc-heading-level-3'><a class=\"ez-toc-link ez-toc-heading-7\" href=\"#\" data-href=\"https:\/\/minuneanaturii.ro\/blog\/11-semne-subtile-ca-organismul-tau-este-in-dezechilibru\/#%E2%9A%A0%EF%B8%8F_6_Ai_dureri_articulare_fara_motiv_clar\" >\u26a0\ufe0f 6. Ai dureri articulare f\u0103r\u0103 motiv clar<\/a><\/li><li class='ez-toc-page-1 ez-toc-heading-level-3'><a class=\"ez-toc-link ez-toc-heading-8\" href=\"#\" data-href=\"https:\/\/minuneanaturii.ro\/blog\/11-semne-subtile-ca-organismul-tau-este-in-dezechilibru\/#%E2%9A%A0%EF%B8%8F_7_Iti_e_mereu_frig_mai_ales_la_maini_si_picioare\" >\u26a0\ufe0f 7. \u00ce\u021bi e mereu frig, mai ales la m\u00e2ini \u0219i picioare<\/a><\/li><li class='ez-toc-page-1 ez-toc-heading-level-3'><a class=\"ez-toc-link ez-toc-heading-9\" href=\"#\" data-href=\"https:\/\/minuneanaturii.ro\/blog\/11-semne-subtile-ca-organismul-tau-este-in-dezechilibru\/#%E2%9A%A0%EF%B8%8F_8_Te_irita_usor_sunetele_lumina_sau_oamenii\" >\u26a0\ufe0f 8. Te irit\u0103 u\u0219or sunetele, lumina sau oamenii<\/a><\/li><li class='ez-toc-page-1 ez-toc-heading-level-3'><a class=\"ez-toc-link ez-toc-heading-10\" href=\"#\" data-href=\"https:\/\/minuneanaturii.ro\/blog\/11-semne-subtile-ca-organismul-tau-este-in-dezechilibru\/#%E2%9A%A0%EF%B8%8F_9_Ai_constipatie_sau_scaun_neregulat\" >\u26a0\ufe0f 9. Ai constipa\u021bie sau scaun neregulat<\/a><\/li><li class='ez-toc-page-1 ez-toc-heading-level-3'><a class=\"ez-toc-link ez-toc-heading-11\" href=\"#\" data-href=\"https:\/\/minuneanaturii.ro\/blog\/11-semne-subtile-ca-organismul-tau-este-in-dezechilibru\/#%E2%9A%A0%EF%B8%8F_10_Ai_des_stari_de_%E2%80%9Eceata_mentala%E2%80%9D\" >\u26a0\ufe0f 10. Ai des st\u0103ri de \u201ecea\u021b\u0103 mental\u0103\u201d<\/a><\/li><li class='ez-toc-page-1 ez-toc-heading-level-3'><a class=\"ez-toc-link ez-toc-heading-12\" href=\"#\" data-href=\"https:\/\/minuneanaturii.ro\/blog\/11-semne-subtile-ca-organismul-tau-este-in-dezechilibru\/#%E2%9A%A0%EF%B8%8F_11_Nu_mai_simti_bucurie_sau_motivatie\" >\u26a0\ufe0f 11. Nu mai sim\u021bi bucurie sau motiva\u021bie<\/a><\/li><\/ul><\/li><li class='ez-toc-page-1 ez-toc-heading-level-2'><a class=\"ez-toc-link ez-toc-heading-13\" href=\"#\" data-href=\"https:\/\/minuneanaturii.ro\/blog\/11-semne-subtile-ca-organismul-tau-este-in-dezechilibru\/#Important\" >Important:<\/a><\/li><li class='ez-toc-page-1 ez-toc-heading-level-2'><a class=\"ez-toc-link ez-toc-heading-14\" href=\"#\" data-href=\"https:\/\/minuneanaturii.ro\/blog\/11-semne-subtile-ca-organismul-tau-este-in-dezechilibru\/#Seria_aniversara_11_ani_contine_mai_multe_articole_interesante\" >Seria aniversar\u0103 11 ani con\u021bine mai multe articole interesante:<\/a><\/li><\/ul><\/nav><\/div>\n<blockquote><p><strong>Corpul nu strig\u0103 din prima. \u00ce\u021bi \u0219opte\u0219te. Ascult\u0103-l. Nu toate dezechilibrele dor.<\/strong><\/p><\/blockquote>\n<p>Boala nu \u00eencepe cu un diagnostic. \u00cencepe cu <strong>semnale subtile<\/strong>: oboseal\u0103 ciudat\u0103, pofte bizare, intoleran\u021b\u0103 la frig sau zgomot.<\/p>\n<p>\u00cen 11 ani de munc\u0103 direct\u0103 cu oamenii, am observat c\u0103 <strong>organismul trimite semnale devreme<\/strong> \u2013 dar noi le ignor\u0103m, le normaliz\u0103m sau le trat\u0103m cu &#8230;cafea \u0219i energizante.<\/p>\n<p>Azi \u00ee\u021bi oferim 11 dintre cele mai <strong>subtile \u0219i frecvente simptome de dezechilibru<\/strong>, al\u0103turi de <strong>ce le poate cauza<\/strong> \u0219i <strong>un prim pas concret<\/strong>.<\/p>\n<h2><span class=\"ez-toc-section\" id=\"11_semnale_la_care_este_nevoie_sa_acorzi_atentie_pentru_a_te_bucura_de_sanatate_pe_termen_lung\"><\/span><strong>11 semnale la care este nevoie s\u0103 acorzi aten\u021bie pentru a te bucura de s\u0103n\u0103tate pe termen lung<\/strong><span class=\"ez-toc-section-end\"><\/span><\/h2>\n<h3><span class=\"ez-toc-section\" id=\"%E2%9A%A0%EF%B8%8F_1_Te_trezesti_obosit_desi_ai_dormit\"><\/span><strong>\u26a0\ufe0f 1. Te treze\u0219ti obosit, de\u0219i ai dormit<\/strong><span class=\"ez-toc-section-end\"><\/span><\/h3>\n<p><strong>Cauz\u0103 posibil\u0103:<\/strong> <a href=\"https:\/\/minuneanaturii.ro\/blog\/nu-e-oboseala-cronica-e-dependenta-de-cortizol-legitatea-595\"><strong>Cortizol<\/strong> <\/a>dereglat, ficat blocat, inflama\u021bie intern\u0103<br \/>\n<strong>Corela\u021bii:<\/strong> \u00ce\u021bi trebuie cafea imediat. Ai <a href=\"https:\/\/minuneanaturii.ro\/blog\/legitatea-120-limba-este-oglinda-digestiei\"><strong>limba \u00eenc\u0103rcat\u0103<\/strong> <\/a>diminea\u021ba. Te mi\u0219ti greu.<br \/>\n<strong>Solu\u021bie:<\/strong> Hidrateaz\u0103-te cu <a href=\"https:\/\/minuneanaturii.ro\/blog\/apa-calduta-cu-lamaie-remediul-eficient-pentru-constipatie-si-kilogramele-in-plus\"><strong>ap\u0103 cald\u0103 + l\u0103m\u00e2ie<\/strong> <\/a>diminea\u021ba, evit\u0103 ecranele seara \u0219i sus\u021bine ficatul cu ceaiuri amare (p\u0103p\u0103die, armurariu).<\/p>\n<h3><span class=\"ez-toc-section\" id=\"%E2%9A%A0%EF%B8%8F_2_Ai_pofta_frecventa_de_dulce_sau_paine\"><\/span><strong>\u26a0\ufe0f 2. Ai poft\u0103 frecvent\u0103 de dulce sau p\u00e2ine<\/strong><span class=\"ez-toc-section-end\"><\/span><\/h3>\n<p><strong>Cauz\u0103 posibil\u0103:<\/strong> Disbioz\u0103 intestinal\u0103, dezechilibru glicemic, <a href=\"https:\/\/minuneanaturii.ro\/blog\/rezistenta-la-insulina-ce-este-cum-o-recunosti-si-ce-suplimente-te-pot-ajuta\"><strong>rezisten\u021b\u0103 la insulin\u0103<\/strong><\/a>, stres cronic<br \/>\n<strong>Corela\u021bii:<\/strong> <a href=\"https:\/\/minuneanaturii.ro\/blog\/balonarea-cauze-implicatii-pe-termen-lung-si-tratament-natural\"><strong>Balonare<\/strong><\/a>, oboseal\u0103 dup\u0103 mas\u0103, iritabilitate dac\u0103 sari peste o mas\u0103<br \/>\n<strong>Solu\u021bie:<\/strong> F\u0103 analiza de <a href=\"https:\/\/minuneanaturii.ro\/blog\/indicele-homa-indicele-care-prevesteste-diabetul-legitatea-225\"><strong>indice HOMA<\/strong><\/a>, \u00eenlocuie\u0219te dulcele cu gr\u0103simi bune (avocado, nuci), regleaz\u0103 flora cu <a href=\"https:\/\/www.minuneanaturii.ro\/probiotice\"><strong>probiotice<\/strong> <\/a>\u0219i redu sau <a href=\"https:\/\/minuneanaturii.ro\/blog\/inlocuieste-zaharul-cu-stevia-sau-fructe-uscate-legitatea-521\"><strong>elimin\u0103 zah\u0103rul<\/strong><\/a> (treptat).<\/p>\n<h3><span class=\"ez-toc-section\" id=\"%E2%9A%A0%EF%B8%8F_3_Iti_cade_parul_mai_mult_decat_de_obicei\"><\/span><strong>\u26a0\ufe0f 3. \u00ce\u021bi cade p\u0103rul mai mult dec\u00e2t de obicei<\/strong><span class=\"ez-toc-section-end\"><\/span><\/h3>\n<p><strong>Cauz\u0103 posibil\u0103:<\/strong> <a href=\"https:\/\/minuneanaturii.ro\/blog\/caderea-parului-si-feritina-rezerva-de-fier-legitatea-339\"><strong>Deficit de fier<\/strong><\/a>, zinc, B-uri, probleme tiroidiene<br \/>\n<strong>Corela\u021bii:<\/strong> Unghii fragile, piele uscat\u0103, m\u00e2ini reci<br \/>\n<strong>Solu\u021bie:<\/strong> F\u0103 un <a href=\"https:\/\/minuneanaturii.ro\/blog\/analizele-de-sange-esentiale-la-inceputul-toamnei\"><strong>set complet de analize<\/strong><\/a> (fier, feritin\u0103, TSH, B12), folose\u0219te uleiul de rozmarin, suplimenteaz\u0103 cu fier + vitamina C + zinc.<\/p>\n<h3><span class=\"ez-toc-section\" id=\"%E2%9A%A0%EF%B8%8F_4_Te_balonezi_frecvent_chiar_si_dupa_mese_usoare\"><\/span><strong>\u26a0\ufe0f 4. Te balonezi frecvent, chiar \u0219i dup\u0103 mese u\u0219oare<\/strong><span class=\"ez-toc-section-end\"><\/span><\/h3>\n<p><strong>Cauz\u0103 posibil\u0103:<\/strong> Disbioz\u0103, fermenta\u021bie anormal\u0103, intoleran\u021be alimentare<br \/>\n<strong>Corela\u021bii:<\/strong> Flatulen\u021b\u0103, scaun neregulat, oboseal\u0103 post-prandial\u0103<br \/>\n<strong>Solu\u021bie:<\/strong> Exclude alimentele suspecte 7\u201314 zile (gluten, lactate sau altele dup\u0103 caz), adaug\u0103 <a href=\"https:\/\/www.minuneanaturii.ro\/enzime-digestive\"><strong>enzime digestive<\/strong><\/a> \u0219i probiotice multi-tulpin\u0103, m\u0103n\u00e2nc\u0103 lent <strong><a href=\"https:\/\/minuneanaturii.ro\/blog\/stomacul-nu-are-dinti-rolul-masticatiei\">\u0219i mestec\u0103 mult.<\/a><\/strong><\/p>\n<h3><span class=\"ez-toc-section\" id=\"%E2%9A%A0%EF%B8%8F_5_Ai_schimbari_bruste_de_dispozitie\"><\/span><strong>\u26a0\ufe0f 5. Ai schimb\u0103ri bru\u0219te de dispozi\u021bie<\/strong><span class=\"ez-toc-section-end\"><\/span><\/h3>\n<p><strong>Cauz\u0103 posibil\u0103:<\/strong> Dezechilibru hormonal, inflama\u021bie neuropsihic\u0103, intestin permeabil<br \/>\n<strong>Corela\u021bii:<\/strong> Iritabilitate f\u0103r\u0103 motiv, triste\u021be inexplicabil\u0103, anxietate<br \/>\n<strong>Solu\u021bie:<\/strong> <a href=\"https:\/\/minuneanaturii.ro\/blog\/trebuie-sa-renunt-la-gluten-daca-nu-am-intoleranta-legitatea-509\"><strong>Elimin\u0103 glutenul<\/strong><\/a>, echilibreaz\u0103 flora intestinal\u0103, adaug\u0103 <a href=\"https:\/\/www.minuneanaturii.ro\/omega-3-6-9-\"><strong>omega-3<\/strong><\/a> \u0219i <a href=\"https:\/\/www.minuneanaturii.ro\/curcumin\"><strong>curcumin<\/strong><\/a>, f\u0103 mi\u0219care bl\u00e2nd\u0103 zilnic.<\/p>\n<h3><span class=\"ez-toc-section\" id=\"%E2%9A%A0%EF%B8%8F_6_Ai_dureri_articulare_fara_motiv_clar\"><\/span><strong>\u26a0\ufe0f 6. Ai dureri articulare f\u0103r\u0103 motiv clar<\/strong><span class=\"ez-toc-section-end\"><\/span><\/h3>\n<p><strong>Cauz\u0103 posibil\u0103:<\/strong> Inflama\u021bie subacut\u0103, permeabilitate intestinal\u0103, dezechilibru acido-bazic<br \/>\n<strong>Corela\u021bii:<\/strong> Oboseal\u0103, dificultate la trezire, ten \u00eenc\u0103rcat<br \/>\n<strong>Solu\u021bie:<\/strong> Exclude glutenul \u0219i lactatele 2\u20133 s\u0103pt\u0103m\u00e2ni, hidrateaz\u0103-te mult, folose\u0219te <strong>curcuma + MSM + colagen<\/strong>.<\/p>\n<h3><span class=\"ez-toc-section\" id=\"%E2%9A%A0%EF%B8%8F_7_Iti_e_mereu_frig_mai_ales_la_maini_si_picioare\"><\/span><strong>\u26a0\ufe0f 7. \u00ce\u021bi e mereu frig, mai ales la m\u00e2ini \u0219i picioare<\/strong><span class=\"ez-toc-section-end\"><\/span><\/h3>\n<p><strong>Cauz\u0103 posibil\u0103:<\/strong> Tiroid\u0103 hipoactiv\u0103, circula\u021bie deficitar\u0103, <a href=\"https:\/\/minuneanaturii.ro\/blog\/anemia-si-carenta-de-fier-cauze-si-remedii-naturale\"><strong>anemie<\/strong><\/a><br \/>\n<strong>Corela\u021bii:<\/strong> Piele palid\u0103, unghii fragile, oboseal\u0103<br \/>\n<strong>Solu\u021bie:<\/strong> F\u0103 analize tiroidiene \u0219i hemoleucogram\u0103 complet\u0103, adaug\u0103 plante stimulatoare pentru circula\u021bie (ginkgo, ghimbir, usturoi), evit\u0103 alimentele reci.<\/p>\n<h3><span class=\"ez-toc-section\" id=\"%E2%9A%A0%EF%B8%8F_8_Te_irita_usor_sunetele_lumina_sau_oamenii\"><\/span><strong>\u26a0\ufe0f 8. Te irit\u0103 u\u0219or sunetele, lumina sau oamenii<\/strong><span class=\"ez-toc-section-end\"><\/span><\/h3>\n<p><strong>Cauz\u0103 posibil\u0103:<\/strong> Cortizol crescut sau sc\u0103zut, deficit de <a href=\"https:\/\/minuneanaturii.ro\/blog\/magneziul-mineralul-sistemului-nervos-si-al-musculaturii\"><strong>magneziu<\/strong><\/a> \u0219i B-uri<br \/>\n<strong>Corela\u021bii:<\/strong> Tensiune muscular\u0103, g\u00e2nduri rapide, somn superficial<br \/>\n<strong>Solu\u021bie:<\/strong> Suplimenteaz\u0103 cu magneziu bisglicinat + B-complex, evit\u0103 cafeaua, \u00eenlocuie\u0219te ecranele seara cu respira\u021bie lent\u0103.<\/p>\n<h3><span class=\"ez-toc-section\" id=\"%E2%9A%A0%EF%B8%8F_9_Ai_constipatie_sau_scaun_neregulat\"><\/span><strong>\u26a0\ufe0f 9. Ai constipa\u021bie sau scaun neregulat<\/strong><span class=\"ez-toc-section-end\"><\/span><\/h3>\n<p><strong>Cauz\u0103 posibil\u0103:<\/strong> Dezechilibru intestinal, ficat lene\u0219, stres cronic<br \/>\n<strong>Corela\u021bii:<\/strong> Balonare, <a href=\"https:\/\/minuneanaturii.ro\/blog\/acneea-cauze-profunde-si-solutia-naturala-legitatea-529\"><strong>acnee<\/strong><\/a>, respira\u021bie ur\u00e2t mirositoare<br \/>\n<strong>Solu\u021bie:<\/strong> Hidrateaz\u0103-te bine, adaug\u0103 fibre fermentabile (semin\u021be de in, t\u0103r\u00e2\u021be de psyllium), mi\u0219care bl\u00e2nd\u0103 + magneziu citrat.<\/p>\n<h3><span class=\"ez-toc-section\" id=\"%E2%9A%A0%EF%B8%8F_10_Ai_des_stari_de_%E2%80%9Eceata_mentala%E2%80%9D\"><\/span><strong>\u26a0\ufe0f 10. Ai des st\u0103ri de \u201ecea\u021b\u0103 mental\u0103\u201d<\/strong><span class=\"ez-toc-section-end\"><\/span><\/h3>\n<p><strong>Cauz\u0103 posibil\u0103:<\/strong> Inflama\u021bie neuronal\u0103, glicemie instabil\u0103, intestin permeabil<br \/>\n<strong>Corela\u021bii:<\/strong> Ui\u021bi cuvinte simple, \u00ee\u021bi pierzi concentrarea, te sim\u021bi \u201e\u00een cea\u021b\u0103\u201d<br \/>\n<strong>Solu\u021bie:<\/strong> Hidrateaz\u0103-te bine, f\u0103 pauze de ecrane, suplimenteaz\u0103 cu omega-3, B12, colin\u0103 sau acetil-L-carnitin\u0103.<\/p>\n<h3><span class=\"ez-toc-section\" id=\"%E2%9A%A0%EF%B8%8F_11_Nu_mai_simti_bucurie_sau_motivatie\"><\/span><strong>\u26a0\ufe0f 11. Nu mai sim\u021bi bucurie sau motiva\u021bie<\/strong><span class=\"ez-toc-section-end\"><\/span><\/h3>\n<p><strong>Cauz\u0103 posibil\u0103:<\/strong> Deficit de <a href=\"https:\/\/minuneanaturii.ro\/blog\/legitatea-156-dopamina-invinge-ratiunea\"><strong>dopamin\u0103<\/strong><\/a>, inflama\u021bie psihic\u0103, epuizare suprarenal\u0103<br \/>\n<strong>Corela\u021bii:<\/strong> Nu te mai entuziasmeaz\u0103 nimic, procrastinezi, sim\u021bi c\u0103 \u201enu mai ai chef de via\u021b\u0103\u201d<br \/>\n<strong>Solu\u021bie:<\/strong> Suplimenteaz\u0103 cu Rhodiola, <a href=\"https:\/\/www.minuneanaturii.ro\/adaptogene\"><strong>adaptogeni<\/strong><\/a>, vitamina D, folat activ \u0219i creeaz\u0103 mici bucurii zilnic (mi\u0219care, soare, art\u0103).<\/p>\n<hr \/>\n<h2><span class=\"ez-toc-section\" id=\"Important\"><\/span><strong>Important:<\/strong><span class=\"ez-toc-section-end\"><\/span><\/h2>\n<p>Nu a\u0219tepta ca aceste semne s\u0103 devin\u0103 boal\u0103.<br \/>\n<strong>Vindecarea real\u0103 \u00eencepe c\u00e2nd \u00eenve\u021bi s\u0103 recuno\u0219ti semnalele t\u0103cute.<\/strong><\/p>\n<h2><span class=\"ez-toc-section\" id=\"Seria_aniversara_11_ani_contine_mai_multe_articole_interesante\"><\/span><strong>Seria aniversar\u0103 11 ani con\u021bine mai multe articole interesante:<\/strong><span class=\"ez-toc-section-end\"><\/span><\/h2>\n<ul>\n<li><a href=\"https:\/\/minuneanaturii.ro\/blog\/11-marturii-de-la-pacienti-care-ne-au-emotionat-profund\"><strong>11 m\u0103rturii de la pacien\u021bi\/clien\u021bi care ne-au emo\u021bionat profund<\/strong><\/a><\/li>\n<li><strong><a href=\"https:\/\/minuneanaturii.ro\/blog\/11-lectii-esentiale-despre-sanatate-vindecare-si-alegeri-bune\">11 lec\u021bii esen\u021biale despre s\u0103n\u0103tate, vindecare \u0219i alegeri bune &#8211; de la Anca \u0219i Adrian Ienin \u2013 fondatorii Minunea Naturii<\/a>\u00a0<\/strong><\/li>\n<li><a href=\"https:\/\/minuneanaturii.ro\/blog\/11-produse-si-suplimente-naturale-care-au-trecut-testul-suprem-timpul-si-rezultatele\"><strong>11 produse care au trecut testul suprem: timpul \u0219i rezultatele<\/strong><\/a><\/li>\n<li><a href=\"https:\/\/minuneanaturii.ro\/blog\/11-greseli-frecvente-care-ne-afecteaza-sanatatea-fara-sa-ne-dam-seama\"><strong>11 gre\u0219eli frecvente care ne afecteaz\u0103 s\u0103n\u0103tatea, f\u0103r\u0103 s\u0103 ne d\u0103m seama<\/strong><\/a><\/li>\n<li><a href=\"https:\/\/minuneanaturii.ro\/blog\/11-retete-si-delicioase-si-sanatoase-simple-si-functionale\"><strong>11 re\u021bete \u0219i delicioase \u0219i s\u0103n\u0103toase<\/strong><\/a><\/li>\n<li><a href=\"https:\/\/minuneanaturii.ro\/blog\/11-plante-medicinale-esentiale-care-au-vindecat-generatii-intregi\"><strong>11 plante esen\u021biale care au vindecat genera\u021bii \u00eentregi<\/strong><\/a><\/li>\n<li><a href=\"https:\/\/minuneanaturii.ro\/blog\/11-descoperiri-uimitoare-despre-corpul-uman-si-sanatate-ce-stiam-de-mult-iar-acum-este-confirmat-de-stiinta\"><strong>11 descoperiri uimitoare &#8211; Ce \u0219tiau bunicii, dar abia acum confirm\u0103 \u0219tiin\u021ba<\/strong><\/a><\/li>\n<li><a href=\"https:\/\/minuneanaturii.ro\/blog\/11-mituri-false-despre-sanatate\"><strong>11 mituri false despre s\u0103n\u0103tate<\/strong><\/a><\/li>\n<li><strong>11 semne subtile c\u0103 organismul t\u0103u este \u00een dezechilibru (acest articol)<\/strong><\/li>\n<li><a href=\"https:\/\/minuneanaturii.ro\/blog\/11-documentare-si-carti-care-iti-pot-schimba-complet-viziunea-despre-sanatate\"><strong>11 documentare \u0219i c\u0103r\u021bi care \u00ee\u021bi pot schimba complet viziunea despre s\u0103n\u0103tate<\/strong><\/a><\/li>\n<\/ul>\n<p>&nbsp;<\/p>\n<p><em>Bucuro\u0219i s\u0103 te \u0219tim s\u0103n\u0103to\u0219i,<\/em><br \/>\n<strong>Farm. Anca, Adrian Ienin &amp; Echipa Minunea Naturii<\/strong> \ud83d\udc9a<\/p>\n","protected":false},"excerpt":{"rendered":"<p>Corpul nu strig\u0103 din prima. \u00ce\u021bi \u0219opte\u0219te. Ascult\u0103-l. Nu toate dezechilibrele dor. Boala nu \u00eencepe cu un diagnostic. \u00cencepe cu semnale subtile: oboseal\u0103 ciudat\u0103, pofte bizare, intoleran\u021b\u0103 la frig sau zgomot. \u00cen 11 ani de munc\u0103 direct\u0103 cu oamenii, am observat c\u0103 organismul trimite semnale devreme \u2013 dar noi le ignor\u0103m, le normaliz\u0103m sau le &#8230;<\/p>\n","protected":false},"author":101011,"featured_media":8981,"comment_status":"open","ping_status":"closed","sticky":false,"template":"","format":"standard","meta":{"_jetpack_memberships_contains_paid_content":false,"footnotes":""},"categories":[2404,2396,11,414,5],"tags":[],"class_list":["post-8945","post","type-post","status-publish","format-standard","has-post-thumbnail","hentry","category-11-ani-de-minunea-naturii","category-longevitate","category-recomandari","category-sanatate","category-sfaturi-utile-tips-and-tricks"],"yoast_head":"<!-- This site is optimized with the Yoast SEO plugin v28.2 - https:\/\/yoast.com\/product\/yoast-seo-wordpress\/ -->\n<title>11 semne subtile c\u0103 organismul t\u0103u este \u00een dezechilibru - minuneanaturii.ro<\/title>\n<meta name=\"robots\" content=\"index, follow, max-snippet:-1, max-image-preview:large, max-video-preview:-1\" \/>\n<meta property=\"og:locale\" content=\"ro_RO\" \/>\n<meta property=\"og:type\" content=\"article\" \/>\n<meta property=\"og:title\" content=\"11 semne subtile c\u0103 organismul t\u0103u este \u00een dezechilibru - Blogul Minunea Naturii\" \/>\n<meta property=\"og:description\" content=\"Corpul nu strig\u0103 din prima. \u00ce\u021bi \u0219opte\u0219te. Ascult\u0103-l. Nu toate dezechilibrele dor. Boala nu \u00eencepe cu un diagnostic. \u00cencepe cu semnale subtile: oboseal\u0103 ciudat\u0103, pofte bizare, \u2026\" \/>\n<meta property=\"og:url\" content=\"https:\/\/minuneanaturii.ro\/blog\/11-semne-subtile-ca-organismul-tau-este-in-dezechilibru\" \/>\n<meta property=\"og:site_name\" content=\"Blogul Minunea Naturii\" \/>\n<meta property=\"article:author\" content=\"https:\/\/www.facebook.com\/minuneanaturii\/\" \/>\n<meta property=\"article:published_time\" content=\"2025-06-15T00:11:41+00:00\" \/>\n<meta property=\"article:modified_time\" content=\"2025-08-13T14:03:10+00:00\" \/>\n<meta property=\"og:image\" content=\"https:\/\/minuneanaturii.ro\/blog\/wp-content\/uploads\/2025\/06\/11-semne-subtile-ca-organismul-tau-este-in-dezechilibru.jpg\" \/>\n\t<meta property=\"og:image:width\" content=\"2000\" \/>\n\t<meta property=\"og:image:height\" content=\"2000\" \/>\n\t<meta property=\"og:image:type\" content=\"image\/jpeg\" \/>\n<meta name=\"author\" content=\"Farm. Anca si Adrian Ienin\" \/>\n<meta name=\"twitter:card\" content=\"summary_large_image\" \/>\n<meta name=\"twitter:label1\" content=\"Scris de\" \/>\n\t<meta name=\"twitter:data1\" content=\"Farm. Anca si Adrian Ienin\" \/>\n\t<meta name=\"twitter:label2\" content=\"Timp estimat pentru citire\" \/>\n\t<meta name=\"twitter:data2\" content=\"5 minute\" \/>\n<script type=\"application\/ld+json\" class=\"yoast-schema-graph\">{\"@context\":\"https:\\\/\\\/schema.org\",\"@graph\":[{\"@type\":\"Article\",\"@id\":\"https:\\\/\\\/minuneanaturii.ro\\\/blog\\\/11-semne-subtile-ca-organismul-tau-este-in-dezechilibru#article\",\"isPartOf\":{\"@id\":\"https:\\\/\\\/minuneanaturii.ro\\\/blog\\\/11-semne-subtile-ca-organismul-tau-este-in-dezechilibru\"},\"author\":{\"name\":\"Farm. Anca si Adrian Ienin\",\"@id\":\"https:\\\/\\\/minuneanaturii.ro\\\/blog\\\/#\\\/schema\\\/person\\\/f2d61b0d1b99f774c2026e5355657712\"},\"headline\":\"11 semne subtile c\u0103 organismul t\u0103u este \u00een dezechilibru\",\"datePublished\":\"2025-06-15T00:11:41+00:00\",\"dateModified\":\"2025-08-13T14:03:10+00:00\",\"mainEntityOfPage\":{\"@id\":\"https:\\\/\\\/minuneanaturii.ro\\\/blog\\\/11-semne-subtile-ca-organismul-tau-este-in-dezechilibru\"},\"wordCount\":830,\"commentCount\":0,\"image\":{\"@id\":\"https:\\\/\\\/minuneanaturii.ro\\\/blog\\\/11-semne-subtile-ca-organismul-tau-este-in-dezechilibru#primaryimage\"},\"thumbnailUrl\":\"https:\\\/\\\/i0.wp.com\\\/minuneanaturii.ro\\\/blog\\\/wp-content\\\/uploads\\\/2025\\\/06\\\/11-semne-subtile-ca-organismul-tau-este-in-dezechilibru.jpg?fit=2000%2C2000&ssl=1\",\"articleSection\":[\"11 ani de Minunea Naturii\",\"Longevitate\",\"Recomandari\",\"Sanatate\",\"Sfaturi utile - Tips and Tricks\"],\"inLanguage\":\"ro-RO\",\"potentialAction\":[{\"@type\":\"CommentAction\",\"name\":\"Comment\",\"target\":[\"https:\\\/\\\/minuneanaturii.ro\\\/blog\\\/11-semne-subtile-ca-organismul-tau-este-in-dezechilibru#respond\"]}]},{\"@type\":\"WebPage\",\"@id\":\"https:\\\/\\\/minuneanaturii.ro\\\/blog\\\/11-semne-subtile-ca-organismul-tau-este-in-dezechilibru\",\"url\":\"https:\\\/\\\/minuneanaturii.ro\\\/blog\\\/11-semne-subtile-ca-organismul-tau-este-in-dezechilibru\",\"name\":\"11 semne subtile c\u0103 organismul t\u0103u este \u00een dezechilibru - Blogul Minunea Naturii\",\"isPartOf\":{\"@id\":\"https:\\\/\\\/minuneanaturii.ro\\\/blog\\\/#website\"},\"primaryImageOfPage\":{\"@id\":\"https:\\\/\\\/minuneanaturii.ro\\\/blog\\\/11-semne-subtile-ca-organismul-tau-este-in-dezechilibru#primaryimage\"},\"image\":{\"@id\":\"https:\\\/\\\/minuneanaturii.ro\\\/blog\\\/11-semne-subtile-ca-organismul-tau-este-in-dezechilibru#primaryimage\"},\"thumbnailUrl\":\"https:\\\/\\\/i0.wp.com\\\/minuneanaturii.ro\\\/blog\\\/wp-content\\\/uploads\\\/2025\\\/06\\\/11-semne-subtile-ca-organismul-tau-este-in-dezechilibru.jpg?fit=2000%2C2000&ssl=1\",\"datePublished\":\"2025-06-15T00:11:41+00:00\",\"dateModified\":\"2025-08-13T14:03:10+00:00\",\"author\":{\"@id\":\"https:\\\/\\\/minuneanaturii.ro\\\/blog\\\/#\\\/schema\\\/person\\\/f2d61b0d1b99f774c2026e5355657712\"},\"breadcrumb\":{\"@id\":\"https:\\\/\\\/minuneanaturii.ro\\\/blog\\\/11-semne-subtile-ca-organismul-tau-este-in-dezechilibru#breadcrumb\"},\"inLanguage\":\"ro-RO\",\"potentialAction\":[{\"@type\":\"ReadAction\",\"target\":[\"https:\\\/\\\/minuneanaturii.ro\\\/blog\\\/11-semne-subtile-ca-organismul-tau-este-in-dezechilibru\"]}]},{\"@type\":\"ImageObject\",\"inLanguage\":\"ro-RO\",\"@id\":\"https:\\\/\\\/minuneanaturii.ro\\\/blog\\\/11-semne-subtile-ca-organismul-tau-este-in-dezechilibru#primaryimage\",\"url\":\"https:\\\/\\\/i0.wp.com\\\/minuneanaturii.ro\\\/blog\\\/wp-content\\\/uploads\\\/2025\\\/06\\\/11-semne-subtile-ca-organismul-tau-este-in-dezechilibru.jpg?fit=2000%2C2000&ssl=1\",\"contentUrl\":\"https:\\\/\\\/i0.wp.com\\\/minuneanaturii.ro\\\/blog\\\/wp-content\\\/uploads\\\/2025\\\/06\\\/11-semne-subtile-ca-organismul-tau-este-in-dezechilibru.jpg?fit=2000%2C2000&ssl=1\",\"width\":2000,\"height\":2000},{\"@type\":\"BreadcrumbList\",\"@id\":\"https:\\\/\\\/minuneanaturii.ro\\\/blog\\\/11-semne-subtile-ca-organismul-tau-este-in-dezechilibru#breadcrumb\",\"itemListElement\":[{\"@type\":\"ListItem\",\"position\":1,\"name\":\"Prima pagin\u0103\",\"item\":\"https:\\\/\\\/minuneanaturii.ro\\\/blog\\\/\"},{\"@type\":\"ListItem\",\"position\":2,\"name\":\"11 semne subtile c\u0103 organismul t\u0103u este \u00een dezechilibru\"}]},{\"@type\":\"WebSite\",\"@id\":\"https:\\\/\\\/minuneanaturii.ro\\\/blog\\\/#website\",\"url\":\"https:\\\/\\\/minuneanaturii.ro\\\/blog\\\/\",\"name\":\"Blogul Minunea Naturii\",\"description\":\"informatii utile despre sanatate, alimentatie si tratemnte holistice\",\"potentialAction\":[{\"@type\":\"SearchAction\",\"target\":{\"@type\":\"EntryPoint\",\"urlTemplate\":\"https:\\\/\\\/minuneanaturii.ro\\\/blog\\\/?s={search_term_string}\"},\"query-input\":{\"@type\":\"PropertyValueSpecification\",\"valueRequired\":true,\"valueName\":\"search_term_string\"}}],\"inLanguage\":\"ro-RO\"},{\"@type\":\"Person\",\"@id\":\"https:\\\/\\\/minuneanaturii.ro\\\/blog\\\/#\\\/schema\\\/person\\\/f2d61b0d1b99f774c2026e5355657712\",\"name\":\"Farm. Anca si Adrian Ienin\",\"image\":{\"@type\":\"ImageObject\",\"inLanguage\":\"ro-RO\",\"@id\":\"https:\\\/\\\/secure.gravatar.com\\\/avatar\\\/ad4ecb84085c66eae03365f7a2f872d8fee2056710d75b48754261be4b5f8abd?s=96&d=mm&r=g\",\"url\":\"https:\\\/\\\/secure.gravatar.com\\\/avatar\\\/ad4ecb84085c66eae03365f7a2f872d8fee2056710d75b48754261be4b5f8abd?s=96&d=mm&r=g\",\"contentUrl\":\"https:\\\/\\\/secure.gravatar.com\\\/avatar\\\/ad4ecb84085c66eae03365f7a2f872d8fee2056710d75b48754261be4b5f8abd?s=96&d=mm&r=g\",\"caption\":\"Farm. Anca si Adrian Ienin\"},\"description\":\"Anca si Adrian Ienin, farmacisti naturopati si fondatori ai conceptului Minunea Naturii. Au transformat pasiunea pentru alimentatie, stil de viata sanatos si tratamente naturale intr-un concept dedicat sanatatii depline. Scriu articole documentate de ultimele studii in domeniu si din experienta directa cu pacientii. Cred in exemplul propriu si integritate, astfel informatia furnizata este credibila si autentica. Farm. Anca \u0219i Adrian Ienin sunt co-fondatorii conceptului Minunea Naturii \u0219i promotori ai unei viziuni integrative asupra s\u0103n\u0103t\u0103\u021bii, \u00een care \u0219tiin\u021ba modern\u0103 se \u00eent\u00e2lne\u0219te cu \u00een\u021belepciunea tradi\u021bional\u0103. Cu o experien\u021b\u0103 de peste un deceniu \u00een domeniul terapiilor naturale, nutri\u021biei func\u021bionale \u0219i suplimentelor de calitate, cei doi autori ofer\u0103 informa\u021bii valoroase, bine documentate \u0219i orientate spre rezultate reale \u00een echilibrarea organismului. Prin articolele \u0219i proiectele lor educa\u021bionale, Anca \u0219i Adrian \u00eencurajeaz\u0103 oamenii s\u0103 \u00ee\u0219i asume responsabilitatea pentru propria s\u0103n\u0103tate, s\u0103 \u00ee\u0219i dezvolte discern\u0103m\u00e2ntul \u00een alegerea produselor naturale \u0219i s\u0103 adopte un stil de via\u021b\u0103 con\u0219tient, \u00een armonie cu ritmurile corpului \u0219i ale naturii. Articolele lor \u00eembin\u0103 rigoarea \u0219tiin\u021bific\u0103 cu empatia practic\u0103, av\u00e2nd la baz\u0103 at\u00e2t cuno\u0219tin\u021be academice, c\u00e2t \u0219i experien\u021b\u0103 direct\u0103 cu mii de clien\u021bi \u0219i pacien\u021bi. Viziunea lor este una clar\u0103: s\u0103n\u0103tatea nu se reduce la absen\u021ba bolii, ci este un proces activ de echilibru fizic, emo\u021bional, mental \u0219i spiritual \u2013 un drum spre vitalitate, autonomie \u0219i sens.\",\"sameAs\":[\"https:\\\/\\\/www.minuneanaturii.ro\",\"https:\\\/\\\/www.facebook.com\\\/minuneanaturii\\\/\",\"https:\\\/\\\/www.instagram.com\\\/minuneanaturii\\\/\",\"https:\\\/\\\/www.linkedin.com\\\/company\\\/minunea-naturii\",\"https:\\\/\\\/www.youtube.com\\\/@MinuneaNaturii\"],\"url\":\"https:\\\/\\\/minuneanaturii.ro\\\/blog\\\/author\\\/ancasiadrianienin\"}]}<\/script>\n<!-- \/ Yoast SEO plugin. -->","yoast_head_json":{"title":"11 semne subtile c\u0103 organismul t\u0103u este \u00een dezechilibru - minuneanaturii.ro","robots":{"index":"index","follow":"follow","max-snippet":"max-snippet:-1","max-image-preview":"max-image-preview:large","max-video-preview":"max-video-preview:-1"},"og_locale":"ro_RO","og_type":"article","og_title":"11 semne subtile c\u0103 organismul t\u0103u este \u00een dezechilibru - Blogul Minunea Naturii","og_description":"Corpul nu strig\u0103 din prima. \u00ce\u021bi \u0219opte\u0219te. Ascult\u0103-l. Nu toate dezechilibrele dor. Boala nu \u00eencepe cu un diagnostic. \u00cencepe cu semnale subtile: oboseal\u0103 ciudat\u0103, pofte bizare, \u2026","og_url":"https:\/\/minuneanaturii.ro\/blog\/11-semne-subtile-ca-organismul-tau-este-in-dezechilibru","og_site_name":"Blogul Minunea Naturii","article_author":"https:\/\/www.facebook.com\/minuneanaturii\/","article_published_time":"2025-06-15T00:11:41+00:00","article_modified_time":"2025-08-13T14:03:10+00:00","og_image":[{"width":2000,"height":2000,"url":"https:\/\/minuneanaturii.ro\/blog\/wp-content\/uploads\/2025\/06\/11-semne-subtile-ca-organismul-tau-este-in-dezechilibru.jpg","type":"image\/jpeg"}],"author":"Farm. Anca si Adrian Ienin","twitter_card":"summary_large_image","twitter_misc":{"Scris de":"Farm. Anca si Adrian Ienin","Timp estimat pentru citire":"5 minute"},"schema":{"@context":"https:\/\/schema.org","@graph":[{"@type":"Article","@id":"https:\/\/minuneanaturii.ro\/blog\/11-semne-subtile-ca-organismul-tau-este-in-dezechilibru#article","isPartOf":{"@id":"https:\/\/minuneanaturii.ro\/blog\/11-semne-subtile-ca-organismul-tau-este-in-dezechilibru"},"author":{"name":"Farm. Anca si Adrian Ienin","@id":"https:\/\/minuneanaturii.ro\/blog\/#\/schema\/person\/f2d61b0d1b99f774c2026e5355657712"},"headline":"11 semne subtile c\u0103 organismul t\u0103u este \u00een dezechilibru","datePublished":"2025-06-15T00:11:41+00:00","dateModified":"2025-08-13T14:03:10+00:00","mainEntityOfPage":{"@id":"https:\/\/minuneanaturii.ro\/blog\/11-semne-subtile-ca-organismul-tau-este-in-dezechilibru"},"wordCount":830,"commentCount":0,"image":{"@id":"https:\/\/minuneanaturii.ro\/blog\/11-semne-subtile-ca-organismul-tau-este-in-dezechilibru#primaryimage"},"thumbnailUrl":"https:\/\/i0.wp.com\/minuneanaturii.ro\/blog\/wp-content\/uploads\/2025\/06\/11-semne-subtile-ca-organismul-tau-este-in-dezechilibru.jpg?fit=2000%2C2000&ssl=1","articleSection":["11 ani de Minunea Naturii","Longevitate","Recomandari","Sanatate","Sfaturi utile - Tips and Tricks"],"inLanguage":"ro-RO","potentialAction":[{"@type":"CommentAction","name":"Comment","target":["https:\/\/minuneanaturii.ro\/blog\/11-semne-subtile-ca-organismul-tau-este-in-dezechilibru#respond"]}]},{"@type":"WebPage","@id":"https:\/\/minuneanaturii.ro\/blog\/11-semne-subtile-ca-organismul-tau-este-in-dezechilibru","url":"https:\/\/minuneanaturii.ro\/blog\/11-semne-subtile-ca-organismul-tau-este-in-dezechilibru","name":"11 semne subtile c\u0103 organismul t\u0103u este \u00een dezechilibru - Blogul Minunea Naturii","isPartOf":{"@id":"https:\/\/minuneanaturii.ro\/blog\/#website"},"primaryImageOfPage":{"@id":"https:\/\/minuneanaturii.ro\/blog\/11-semne-subtile-ca-organismul-tau-este-in-dezechilibru#primaryimage"},"image":{"@id":"https:\/\/minuneanaturii.ro\/blog\/11-semne-subtile-ca-organismul-tau-este-in-dezechilibru#primaryimage"},"thumbnailUrl":"https:\/\/i0.wp.com\/minuneanaturii.ro\/blog\/wp-content\/uploads\/2025\/06\/11-semne-subtile-ca-organismul-tau-este-in-dezechilibru.jpg?fit=2000%2C2000&ssl=1","datePublished":"2025-06-15T00:11:41+00:00","dateModified":"2025-08-13T14:03:10+00:00","author":{"@id":"https:\/\/minuneanaturii.ro\/blog\/#\/schema\/person\/f2d61b0d1b99f774c2026e5355657712"},"breadcrumb":{"@id":"https:\/\/minuneanaturii.ro\/blog\/11-semne-subtile-ca-organismul-tau-este-in-dezechilibru#breadcrumb"},"inLanguage":"ro-RO","potentialAction":[{"@type":"ReadAction","target":["https:\/\/minuneanaturii.ro\/blog\/11-semne-subtile-ca-organismul-tau-este-in-dezechilibru"]}]},{"@type":"ImageObject","inLanguage":"ro-RO","@id":"https:\/\/minuneanaturii.ro\/blog\/11-semne-subtile-ca-organismul-tau-este-in-dezechilibru#primaryimage","url":"https:\/\/i0.wp.com\/minuneanaturii.ro\/blog\/wp-content\/uploads\/2025\/06\/11-semne-subtile-ca-organismul-tau-este-in-dezechilibru.jpg?fit=2000%2C2000&ssl=1","contentUrl":"https:\/\/i0.wp.com\/minuneanaturii.ro\/blog\/wp-content\/uploads\/2025\/06\/11-semne-subtile-ca-organismul-tau-este-in-dezechilibru.jpg?fit=2000%2C2000&ssl=1","width":2000,"height":2000},{"@type":"BreadcrumbList","@id":"https:\/\/minuneanaturii.ro\/blog\/11-semne-subtile-ca-organismul-tau-este-in-dezechilibru#breadcrumb","itemListElement":[{"@type":"ListItem","position":1,"name":"Prima pagin\u0103","item":"https:\/\/minuneanaturii.ro\/blog\/"},{"@type":"ListItem","position":2,"name":"11 semne subtile c\u0103 organismul t\u0103u este \u00een dezechilibru"}]},{"@type":"WebSite","@id":"https:\/\/minuneanaturii.ro\/blog\/#website","url":"https:\/\/minuneanaturii.ro\/blog\/","name":"Blogul Minunea Naturii","description":"informatii utile despre sanatate, alimentatie si tratemnte holistice","potentialAction":[{"@type":"SearchAction","target":{"@type":"EntryPoint","urlTemplate":"https:\/\/minuneanaturii.ro\/blog\/?s={search_term_string}"},"query-input":{"@type":"PropertyValueSpecification","valueRequired":true,"valueName":"search_term_string"}}],"inLanguage":"ro-RO"},{"@type":"Person","@id":"https:\/\/minuneanaturii.ro\/blog\/#\/schema\/person\/f2d61b0d1b99f774c2026e5355657712","name":"Farm. Anca si Adrian Ienin","image":{"@type":"ImageObject","inLanguage":"ro-RO","@id":"https:\/\/secure.gravatar.com\/avatar\/ad4ecb84085c66eae03365f7a2f872d8fee2056710d75b48754261be4b5f8abd?s=96&d=mm&r=g","url":"https:\/\/secure.gravatar.com\/avatar\/ad4ecb84085c66eae03365f7a2f872d8fee2056710d75b48754261be4b5f8abd?s=96&d=mm&r=g","contentUrl":"https:\/\/secure.gravatar.com\/avatar\/ad4ecb84085c66eae03365f7a2f872d8fee2056710d75b48754261be4b5f8abd?s=96&d=mm&r=g","caption":"Farm. Anca si Adrian Ienin"},"description":"Anca si Adrian Ienin, farmacisti naturopati si fondatori ai conceptului Minunea Naturii. Au transformat pasiunea pentru alimentatie, stil de viata sanatos si tratamente naturale intr-un concept dedicat sanatatii depline. Scriu articole documentate de ultimele studii in domeniu si din experienta directa cu pacientii. Cred in exemplul propriu si integritate, astfel informatia furnizata este credibila si autentica. Farm. Anca \u0219i Adrian Ienin sunt co-fondatorii conceptului Minunea Naturii \u0219i promotori ai unei viziuni integrative asupra s\u0103n\u0103t\u0103\u021bii, \u00een care \u0219tiin\u021ba modern\u0103 se \u00eent\u00e2lne\u0219te cu \u00een\u021belepciunea tradi\u021bional\u0103. Cu o experien\u021b\u0103 de peste un deceniu \u00een domeniul terapiilor naturale, nutri\u021biei func\u021bionale \u0219i suplimentelor de calitate, cei doi autori ofer\u0103 informa\u021bii valoroase, bine documentate \u0219i orientate spre rezultate reale \u00een echilibrarea organismului. Prin articolele \u0219i proiectele lor educa\u021bionale, Anca \u0219i Adrian \u00eencurajeaz\u0103 oamenii s\u0103 \u00ee\u0219i asume responsabilitatea pentru propria s\u0103n\u0103tate, s\u0103 \u00ee\u0219i dezvolte discern\u0103m\u00e2ntul \u00een alegerea produselor naturale \u0219i s\u0103 adopte un stil de via\u021b\u0103 con\u0219tient, \u00een armonie cu ritmurile corpului \u0219i ale naturii. Articolele lor \u00eembin\u0103 rigoarea \u0219tiin\u021bific\u0103 cu empatia practic\u0103, av\u00e2nd la baz\u0103 at\u00e2t cuno\u0219tin\u021be academice, c\u00e2t \u0219i experien\u021b\u0103 direct\u0103 cu mii de clien\u021bi \u0219i pacien\u021bi. Viziunea lor este una clar\u0103: s\u0103n\u0103tatea nu se reduce la absen\u021ba bolii, ci este un proces activ de echilibru fizic, emo\u021bional, mental \u0219i spiritual \u2013 un drum spre vitalitate, autonomie \u0219i sens.","sameAs":["https:\/\/www.minuneanaturii.ro","https:\/\/www.facebook.com\/minuneanaturii\/","https:\/\/www.instagram.com\/minuneanaturii\/","https:\/\/www.linkedin.com\/company\/minunea-naturii","https:\/\/www.youtube.com\/@MinuneaNaturii"],"url":"https:\/\/minuneanaturii.ro\/blog\/author\/ancasiadrianienin"}]}},"jetpack_featured_media_url":"https:\/\/i0.wp.com\/minuneanaturii.ro\/blog\/wp-content\/uploads\/2025\/06\/11-semne-subtile-ca-organismul-tau-este-in-dezechilibru.jpg?fit=2000%2C2000&ssl=1","jetpack_sharing_enabled":true,"_links":{"self":[{"href":"https:\/\/minuneanaturii.ro\/blog\/wp-json\/wp\/v2\/posts\/8945","targetHints":{"allow":["GET"]}}],"collection":[{"href":"https:\/\/minuneanaturii.ro\/blog\/wp-json\/wp\/v2\/posts"}],"about":[{"href":"https:\/\/minuneanaturii.ro\/blog\/wp-json\/wp\/v2\/types\/post"}],"author":[{"embeddable":true,"href":"https:\/\/minuneanaturii.ro\/blog\/wp-json\/wp\/v2\/users\/101011"}],"replies":[{"embeddable":true,"href":"https:\/\/minuneanaturii.ro\/blog\/wp-json\/wp\/v2\/comments?post=8945"}],"version-history":[{"count":4,"href":"https:\/\/minuneanaturii.ro\/blog\/wp-json\/wp\/v2\/posts\/8945\/revisions"}],"predecessor-version":[{"id":9154,"href":"https:\/\/minuneanaturii.ro\/blog\/wp-json\/wp\/v2\/posts\/8945\/revisions\/9154"}],"wp:featuredmedia":[{"embeddable":true,"href":"https:\/\/minuneanaturii.ro\/blog\/wp-json\/wp\/v2\/media\/8981"}],"wp:attachment":[{"href":"https:\/\/minuneanaturii.ro\/blog\/wp-json\/wp\/v2\/media?parent=8945"}],"wp:term":[{"taxonomy":"category","embeddable":true,"href":"https:\/\/minuneanaturii.ro\/blog\/wp-json\/wp\/v2\/categories?post=8945"},{"taxonomy":"post_tag","embeddable":true,"href":"https:\/\/minuneanaturii.ro\/blog\/wp-json\/wp\/v2\/tags?post=8945"}],"curies":[{"name":"wp","href":"https:\/\/api.w.org\/{rel}","templated":true}]}}