{"id":8905,"date":"2025-06-07T01:46:07","date_gmt":"2025-06-06T23:46:07","guid":{"rendered":"https:\/\/minuneanaturii.ro\/blog\/?p=8905"},"modified":"2025-05-29T07:13:21","modified_gmt":"2025-05-29T05:13:21","slug":"11-marturii-de-la-pacienti-care-ne-au-emotionat-profund","status":"publish","type":"post","link":"https:\/\/minuneanaturii.ro\/blog\/11-marturii-de-la-pacienti-care-ne-au-emotionat-profund","title":{"rendered":"11 m\u0103rturii de la pacien\u021bi care ne-au emo\u021bionat profund"},"content":{"rendered":"<div id=\"ez-toc-container\" class=\"ez-toc-v2_0_87 ez-toc-wrap-left counter-hierarchy ez-toc-counter ez-toc-white ez-toc-container-direction\">\n<div class=\"ez-toc-title-container\">\n<p class=\"ez-toc-title\" style=\"cursor:inherit\">Continut articol<\/p>\n<span class=\"ez-toc-title-toggle\"><\/span><\/div>\n<nav><ul class='ez-toc-list ez-toc-list-level-1 ' ><li class='ez-toc-page-1 ez-toc-heading-level-2'><a class=\"ez-toc-link ez-toc-heading-1\" href=\"#\" data-href=\"https:\/\/minuneanaturii.ro\/blog\/11-marturii-de-la-pacienti-care-ne-au-emotionat-profund\/#Am_pornit_cu_o_misiune_simpla\" >Am pornit cu o misiune simpl\u0103:<\/a><\/li><li class='ez-toc-page-1 ez-toc-heading-level-2'><a class=\"ez-toc-link ez-toc-heading-2\" href=\"#\" data-href=\"https:\/\/minuneanaturii.ro\/blog\/11-marturii-de-la-pacienti-care-ne-au-emotionat-profund\/#Iata_doar_cateva_dintre_sutele_de_mesajele_care_ne-au_ramas_in_suflet_%E2%80%93_am_ales_11_pentru_cei_11_ani\" >Iat\u0103 doar c\u00e2teva dintre sutele de mesajele care ne-au r\u0103mas \u00een suflet \u2013 am ales 11, pentru cei 11 ani:<\/a><\/li><li class='ez-toc-page-1 ez-toc-heading-level-2'><a class=\"ez-toc-link ez-toc-heading-3\" href=\"#\" data-href=\"https:\/\/minuneanaturii.ro\/blog\/11-marturii-de-la-pacienti-care-ne-au-emotionat-profund\/#Seria_aniversara_11_ani_contine_mai_multe_articole_interesante\" >Seria aniversar\u0103 11 ani con\u021bine mai multe articole interesante:<\/a><\/li><\/ul><\/nav><\/div>\n<p>Uneori uit\u0103m s\u0103 spunem c\u00e2t de mult \u00eenseamn\u0103 pentru noi fiecare mesaj primit. Fiecare r\u00e2nd scris cu sinceritate. Fiecare experien\u021b\u0103 \u00eemp\u0103rt\u0103\u0219it\u0103.<\/p>\n<p>Anivers\u0103m <strong>11 ani de Minunea Naturii<\/strong>, dar nu vrem s\u0103 vorbim despre noi.<br \/>\nVrem s\u0103-\u021bi vorbim despre <strong>ce a fost cu adev\u0103rat important \u00een to\u021bi ace\u0219ti ani<\/strong>:<\/p>\n<blockquote><p><em>Oamenii. \u00cencrederea. Vindecarea. Curajul de a tr\u0103i mai s\u0103n\u0103tos.<\/em><\/p><\/blockquote>\n<h2><span class=\"ez-toc-section\" id=\"Am_pornit_cu_o_misiune_simpla\"><\/span><strong>Am pornit cu o misiune simpl\u0103:<\/strong><span class=\"ez-toc-section-end\"><\/span><\/h2>\n<p>\ud83d\udc49 <em>s\u0103 le oferim oamenilor mai mult dec\u00e2t produse \u2013 s\u0103 le oferim preven\u021bie, \u00een\u021belegere, cunoa\u0219tere, \u0219i ghidare adev\u0103rat\u0103 spre vindecare \u0219i echilibru<\/em>.<\/p>\n<p>\u00cen tot acest timp:<\/p>\n<ul>\n<li>Am sus\u021binut <strong>zeci de conferin\u021be \u0219i cursuri de s\u0103n\u0103tate<\/strong> pentru mii de oameni,<\/li>\n<li>Am creat \u0219i lansat ne\u00eencetat<strong> materiale \u0219i programe educa\u021bionale<\/strong>,<\/li>\n<li>Am oferit <strong>consiliere specializat\u0103 \u00een farmacii<\/strong>, la un nivel rar \u00eent\u00e2lnit \u00een Rom\u00e2nia,<\/li>\n<li>Am construit o echip\u0103 care practic\u0103 <strong>o abordare integrativ\u0103 real\u0103<\/strong>, bazat\u0103 pe \u0219tiin\u021b\u0103, empatie \u0219i experien\u021b\u0103,<\/li>\n<li>Am oferit \u0219i <strong>oferim consiliere 1:1<\/strong> celor care \u00ee\u0219i doresc asta sau complexitatea cazului necesit\u0103 asta<\/li>\n<\/ul>\n<p>\u0218i toate acestea, <strong>datorit\u0103 \u021bie<\/strong>.<br \/>\nDatorit\u0103 alegerii tale de a avea \u00eencredere \u00een natur\u0103. \u0218i \u00een noi.<\/p>\n<p>\u00cen ace\u0219ti 11 ani de Minunea Naturii, <strong>ne-am bucurat, am pl\u00e2ns \u0219i am \u00een\u021beles<\/strong>, prin vocea voastr\u0103, c\u0103 <strong>s\u0103n\u0103tatea nu e doar despre produse.<\/strong><br \/>\nE despre \u00eencredere, speran\u021b\u0103, \u0219i oameni care se sus\u021bin unii pe al\u021bii.<\/p>\n<h2><span class=\"ez-toc-section\" id=\"Iata_doar_cateva_dintre_sutele_de_mesajele_care_ne-au_ramas_in_suflet_%E2%80%93_am_ales_11_pentru_cei_11_ani\"><\/span><strong>Iat\u0103 doar c\u00e2teva dintre sutele de mesajele care ne-au r\u0103mas \u00een suflet \u2013 am ales 11, pentru cei 11 ani:<\/strong><span class=\"ez-toc-section-end\"><\/span><\/h2>\n<p><strong>\u201eAm primit mult mai mult dec\u00e2t am pl\u0103tit\u201d<\/strong><br \/>\n<em>\u201eSunt recunosc\u0103toare pentru fiecare newsletter \u0219i recomandare \u2013 m-au ajutat s\u0103 iau decizii bune pentru s\u0103n\u0103tatea mea. Cump\u0103r cu bucurie de la voi \u0219i v\u0103 admir pentru tot ce face\u021bi!\u201d<\/em><br \/>\n\u2013 Isabela<\/p>\n<p><strong>\u201eA fost un miracol\u201d<\/strong><br \/>\n<em>\u201eUnguentul vostru mi-a vindecat rana la picior \u00een 3 zile. Am tromboflebit\u0103 \u0219i o sensibilitate foarte mare, dar am sim\u021bit c\u0103 e f\u0103cut cu grij\u0103. L-am recomandat deja prietenelor mele. Mul\u021bumesc!\u201d<\/em><br \/>\n\u2013 Lucre\u021bia<\/p>\n<p><strong>\u201eEfortul vostru conteaz\u0103\u201d<\/strong><br \/>\n<em>\u201eComunicarea a fost eficient\u0103, iar produsele \u2013 exact ce c\u0103utam. Este a doua mea comand\u0103 \u0219i sigur nu ultima. Recomand cu drag!\u201d<\/em><br \/>\n\u2013 Constan\u021ba<\/p>\n<p><strong>\u201eUn cadou pentru minte \u0219i suflet\u201d<\/strong><br \/>\n<em>\u201eCartea <\/em><a href=\"https:\/\/www.minuneanaturii.ro\/alimentatie-nutritie\/jurnalul-unui-om-sanatos-carte-farm-adrian-ienin-editura-dph-pret-oferta_.html\"><strong><em>Jurnalul unui om s\u0103n\u0103tos<\/em><\/strong><\/a> <em>mi s-a p\u0103rut o bijuterie: clar\u0103, concis\u0103, cu suflet. M-a ajutat s\u0103 \u00een\u021beleg mai bine s\u0103n\u0103tatea \u0219i s\u0103 particip activ la procesul meu de echilibru.\u201d<\/em><br \/>\n\u2013 Giorgiana<\/p>\n<p><strong>\u201eV\u0103 mul\u021bumesc c\u0103 face\u021bi livr\u0103ri \u00een str\u0103in\u0103tate\u201d<\/strong><br \/>\n<em>\u201eServiciul clien\u021bi a fost excelent, iar pachetul a ajuns \u00een condi\u021bie impecabil\u0103. Apreciez mult grija pentru cei pleca\u021bi din \u021bar\u0103.\u201d<\/em><br \/>\n\u2013 Oana, client\u0103 interna\u021bional\u0103<\/p>\n<p><strong>\u201eAprecierea mea e t\u0103cut\u0103, dar profund\u0103\u201d<\/strong><br \/>\n<em>\u201ePoate nu \u0219ti\u021bi c\u00e2t impact au mailurile voastre asupra vie\u021bilor noastre. Eu le citesc cu bucurie, \u00een fiecare zi.\u201d<\/em> \u2013 Sonia<\/p>\n<p><strong>\u201eFace\u021bi ceva unic. \u0218i necesar.\u201d<\/strong><br \/>\n<em>\u201eAve\u021bi pasiune \u0219i bun\u0103tate. \u00centr-o lume gr\u0103bit\u0103, sunte\u021bi ancora de care avem nevoie.\u201d<\/em> \u2013 Codrin<\/p>\n<p><strong>\u201eA fost exact ce \u00eemi trebuia.\u201d<\/strong><br \/>\n\u201e\u0218tiu multe \u00een teorie, dar am nevoie de cineva al\u0103turi. Felul \u00een care mi-ai potrivit suplimentele m-a ajutat \u00een zilele \u00een care nu reu\u0219eam s\u0103 fiu disciplinat\u0103. E art\u0103 \u0219i \u0219tiin\u021b\u0103 ce face\u021bi. \u0218i mult\u0103 empatie.\u201d &#8211; M\u0103d\u0103lina<\/p>\n<p><strong>\u201e15 ani de durere, rezolva\u021bi \u00een c\u00e2teva luni.\u201d<\/strong><br \/>\n\u201e<em>So\u021bul meu avea dureri cronice. Dup\u0103 protocoale e\u0219uate \u0219i ani de tratamente clasice, doar <\/em><a href=\"https:\/\/ancaienin.ro\/programator\/\"><strong><em>consultul cu Anca Ienin<\/em><\/strong><\/a><em> a adus lini\u0219tea. Empatie, seriozitate \u0219i rezultate. A revenit la o via\u021b\u0103 normal\u0103.\u201d<\/em> &#8211; Gabriela<\/p>\n<p><strong>\u201eOameni ca voi ar trebui s\u0103 fie \u00een \u0219coli.\u201d<\/strong><br \/>\n<em>\u201eLucrez cu adolescen\u021bi \u0219i vorbesc zilnic despre c\u00e2t de otr\u0103vit\u0103 e alimenta\u021bia. Dar e nevoie de educa\u021bie \u0219i pentru p\u0103rin\u021bi. Ce face\u021bi voi e \u00eenceputul unei schimb\u0103ri na\u021bionale.\u201d<\/em> &#8211; Maria, profesor, Ia\u0219i<\/p>\n<p><strong>\u201eAm sc\u0103pat de opera\u021bie.\u201d<\/strong><br \/>\n<em>\u201e5 ani de reflux gastric sever. Ultima op\u021biune: o opera\u021bie experimental\u0103. Dup\u0103 3 s\u0103pt\u0103m\u00e2ni cu protocolul natural personalizat, am putut m\u00e2nca normal. Tr\u0103iesc din nou.\u201d<\/em> &#8211; Maria S., 44 ani, Italia<\/p>\n<p>Mai aveam multe de \u00eemp\u0103rt\u0103\u0219it, dar azi am vrut doar s\u0103 spunem:<br \/>\n<strong>Mul\u021bumim. Ne emo\u021bioneaz\u0103, ne inspir\u0103 \u0219i ne responsabilizeaz\u0103.<\/strong><\/p>\n<h2><span class=\"ez-toc-section\" id=\"Seria_aniversara_11_ani_contine_mai_multe_articole_interesante\"><\/span><strong>Seria aniversar\u0103 11 ani con\u021bine mai multe articole interesante:<\/strong><span class=\"ez-toc-section-end\"><\/span><\/h2>\n<ul>\n<li>11 m\u0103rturii de la pacien\u021bi\/clien\u021bi care ne-au emo\u021bionat profund (acest articol)<\/li>\n<li><a href=\"https:\/\/minuneanaturii.ro\/blog\/11-lectii-esentiale-despre-sanatate-vindecare-si-alegeri-bune\"><strong>11 lec\u021bii esen\u021biale despre s\u0103n\u0103tate, vindecare \u0219i alegeri bune &#8211; de la Anca \u0219i Adrian Ienin \u2013 fondatorii Minunea Naturii<\/strong><\/a><\/li>\n<li><a href=\"https:\/\/minuneanaturii.ro\/blog\/11-produse-si-suplimente-naturale-care-au-trecut-testul-suprem-timpul-si-rezultatele\"><strong>11 produse care au trecut testul suprem: timpul \u0219i rezultatele<\/strong><\/a><\/li>\n<li><a href=\"https:\/\/minuneanaturii.ro\/blog\/11-greseli-frecvente-care-ne-afecteaza-sanatatea-fara-sa-ne-dam-seama\"><strong>11 gre\u0219eli frecvente care ne afecteaz\u0103 s\u0103n\u0103tatea, f\u0103r\u0103 s\u0103 ne d\u0103m seama<\/strong><\/a><\/li>\n<li><a href=\"https:\/\/minuneanaturii.ro\/blog\/11-retete-si-delicioase-si-sanatoase-simple-si-functionale\"><strong>11 re\u021bete \u0219i delicioase \u0219i s\u0103n\u0103toase<\/strong><\/a><\/li>\n<li><a href=\"https:\/\/minuneanaturii.ro\/blog\/11-plante-medicinale-esentiale-care-au-vindecat-generatii-intregi\"><strong>11 plante esen\u021biale care au vindecat genera\u021bii \u00eentregi<\/strong><\/a><\/li>\n<li><a href=\"https:\/\/minuneanaturii.ro\/blog\/11-descoperiri-uimitoare-despre-corpul-uman-si-sanatate-ce-stiam-de-mult-iar-acum-este-confirmat-de-stiinta\"><strong>11 descoperiri uimitoare &#8211; Ce \u0219tiau bunicii, dar abia acum confirm\u0103 \u0219tiin\u021ba<\/strong><\/a><\/li>\n<li><a href=\"https:\/\/minuneanaturii.ro\/blog\/11-mituri-false-despre-sanatate\"><strong>11 mituri false despre s\u0103n\u0103tate<\/strong><\/a><\/li>\n<li><a href=\"https:\/\/minuneanaturii.ro\/blog\/11-semne-subtile-ca-organismul-tau-este-in-dezechilibru\"><strong>11 semne subtile c\u0103 organismul t\u0103u este \u00een dezechilibru<\/strong><\/a><\/li>\n<li><a href=\"https:\/\/minuneanaturii.ro\/blog\/11-documentare-si-carti-care-iti-pot-schimba-complet-viziunea-despre-sanatate\"><strong>11 documentare \u0219i c\u0103r\u021bi care \u00ee\u021bi pot schimba complet viziunea despre s\u0103n\u0103tate<\/strong><\/a><\/li>\n<\/ul>\n<p>&nbsp;<\/p>\n<p>Cu recuno\u0219tin\u021b\u0103,<br \/>\n<strong>Farm. Anca, Adrian Ienin &amp; Echipa Minunea Naturii<\/strong> \ud83d\udc9a<\/p>\n","protected":false},"excerpt":{"rendered":"<p>Uneori uit\u0103m s\u0103 spunem c\u00e2t de mult \u00eenseamn\u0103 pentru noi fiecare mesaj primit. Fiecare r\u00e2nd scris cu sinceritate. Fiecare experien\u021b\u0103 \u00eemp\u0103rt\u0103\u0219it\u0103. Anivers\u0103m 11 ani de Minunea Naturii, dar nu vrem s\u0103 vorbim despre noi. Vrem s\u0103-\u021bi vorbim despre ce a fost cu adev\u0103rat important \u00een to\u021bi ace\u0219ti ani: Oamenii. \u00cencrederea. Vindecarea. Curajul de a tr\u0103i &#8230;<\/p>\n","protected":false},"author":101011,"featured_media":8956,"comment_status":"open","ping_status":"closed","sticky":false,"template":"","format":"standard","meta":{"_jetpack_memberships_contains_paid_content":false,"footnotes":""},"categories":[2404,414],"tags":[],"class_list":["post-8905","post","type-post","status-publish","format-standard","has-post-thumbnail","hentry","category-11-ani-de-minunea-naturii","category-sanatate"],"yoast_head":"<!-- This site is optimized with the Yoast SEO plugin v28.2 - https:\/\/yoast.com\/product\/yoast-seo-wordpress\/ -->\n<title>11 m\u0103rturii de la pacien\u021bi care ne-au emo\u021bionat profund - minuneanaturii.ro<\/title>\n<meta name=\"robots\" content=\"index, follow, max-snippet:-1, max-image-preview:large, max-video-preview:-1\" \/>\n<meta property=\"og:locale\" content=\"ro_RO\" \/>\n<meta property=\"og:type\" content=\"article\" \/>\n<meta property=\"og:title\" content=\"11 m\u0103rturii de la pacien\u021bi care ne-au emo\u021bionat profund - Blogul Minunea Naturii\" \/>\n<meta property=\"og:description\" content=\"Uneori uit\u0103m s\u0103 spunem c\u00e2t de mult \u00eenseamn\u0103 pentru noi fiecare mesaj primit. Fiecare r\u00e2nd scris cu sinceritate. Fiecare experien\u021b\u0103 \u00eemp\u0103rt\u0103\u0219it\u0103. Anivers\u0103m 11 ani de Minunea Nat\u2026\" \/>\n<meta property=\"og:url\" content=\"https:\/\/minuneanaturii.ro\/blog\/11-marturii-de-la-pacienti-care-ne-au-emotionat-profund\" \/>\n<meta property=\"og:site_name\" content=\"Blogul Minunea Naturii\" \/>\n<meta property=\"article:author\" content=\"https:\/\/www.facebook.com\/minuneanaturii\/\" \/>\n<meta property=\"article:published_time\" content=\"2025-06-06T23:46:07+00:00\" \/>\n<meta property=\"og:image\" content=\"https:\/\/i0.wp.com\/minuneanaturii.ro\/blog\/wp-content\/uploads\/2025\/06\/11-marturii-de-la-pacienti.jpg?fit=2000%2C2000&ssl=1\" \/>\n\t<meta property=\"og:image:width\" content=\"2000\" \/>\n\t<meta property=\"og:image:height\" content=\"2000\" \/>\n\t<meta property=\"og:image:type\" content=\"image\/jpeg\" \/>\n<meta name=\"author\" content=\"Farm. Anca si Adrian Ienin\" \/>\n<meta name=\"twitter:card\" content=\"summary_large_image\" \/>\n<meta name=\"twitter:label1\" content=\"Scris de\" \/>\n\t<meta name=\"twitter:data1\" content=\"Farm. Anca si Adrian Ienin\" \/>\n\t<meta name=\"twitter:label2\" content=\"Timp estimat pentru citire\" \/>\n\t<meta name=\"twitter:data2\" content=\"4 minute\" \/>\n<script type=\"application\/ld+json\" class=\"yoast-schema-graph\">{\"@context\":\"https:\\\/\\\/schema.org\",\"@graph\":[{\"@type\":\"Article\",\"@id\":\"https:\\\/\\\/minuneanaturii.ro\\\/blog\\\/11-marturii-de-la-pacienti-care-ne-au-emotionat-profund#article\",\"isPartOf\":{\"@id\":\"https:\\\/\\\/minuneanaturii.ro\\\/blog\\\/11-marturii-de-la-pacienti-care-ne-au-emotionat-profund\"},\"author\":{\"name\":\"Farm. Anca si Adrian Ienin\",\"@id\":\"https:\\\/\\\/minuneanaturii.ro\\\/blog\\\/#\\\/schema\\\/person\\\/f2d61b0d1b99f774c2026e5355657712\"},\"headline\":\"11 m\u0103rturii de la pacien\u021bi care ne-au emo\u021bionat profund\",\"datePublished\":\"2025-06-06T23:46:07+00:00\",\"mainEntityOfPage\":{\"@id\":\"https:\\\/\\\/minuneanaturii.ro\\\/blog\\\/11-marturii-de-la-pacienti-care-ne-au-emotionat-profund\"},\"wordCount\":869,\"commentCount\":0,\"image\":{\"@id\":\"https:\\\/\\\/minuneanaturii.ro\\\/blog\\\/11-marturii-de-la-pacienti-care-ne-au-emotionat-profund#primaryimage\"},\"thumbnailUrl\":\"https:\\\/\\\/i0.wp.com\\\/minuneanaturii.ro\\\/blog\\\/wp-content\\\/uploads\\\/2025\\\/06\\\/11-marturii-de-la-pacienti.jpg?fit=2000%2C2000&ssl=1\",\"articleSection\":[\"11 ani de Minunea Naturii\",\"Sanatate\"],\"inLanguage\":\"ro-RO\",\"potentialAction\":[{\"@type\":\"CommentAction\",\"name\":\"Comment\",\"target\":[\"https:\\\/\\\/minuneanaturii.ro\\\/blog\\\/11-marturii-de-la-pacienti-care-ne-au-emotionat-profund#respond\"]}]},{\"@type\":\"WebPage\",\"@id\":\"https:\\\/\\\/minuneanaturii.ro\\\/blog\\\/11-marturii-de-la-pacienti-care-ne-au-emotionat-profund\",\"url\":\"https:\\\/\\\/minuneanaturii.ro\\\/blog\\\/11-marturii-de-la-pacienti-care-ne-au-emotionat-profund\",\"name\":\"11 m\u0103rturii de la pacien\u021bi care ne-au emo\u021bionat profund - Blogul Minunea Naturii\",\"isPartOf\":{\"@id\":\"https:\\\/\\\/minuneanaturii.ro\\\/blog\\\/#website\"},\"primaryImageOfPage\":{\"@id\":\"https:\\\/\\\/minuneanaturii.ro\\\/blog\\\/11-marturii-de-la-pacienti-care-ne-au-emotionat-profund#primaryimage\"},\"image\":{\"@id\":\"https:\\\/\\\/minuneanaturii.ro\\\/blog\\\/11-marturii-de-la-pacienti-care-ne-au-emotionat-profund#primaryimage\"},\"thumbnailUrl\":\"https:\\\/\\\/i0.wp.com\\\/minuneanaturii.ro\\\/blog\\\/wp-content\\\/uploads\\\/2025\\\/06\\\/11-marturii-de-la-pacienti.jpg?fit=2000%2C2000&ssl=1\",\"datePublished\":\"2025-06-06T23:46:07+00:00\",\"author\":{\"@id\":\"https:\\\/\\\/minuneanaturii.ro\\\/blog\\\/#\\\/schema\\\/person\\\/f2d61b0d1b99f774c2026e5355657712\"},\"breadcrumb\":{\"@id\":\"https:\\\/\\\/minuneanaturii.ro\\\/blog\\\/11-marturii-de-la-pacienti-care-ne-au-emotionat-profund#breadcrumb\"},\"inLanguage\":\"ro-RO\",\"potentialAction\":[{\"@type\":\"ReadAction\",\"target\":[\"https:\\\/\\\/minuneanaturii.ro\\\/blog\\\/11-marturii-de-la-pacienti-care-ne-au-emotionat-profund\"]}]},{\"@type\":\"ImageObject\",\"inLanguage\":\"ro-RO\",\"@id\":\"https:\\\/\\\/minuneanaturii.ro\\\/blog\\\/11-marturii-de-la-pacienti-care-ne-au-emotionat-profund#primaryimage\",\"url\":\"https:\\\/\\\/i0.wp.com\\\/minuneanaturii.ro\\\/blog\\\/wp-content\\\/uploads\\\/2025\\\/06\\\/11-marturii-de-la-pacienti.jpg?fit=2000%2C2000&ssl=1\",\"contentUrl\":\"https:\\\/\\\/i0.wp.com\\\/minuneanaturii.ro\\\/blog\\\/wp-content\\\/uploads\\\/2025\\\/06\\\/11-marturii-de-la-pacienti.jpg?fit=2000%2C2000&ssl=1\",\"width\":2000,\"height\":2000},{\"@type\":\"BreadcrumbList\",\"@id\":\"https:\\\/\\\/minuneanaturii.ro\\\/blog\\\/11-marturii-de-la-pacienti-care-ne-au-emotionat-profund#breadcrumb\",\"itemListElement\":[{\"@type\":\"ListItem\",\"position\":1,\"name\":\"Prima pagin\u0103\",\"item\":\"https:\\\/\\\/minuneanaturii.ro\\\/blog\\\/\"},{\"@type\":\"ListItem\",\"position\":2,\"name\":\"11 m\u0103rturii de la pacien\u021bi care ne-au emo\u021bionat profund\"}]},{\"@type\":\"WebSite\",\"@id\":\"https:\\\/\\\/minuneanaturii.ro\\\/blog\\\/#website\",\"url\":\"https:\\\/\\\/minuneanaturii.ro\\\/blog\\\/\",\"name\":\"Blogul Minunea Naturii\",\"description\":\"informatii utile despre sanatate, alimentatie si tratemnte holistice\",\"potentialAction\":[{\"@type\":\"SearchAction\",\"target\":{\"@type\":\"EntryPoint\",\"urlTemplate\":\"https:\\\/\\\/minuneanaturii.ro\\\/blog\\\/?s={search_term_string}\"},\"query-input\":{\"@type\":\"PropertyValueSpecification\",\"valueRequired\":true,\"valueName\":\"search_term_string\"}}],\"inLanguage\":\"ro-RO\"},{\"@type\":\"Person\",\"@id\":\"https:\\\/\\\/minuneanaturii.ro\\\/blog\\\/#\\\/schema\\\/person\\\/f2d61b0d1b99f774c2026e5355657712\",\"name\":\"Farm. Anca si Adrian Ienin\",\"image\":{\"@type\":\"ImageObject\",\"inLanguage\":\"ro-RO\",\"@id\":\"https:\\\/\\\/secure.gravatar.com\\\/avatar\\\/ad4ecb84085c66eae03365f7a2f872d8fee2056710d75b48754261be4b5f8abd?s=96&d=mm&r=g\",\"url\":\"https:\\\/\\\/secure.gravatar.com\\\/avatar\\\/ad4ecb84085c66eae03365f7a2f872d8fee2056710d75b48754261be4b5f8abd?s=96&d=mm&r=g\",\"contentUrl\":\"https:\\\/\\\/secure.gravatar.com\\\/avatar\\\/ad4ecb84085c66eae03365f7a2f872d8fee2056710d75b48754261be4b5f8abd?s=96&d=mm&r=g\",\"caption\":\"Farm. Anca si Adrian Ienin\"},\"description\":\"Anca si Adrian Ienin, farmacisti naturopati si fondatori ai conceptului Minunea Naturii. Au transformat pasiunea pentru alimentatie, stil de viata sanatos si tratamente naturale intr-un concept dedicat sanatatii depline. Scriu articole documentate de ultimele studii in domeniu si din experienta directa cu pacientii. Cred in exemplul propriu si integritate, astfel informatia furnizata este credibila si autentica. Farm. Anca \u0219i Adrian Ienin sunt co-fondatorii conceptului Minunea Naturii \u0219i promotori ai unei viziuni integrative asupra s\u0103n\u0103t\u0103\u021bii, \u00een care \u0219tiin\u021ba modern\u0103 se \u00eent\u00e2lne\u0219te cu \u00een\u021belepciunea tradi\u021bional\u0103. Cu o experien\u021b\u0103 de peste un deceniu \u00een domeniul terapiilor naturale, nutri\u021biei func\u021bionale \u0219i suplimentelor de calitate, cei doi autori ofer\u0103 informa\u021bii valoroase, bine documentate \u0219i orientate spre rezultate reale \u00een echilibrarea organismului. Prin articolele \u0219i proiectele lor educa\u021bionale, Anca \u0219i Adrian \u00eencurajeaz\u0103 oamenii s\u0103 \u00ee\u0219i asume responsabilitatea pentru propria s\u0103n\u0103tate, s\u0103 \u00ee\u0219i dezvolte discern\u0103m\u00e2ntul \u00een alegerea produselor naturale \u0219i s\u0103 adopte un stil de via\u021b\u0103 con\u0219tient, \u00een armonie cu ritmurile corpului \u0219i ale naturii. Articolele lor \u00eembin\u0103 rigoarea \u0219tiin\u021bific\u0103 cu empatia practic\u0103, av\u00e2nd la baz\u0103 at\u00e2t cuno\u0219tin\u021be academice, c\u00e2t \u0219i experien\u021b\u0103 direct\u0103 cu mii de clien\u021bi \u0219i pacien\u021bi. Viziunea lor este una clar\u0103: s\u0103n\u0103tatea nu se reduce la absen\u021ba bolii, ci este un proces activ de echilibru fizic, emo\u021bional, mental \u0219i spiritual \u2013 un drum spre vitalitate, autonomie \u0219i sens.\",\"sameAs\":[\"https:\\\/\\\/www.minuneanaturii.ro\",\"https:\\\/\\\/www.facebook.com\\\/minuneanaturii\\\/\",\"https:\\\/\\\/www.instagram.com\\\/minuneanaturii\\\/\",\"https:\\\/\\\/www.linkedin.com\\\/company\\\/minunea-naturii\",\"https:\\\/\\\/www.youtube.com\\\/@MinuneaNaturii\"],\"url\":\"https:\\\/\\\/minuneanaturii.ro\\\/blog\\\/author\\\/ancasiadrianienin\"}]}<\/script>\n<!-- \/ Yoast SEO plugin. -->","yoast_head_json":{"title":"11 m\u0103rturii de la pacien\u021bi care ne-au emo\u021bionat profund - minuneanaturii.ro","robots":{"index":"index","follow":"follow","max-snippet":"max-snippet:-1","max-image-preview":"max-image-preview:large","max-video-preview":"max-video-preview:-1"},"og_locale":"ro_RO","og_type":"article","og_title":"11 m\u0103rturii de la pacien\u021bi care ne-au emo\u021bionat profund - Blogul Minunea Naturii","og_description":"Uneori uit\u0103m s\u0103 spunem c\u00e2t de mult \u00eenseamn\u0103 pentru noi fiecare mesaj primit. Fiecare r\u00e2nd scris cu sinceritate. Fiecare experien\u021b\u0103 \u00eemp\u0103rt\u0103\u0219it\u0103. Anivers\u0103m 11 ani de Minunea Nat\u2026","og_url":"https:\/\/minuneanaturii.ro\/blog\/11-marturii-de-la-pacienti-care-ne-au-emotionat-profund","og_site_name":"Blogul Minunea Naturii","article_author":"https:\/\/www.facebook.com\/minuneanaturii\/","article_published_time":"2025-06-06T23:46:07+00:00","og_image":[{"width":2000,"height":2000,"url":"https:\/\/i0.wp.com\/minuneanaturii.ro\/blog\/wp-content\/uploads\/2025\/06\/11-marturii-de-la-pacienti.jpg?fit=2000%2C2000&ssl=1","type":"image\/jpeg"}],"author":"Farm. Anca si Adrian Ienin","twitter_card":"summary_large_image","twitter_misc":{"Scris de":"Farm. Anca si Adrian Ienin","Timp estimat pentru citire":"4 minute"},"schema":{"@context":"https:\/\/schema.org","@graph":[{"@type":"Article","@id":"https:\/\/minuneanaturii.ro\/blog\/11-marturii-de-la-pacienti-care-ne-au-emotionat-profund#article","isPartOf":{"@id":"https:\/\/minuneanaturii.ro\/blog\/11-marturii-de-la-pacienti-care-ne-au-emotionat-profund"},"author":{"name":"Farm. Anca si Adrian Ienin","@id":"https:\/\/minuneanaturii.ro\/blog\/#\/schema\/person\/f2d61b0d1b99f774c2026e5355657712"},"headline":"11 m\u0103rturii de la pacien\u021bi care ne-au emo\u021bionat profund","datePublished":"2025-06-06T23:46:07+00:00","mainEntityOfPage":{"@id":"https:\/\/minuneanaturii.ro\/blog\/11-marturii-de-la-pacienti-care-ne-au-emotionat-profund"},"wordCount":869,"commentCount":0,"image":{"@id":"https:\/\/minuneanaturii.ro\/blog\/11-marturii-de-la-pacienti-care-ne-au-emotionat-profund#primaryimage"},"thumbnailUrl":"https:\/\/i0.wp.com\/minuneanaturii.ro\/blog\/wp-content\/uploads\/2025\/06\/11-marturii-de-la-pacienti.jpg?fit=2000%2C2000&ssl=1","articleSection":["11 ani de Minunea Naturii","Sanatate"],"inLanguage":"ro-RO","potentialAction":[{"@type":"CommentAction","name":"Comment","target":["https:\/\/minuneanaturii.ro\/blog\/11-marturii-de-la-pacienti-care-ne-au-emotionat-profund#respond"]}]},{"@type":"WebPage","@id":"https:\/\/minuneanaturii.ro\/blog\/11-marturii-de-la-pacienti-care-ne-au-emotionat-profund","url":"https:\/\/minuneanaturii.ro\/blog\/11-marturii-de-la-pacienti-care-ne-au-emotionat-profund","name":"11 m\u0103rturii de la pacien\u021bi care ne-au emo\u021bionat profund - Blogul Minunea Naturii","isPartOf":{"@id":"https:\/\/minuneanaturii.ro\/blog\/#website"},"primaryImageOfPage":{"@id":"https:\/\/minuneanaturii.ro\/blog\/11-marturii-de-la-pacienti-care-ne-au-emotionat-profund#primaryimage"},"image":{"@id":"https:\/\/minuneanaturii.ro\/blog\/11-marturii-de-la-pacienti-care-ne-au-emotionat-profund#primaryimage"},"thumbnailUrl":"https:\/\/i0.wp.com\/minuneanaturii.ro\/blog\/wp-content\/uploads\/2025\/06\/11-marturii-de-la-pacienti.jpg?fit=2000%2C2000&ssl=1","datePublished":"2025-06-06T23:46:07+00:00","author":{"@id":"https:\/\/minuneanaturii.ro\/blog\/#\/schema\/person\/f2d61b0d1b99f774c2026e5355657712"},"breadcrumb":{"@id":"https:\/\/minuneanaturii.ro\/blog\/11-marturii-de-la-pacienti-care-ne-au-emotionat-profund#breadcrumb"},"inLanguage":"ro-RO","potentialAction":[{"@type":"ReadAction","target":["https:\/\/minuneanaturii.ro\/blog\/11-marturii-de-la-pacienti-care-ne-au-emotionat-profund"]}]},{"@type":"ImageObject","inLanguage":"ro-RO","@id":"https:\/\/minuneanaturii.ro\/blog\/11-marturii-de-la-pacienti-care-ne-au-emotionat-profund#primaryimage","url":"https:\/\/i0.wp.com\/minuneanaturii.ro\/blog\/wp-content\/uploads\/2025\/06\/11-marturii-de-la-pacienti.jpg?fit=2000%2C2000&ssl=1","contentUrl":"https:\/\/i0.wp.com\/minuneanaturii.ro\/blog\/wp-content\/uploads\/2025\/06\/11-marturii-de-la-pacienti.jpg?fit=2000%2C2000&ssl=1","width":2000,"height":2000},{"@type":"BreadcrumbList","@id":"https:\/\/minuneanaturii.ro\/blog\/11-marturii-de-la-pacienti-care-ne-au-emotionat-profund#breadcrumb","itemListElement":[{"@type":"ListItem","position":1,"name":"Prima pagin\u0103","item":"https:\/\/minuneanaturii.ro\/blog\/"},{"@type":"ListItem","position":2,"name":"11 m\u0103rturii de la pacien\u021bi care ne-au emo\u021bionat profund"}]},{"@type":"WebSite","@id":"https:\/\/minuneanaturii.ro\/blog\/#website","url":"https:\/\/minuneanaturii.ro\/blog\/","name":"Blogul Minunea Naturii","description":"informatii utile despre sanatate, alimentatie si tratemnte holistice","potentialAction":[{"@type":"SearchAction","target":{"@type":"EntryPoint","urlTemplate":"https:\/\/minuneanaturii.ro\/blog\/?s={search_term_string}"},"query-input":{"@type":"PropertyValueSpecification","valueRequired":true,"valueName":"search_term_string"}}],"inLanguage":"ro-RO"},{"@type":"Person","@id":"https:\/\/minuneanaturii.ro\/blog\/#\/schema\/person\/f2d61b0d1b99f774c2026e5355657712","name":"Farm. Anca si Adrian Ienin","image":{"@type":"ImageObject","inLanguage":"ro-RO","@id":"https:\/\/secure.gravatar.com\/avatar\/ad4ecb84085c66eae03365f7a2f872d8fee2056710d75b48754261be4b5f8abd?s=96&d=mm&r=g","url":"https:\/\/secure.gravatar.com\/avatar\/ad4ecb84085c66eae03365f7a2f872d8fee2056710d75b48754261be4b5f8abd?s=96&d=mm&r=g","contentUrl":"https:\/\/secure.gravatar.com\/avatar\/ad4ecb84085c66eae03365f7a2f872d8fee2056710d75b48754261be4b5f8abd?s=96&d=mm&r=g","caption":"Farm. Anca si Adrian Ienin"},"description":"Anca si Adrian Ienin, farmacisti naturopati si fondatori ai conceptului Minunea Naturii. Au transformat pasiunea pentru alimentatie, stil de viata sanatos si tratamente naturale intr-un concept dedicat sanatatii depline. Scriu articole documentate de ultimele studii in domeniu si din experienta directa cu pacientii. Cred in exemplul propriu si integritate, astfel informatia furnizata este credibila si autentica. Farm. Anca \u0219i Adrian Ienin sunt co-fondatorii conceptului Minunea Naturii \u0219i promotori ai unei viziuni integrative asupra s\u0103n\u0103t\u0103\u021bii, \u00een care \u0219tiin\u021ba modern\u0103 se \u00eent\u00e2lne\u0219te cu \u00een\u021belepciunea tradi\u021bional\u0103. Cu o experien\u021b\u0103 de peste un deceniu \u00een domeniul terapiilor naturale, nutri\u021biei func\u021bionale \u0219i suplimentelor de calitate, cei doi autori ofer\u0103 informa\u021bii valoroase, bine documentate \u0219i orientate spre rezultate reale \u00een echilibrarea organismului. Prin articolele \u0219i proiectele lor educa\u021bionale, Anca \u0219i Adrian \u00eencurajeaz\u0103 oamenii s\u0103 \u00ee\u0219i asume responsabilitatea pentru propria s\u0103n\u0103tate, s\u0103 \u00ee\u0219i dezvolte discern\u0103m\u00e2ntul \u00een alegerea produselor naturale \u0219i s\u0103 adopte un stil de via\u021b\u0103 con\u0219tient, \u00een armonie cu ritmurile corpului \u0219i ale naturii. Articolele lor \u00eembin\u0103 rigoarea \u0219tiin\u021bific\u0103 cu empatia practic\u0103, av\u00e2nd la baz\u0103 at\u00e2t cuno\u0219tin\u021be academice, c\u00e2t \u0219i experien\u021b\u0103 direct\u0103 cu mii de clien\u021bi \u0219i pacien\u021bi. Viziunea lor este una clar\u0103: s\u0103n\u0103tatea nu se reduce la absen\u021ba bolii, ci este un proces activ de echilibru fizic, emo\u021bional, mental \u0219i spiritual \u2013 un drum spre vitalitate, autonomie \u0219i sens.","sameAs":["https:\/\/www.minuneanaturii.ro","https:\/\/www.facebook.com\/minuneanaturii\/","https:\/\/www.instagram.com\/minuneanaturii\/","https:\/\/www.linkedin.com\/company\/minunea-naturii","https:\/\/www.youtube.com\/@MinuneaNaturii"],"url":"https:\/\/minuneanaturii.ro\/blog\/author\/ancasiadrianienin"}]}},"jetpack_featured_media_url":"https:\/\/i0.wp.com\/minuneanaturii.ro\/blog\/wp-content\/uploads\/2025\/06\/11-marturii-de-la-pacienti.jpg?fit=2000%2C2000&ssl=1","jetpack_sharing_enabled":true,"_links":{"self":[{"href":"https:\/\/minuneanaturii.ro\/blog\/wp-json\/wp\/v2\/posts\/8905","targetHints":{"allow":["GET"]}}],"collection":[{"href":"https:\/\/minuneanaturii.ro\/blog\/wp-json\/wp\/v2\/posts"}],"about":[{"href":"https:\/\/minuneanaturii.ro\/blog\/wp-json\/wp\/v2\/types\/post"}],"author":[{"embeddable":true,"href":"https:\/\/minuneanaturii.ro\/blog\/wp-json\/wp\/v2\/users\/101011"}],"replies":[{"embeddable":true,"href":"https:\/\/minuneanaturii.ro\/blog\/wp-json\/wp\/v2\/comments?post=8905"}],"version-history":[{"count":4,"href":"https:\/\/minuneanaturii.ro\/blog\/wp-json\/wp\/v2\/posts\/8905\/revisions"}],"predecessor-version":[{"id":8957,"href":"https:\/\/minuneanaturii.ro\/blog\/wp-json\/wp\/v2\/posts\/8905\/revisions\/8957"}],"wp:featuredmedia":[{"embeddable":true,"href":"https:\/\/minuneanaturii.ro\/blog\/wp-json\/wp\/v2\/media\/8956"}],"wp:attachment":[{"href":"https:\/\/minuneanaturii.ro\/blog\/wp-json\/wp\/v2\/media?parent=8905"}],"wp:term":[{"taxonomy":"category","embeddable":true,"href":"https:\/\/minuneanaturii.ro\/blog\/wp-json\/wp\/v2\/categories?post=8905"},{"taxonomy":"post_tag","embeddable":true,"href":"https:\/\/minuneanaturii.ro\/blog\/wp-json\/wp\/v2\/tags?post=8905"}],"curies":[{"name":"wp","href":"https:\/\/api.w.org\/{rel}","templated":true}]}}