{"id":8833,"date":"2025-05-07T05:59:00","date_gmt":"2025-05-07T03:59:00","guid":{"rendered":"https:\/\/minuneanaturii.ro\/blog\/?p=8833"},"modified":"2025-05-07T14:23:38","modified_gmt":"2025-05-07T12:23:38","slug":"vitamina-k-esentiala-pentru-oase-inima-si-viata-dar-nu-si-la-nastere","status":"publish","type":"post","link":"https:\/\/minuneanaturii.ro\/blog\/vitamina-k-esentiala-pentru-oase-inima-si-viata-dar-nu-si-la-nastere","title":{"rendered":"Vitamina K \u2013 esen\u021bial\u0103 pentru oase, inim\u0103 \u0219i via\u021b\u0103, dar nu \u0219i la na\u0219tere"},"content":{"rendered":"<div id=\"ez-toc-container\" class=\"ez-toc-v2_0_87 ez-toc-wrap-left counter-hierarchy ez-toc-counter ez-toc-white ez-toc-container-direction\">\n<div class=\"ez-toc-title-container\">\n<p class=\"ez-toc-title\" style=\"cursor:inherit\">Continut articol<\/p>\n<span class=\"ez-toc-title-toggle\"><\/span><\/div>\n<nav><ul class='ez-toc-list ez-toc-list-level-1 ' ><li class='ez-toc-page-1 ez-toc-heading-level-2'><a class=\"ez-toc-link ez-toc-heading-1\" href=\"#\" data-href=\"https:\/\/minuneanaturii.ro\/blog\/vitamina-k-esentiala-pentru-oase-inima-si-viata-dar-nu-si-la-nastere\/#Ce_este_vitamina_K\" >Ce este vitamina K?<\/a><\/li><li class='ez-toc-page-1 ez-toc-heading-level-2'><a class=\"ez-toc-link ez-toc-heading-2\" href=\"#\" data-href=\"https:\/\/minuneanaturii.ro\/blog\/vitamina-k-esentiala-pentru-oase-inima-si-viata-dar-nu-si-la-nastere\/#Rolurile_vitaminei_K\" >Rolurile vitaminei K<\/a><\/li><li class='ez-toc-page-1 ez-toc-heading-level-2'><a class=\"ez-toc-link ez-toc-heading-3\" href=\"#\" data-href=\"https:\/\/minuneanaturii.ro\/blog\/vitamina-k-esentiala-pentru-oase-inima-si-viata-dar-nu-si-la-nastere\/#Vitamina_K_alaturi_de_Vitamina_D_echipa_pentru_sanatatea_oaselor_si_inimii\" >Vitamina K al\u0103turi de Vitamina D = echip\u0103 pentru s\u0103n\u0103tatea oaselor \u0219i inimii<\/a><ul class='ez-toc-list-level-3' ><li class='ez-toc-heading-level-3'><a class=\"ez-toc-link ez-toc-heading-4\" href=\"#\" data-href=\"https:\/\/minuneanaturii.ro\/blog\/vitamina-k-esentiala-pentru-oase-inima-si-viata-dar-nu-si-la-nastere\/#Sistemul_osos_calciu_da_dar_cu_directie_si_neaparat_vitamina_K\" >Sistemul osos: calciu da, dar cu direc\u021bie \u0219i neap\u0103rat vitamina K<\/a><\/li><li class='ez-toc-page-1 ez-toc-heading-level-3'><a class=\"ez-toc-link ez-toc-heading-5\" href=\"#\" data-href=\"https:\/\/minuneanaturii.ro\/blog\/vitamina-k-esentiala-pentru-oase-inima-si-viata-dar-nu-si-la-nastere\/#Sistemul_cardiovascular_calcifierea_nu_este_normala\" >Sistemul cardiovascular: calcifierea nu este normal\u0103<\/a><\/li><\/ul><\/li><li class='ez-toc-page-1 ez-toc-heading-level-2'><a class=\"ez-toc-link ez-toc-heading-6\" href=\"#\" data-href=\"https:\/\/minuneanaturii.ro\/blog\/vitamina-k-esentiala-pentru-oase-inima-si-viata-dar-nu-si-la-nastere\/#Administrare_vitaminei_K_la_nastere_este_benefica_sau_nu\" >Administrare vitaminei K la na\u0219tere este benefic\u0103 sau nu?<\/a><\/li><li class='ez-toc-page-1 ez-toc-heading-level-2'><a class=\"ez-toc-link ez-toc-heading-7\" href=\"#\" data-href=\"https:\/\/minuneanaturii.ro\/blog\/vitamina-k-esentiala-pentru-oase-inima-si-viata-dar-nu-si-la-nastere\/#Cum_ne_asiguram_de_aportul_optim_de_vitamina_K\" >Cum ne asigur\u0103m de aportul optim de vitamina K?<\/a><\/li><\/ul><\/nav><\/div>\n<p class=\"\" data-start=\"237\" data-end=\"553\">C\u00e2nd ne g\u00e2ndim la vitaminele esen\u021biale pentru s\u0103n\u0103tate, cele mai populare r\u0103m\u00e2n <a href=\"https:\/\/minuneanaturii.ro\/blog\/beta-carotenul-si-fumatul-o-combinatie-periculoasa-legitatea-592\"><strong>vitamina A<\/strong><\/a>, <a href=\"https:\/\/minuneanaturii.ro\/blog\/vitamina-c-cum-te-ajuta-si-care-varianta-e-cea-mai-buna\"><strong>vitamina C<\/strong><\/a>, <a href=\"https:\/\/minuneanaturii.ro\/blog\/importanta-vitaminei-d-pentru-sanatate\"><strong>vitamina D<\/strong><\/a> sau <a href=\"https:\/\/minuneanaturii.ro\/blog\/vitamina-b12-intre-controverse-si-recomandari\"><strong>vitamina B12<\/strong><\/a>. Dar <strong>vitamina K<\/strong>, de\u0219i adesea uitat\u0103, joac\u0103 un <strong>rol vital \u00een echilibrul organismului<\/strong>, \u00een special \u00een s\u0103n\u0103tatea sistemului osos \u0219i cardiovascular. Iar c\u00e2nd este administrat\u0103 \u00eempreun\u0103 cu vitamina D, beneficiile se multiplic\u0103.<\/p>\n<h2 data-start=\"555\" data-end=\"578\"><span class=\"ez-toc-section\" id=\"Ce_este_vitamina_K\"><\/span><strong>Ce este vitamina K?<\/strong><span class=\"ez-toc-section-end\"><\/span><\/h2>\n<p class=\"\" data-start=\"580\" data-end=\"646\">Vitamina K este o vitamin\u0103 liposolubil\u0103 (solubil\u0103 \u00een gr\u0103simi, nu \u00een ap\u0103), cu dou\u0103 forme principale:<\/p>\n<ul data-start=\"647\" data-end=\"854\">\n<li class=\"\" data-start=\"647\" data-end=\"720\">\n<p class=\"\" data-start=\"649\" data-end=\"720\"><strong data-start=\"649\" data-end=\"678\">Vitamina K1 (filochinon\u0103)<\/strong> \u2013 se g\u0103se\u0219te \u00een legumele cu frunze verzi.<\/p>\n<\/li>\n<li class=\"\" data-start=\"721\" data-end=\"854\">\n<p class=\"\" data-start=\"723\" data-end=\"854\"><strong data-start=\"723\" data-end=\"752\">Vitamina K2 (menachinon\u0103)<\/strong> \u2013 produs\u0103 de bacteriile intestinale \u0219i prezent\u0103 \u00een alimente fermentate \u0219i produse de origine animal\u0103.<\/p>\n<\/li>\n<\/ul>\n<h2 data-start=\"856\" data-end=\"894\"><span class=\"ez-toc-section\" id=\"Rolurile_vitaminei_K\"><\/span><strong>Rolurile vitaminei K<\/strong><span class=\"ez-toc-section-end\"><\/span><\/h2>\n<p class=\"\" data-start=\"856\" data-end=\"894\">Vitamina K este indispensabil\u0103 pentru:<\/p>\n<ul data-start=\"895\" data-end=\"1097\">\n<li class=\"\" data-start=\"895\" data-end=\"952\">\n<p class=\"\" data-start=\"897\" data-end=\"952\"><strong data-start=\"897\" data-end=\"920\">Coagularea s\u00e2ngelui<\/strong> \u2013 previne s\u00e2nger\u0103rile excesive.<\/p>\n<\/li>\n<li class=\"\" data-start=\"953\" data-end=\"1097\">\n<p class=\"\" data-start=\"955\" data-end=\"1097\"><strong data-start=\"955\" data-end=\"1000\">Activarea proteinelor osteocalcina \u0219i MGP<\/strong> \u2013 implicate \u00een <strong data-start=\"1016\" data-end=\"1040\">mineralizarea osoas\u0103<\/strong> \u0219i <strong data-start=\"1044\" data-end=\"1074\">protec\u021bia vaselor de s\u00e2nge<\/strong> \u00eempotriva calcifierii.<\/p>\n<\/li>\n<\/ul>\n<p>Pu\u021bin mai pe larg, vitamina K este important\u0103 pentru:<\/p>\n<ul>\n<li data-start=\"127\" data-end=\"180\"><strong data-start=\"137\" data-end=\"180\">Coagularea s\u00e2ngelui (rol clasic, vital)<\/strong>\n<ul>\n<li class=\"\" data-start=\"181\" data-end=\"240\">\n<p class=\"\" data-start=\"183\" data-end=\"240\">Activeaz\u0103 factori de coagulare (II, VII, IX, X) \u00een ficat.<\/p>\n<\/li>\n<li class=\"\" data-start=\"241\" data-end=\"287\">\n<p class=\"\" data-start=\"243\" data-end=\"287\">Previne hemoragiile \u0219i s\u00e2nger\u0103rile excesive.<\/p>\n<\/li>\n<li class=\"\" data-start=\"288\" data-end=\"359\">\n<p class=\"\" data-start=\"290\" data-end=\"359\">Esen\u021bial\u0103 la nou-n\u0103scu\u021bi, care se nasc cu un nivel fiziologic sc\u0103zut.<\/p>\n<\/li>\n<\/ul>\n<\/li>\n<li data-start=\"366\" data-end=\"397\"><strong data-start=\"376\" data-end=\"397\">Metabolismul osos<\/strong>\n<ul>\n<li class=\"\" data-start=\"398\" data-end=\"480\">\n<p class=\"\" data-start=\"400\" data-end=\"480\">Activeaz\u0103 <strong data-start=\"410\" data-end=\"426\">osteocalcina<\/strong> \u2013 o protein\u0103 care fixeaz\u0103 calciul \u00een matricea osoas\u0103.<\/p>\n<\/li>\n<li class=\"\" data-start=\"481\" data-end=\"533\">\n<p class=\"\" data-start=\"483\" data-end=\"533\">Ajut\u0103 la formarea \u0219i men\u021binerea densit\u0103\u021bii osoase.<\/p>\n<\/li>\n<li class=\"\" data-start=\"534\" data-end=\"621\">\n<p class=\"\" data-start=\"536\" data-end=\"621\">Scade riscul de osteoporoz\u0103 \u0219i fracturi, mai ales la v\u00e2rstnici \u0219i femei \u00een menopauz\u0103.<\/p>\n<\/li>\n<\/ul>\n<\/li>\n<li data-start=\"628\" data-end=\"667\"><strong data-start=\"638\" data-end=\"667\">S\u0103n\u0103tatea cardiovascular\u0103<\/strong>\n<ul>\n<li class=\"\" data-start=\"668\" data-end=\"755\">\n<p class=\"\" data-start=\"670\" data-end=\"755\">Activeaz\u0103 <strong data-start=\"680\" data-end=\"708\">MGP (Matrix Gla Protein)<\/strong> \u2013 inhibitor natural al calcific\u0103rii arteriale.<\/p>\n<\/li>\n<li class=\"\" data-start=\"756\" data-end=\"806\">\n<p class=\"\" data-start=\"758\" data-end=\"806\">Previne depunerile de calciu \u00een artere \u0219i valve.<\/p>\n<\/li>\n<li class=\"\" data-start=\"807\" data-end=\"866\">\n<p class=\"\" data-start=\"809\" data-end=\"866\">Reduce riscul de arterioscleroz\u0103 \u0219i rigidizare vascular\u0103.<\/p>\n<\/li>\n<\/ul>\n<\/li>\n<li data-start=\"873\" data-end=\"942\"><strong data-start=\"883\" data-end=\"942\">Func\u021bia neuronal\u0103 \u0219i protec\u021bia cerebral\u0103 (rol emergent)<\/strong>\n<ul>\n<li class=\"\" data-start=\"943\" data-end=\"1009\">\n<p class=\"\" data-start=\"945\" data-end=\"1009\">Particip\u0103 la sinteza unor lipide specifice din teaca de mielin\u0103.<\/p>\n<\/li>\n<li class=\"\" data-start=\"1010\" data-end=\"1112\">\n<p class=\"\" data-start=\"1012\" data-end=\"1112\">Poate avea efect neuroprotector \u00een boli degenerative (Alzheimer, Parkinson \u2013 studii \u00een desf\u0103\u0219urare).<\/p>\n<\/li>\n<\/ul>\n<\/li>\n<li data-start=\"1325\" data-end=\"1372\"><strong data-start=\"1335\" data-end=\"1372\">Rol antimicrobian (\u00een special K2)<\/strong>\n<ul>\n<li class=\"\" data-start=\"1373\" data-end=\"1472\">\n<p class=\"\" data-start=\"1375\" data-end=\"1472\">Studiile recente indic\u0103 efecte sinergice cu sistemul imun \u0219i activitate antimicrobian\u0103 indirect\u0103.<\/p>\n<\/li>\n<\/ul>\n<\/li>\n<li data-start=\"1479\" data-end=\"1524\"><strong data-start=\"1489\" data-end=\"1524\">Detoxifiere \u0219i func\u021bie hepatic\u0103<\/strong>\n<ul>\n<li class=\"\" data-start=\"1525\" data-end=\"1582\">\n<p class=\"\" data-start=\"1527\" data-end=\"1582\">Particip\u0103 indirect la procesele de regenerare hepatic\u0103.<\/p>\n<\/li>\n<li class=\"\" data-start=\"1583\" data-end=\"1665\">\n<p class=\"\" data-start=\"1585\" data-end=\"1665\">Contribuie la sinteza proteinelor implicate \u00een reglarea proceselor inflamatorii.<\/p>\n<\/li>\n<\/ul>\n<\/li>\n<\/ul>\n<h2 data-start=\"1099\" data-end=\"1170\"><span class=\"ez-toc-section\" id=\"Vitamina_K_alaturi_de_Vitamina_D_echipa_pentru_sanatatea_oaselor_si_inimii\"><\/span><strong>Vitamina K al\u0103turi de Vitamina D = echip\u0103 pentru s\u0103n\u0103tatea oaselor \u0219i inimii<\/strong><span class=\"ez-toc-section-end\"><\/span><\/h2>\n<p class=\"\" data-start=\"1172\" data-end=\"1342\">Atunci c\u00e2nd \u00ee\u021bi administrezi vitamina D, este extrem de important\u0103 administrarea concomitent\u0103 a vitaminei K. O s\u0103 \u00een\u021belegi imediat de ce?<\/p>\n<p class=\"\" data-start=\"1172\" data-end=\"1342\">Vitamina D ajut\u0103 la absorb\u021bia calciului din intestin, \u00eens\u0103 <strong data-start=\"1231\" data-end=\"1269\">calciul trebuie direc\u021bionat corect<\/strong>: c\u0103tre <strong>oase<\/strong>, nu c\u0103tre vasele de s\u00e2nge. Aici intervine vitamina K2, care:<\/p>\n<ul data-start=\"1343\" data-end=\"1515\">\n<li class=\"\" data-start=\"1343\" data-end=\"1408\">\n<p class=\"\" data-start=\"1345\" data-end=\"1408\"><strong data-start=\"1345\" data-end=\"1371\">Activeaz\u0103 osteocalcina<\/strong> \u2013 pentru a \u201eprinde\u201d calciul \u00een oase.<\/p>\n<\/li>\n<li class=\"\" data-start=\"1409\" data-end=\"1515\">\n<p class=\"\" data-start=\"1411\" data-end=\"1515\"><strong data-start=\"1411\" data-end=\"1449\">Activeaz\u0103 MGP (matrix Gla protein)<\/strong> \u2013 care \u00eempiedic\u0103 depunerea calciului pe artere \u0219i valve cardiace.<\/p>\n<\/li>\n<\/ul>\n<blockquote>\n<p class=\"\" data-start=\"1517\" data-end=\"1699\"><strong>F\u0103r\u0103 suficient\u0103 vitamina K<\/strong>, calciul mobilizat de vitamina D poate ajunge \u00een locuri gre\u0219ite, contribuind la <strong data-start=\"1624\" data-end=\"1681\">arterioscleroz\u0103, hipertensiune, calcific\u0103ri arteriale<\/strong> \u0219i chiar infarct miocardic.<\/p>\n<\/blockquote>\n<h3><span class=\"ez-toc-section\" id=\"Sistemul_osos_calciu_da_dar_cu_directie_si_neaparat_vitamina_K\"><\/span><strong>Sistemul osos: calciu da, dar cu direc\u021bie \u0219i neap\u0103rat vitamina K<\/strong><span class=\"ez-toc-section-end\"><\/span><\/h3>\n<p class=\"\" data-start=\"1748\" data-end=\"1819\">Studiile au demonstrat c\u0103 persoanele cu aport sc\u0103zut de vitamina K2 au:<\/p>\n<ul data-start=\"1820\" data-end=\"1925\">\n<li class=\"\" data-start=\"1820\" data-end=\"1850\">\n<p class=\"\" data-start=\"1822\" data-end=\"1850\">o densitate osoas\u0103 mai mic\u0103,<\/p>\n<\/li>\n<li class=\"\" data-start=\"1851\" data-end=\"1881\">\n<p class=\"\" data-start=\"1853\" data-end=\"1881\">un risc crescut de fracturi,<\/p>\n<\/li>\n<li class=\"\" data-start=\"1882\" data-end=\"1925\">\n<p class=\"\" data-start=\"1884\" data-end=\"1925\">\u0219i o progresie mai rapid\u0103 a osteoporozei.<\/p>\n<\/li>\n<\/ul>\n<p class=\"\" data-start=\"1927\" data-end=\"2114\">Vitamina K2 este una dintre cele mai eficiente solu\u021bii naturale de <strong data-start=\"1994\" data-end=\"2033\">activare a metabolismului calciului<\/strong> \u00een favoarea oaselor \u2013 mai ales \u00een contextul v\u00e2rstei, sarcinii sau al menopauzei.<\/p>\n<h3 class=\"\" data-start=\"2116\" data-end=\"2172\"><span class=\"ez-toc-section\" id=\"Sistemul_cardiovascular_calcifierea_nu_este_normala\"><\/span><strong>Sistemul cardiovascular: calcifierea nu este normal\u0103<\/strong><span class=\"ez-toc-section-end\"><\/span><\/h3>\n<p class=\"\" data-start=\"2174\" data-end=\"2515\">Un sistem cardiovascular s\u0103n\u0103tos presupune <strong data-start=\"2217\" data-end=\"2247\">artere flexibile \u0219i curate<\/strong>. F\u0103r\u0103 vitamina K2, calciul poate fi depozitat exact acolo unde NU trebuie: pe pere\u021bii vaselor. Acest proces este t\u0103cut, lent \u0219i periculos. Studiile arat\u0103 c\u0103 un aport optim de <strong>vitamina K2<\/strong> poate reduce semnificativ riscul cardiovascular \u0219i poate \u00eencetini \u00eemb\u0103tr\u00e2nirea arterial\u0103.<\/p>\n<h2 class=\"\" data-start=\"2522\" data-end=\"2595\"><span class=\"ez-toc-section\" id=\"Administrare_vitaminei_K_la_nastere_este_benefica_sau_nu\"><\/span><strong>Administrare vitaminei K la na\u0219tere este benefic\u0103 sau nu?<\/strong><span class=\"ez-toc-section-end\"><\/span><\/h2>\n<blockquote>\n<p class=\"\" data-start=\"2597\" data-end=\"2651\">\ud83d\udca1 <strong data-start=\"2600\" data-end=\"2651\">Bebelu\u0219ii se nasc cu vitamina K sc\u0103zut\u0103 pentru un motiv!\u00a0<\/strong>Natura nu gre\u0219e\u0219te.<\/p>\n<\/blockquote>\n<p class=\"\" data-start=\"2653\" data-end=\"2950\">La na\u0219tere, s\u00e2ngele din cordonul ombilical este bogat \u00een <strong data-start=\"2710\" data-end=\"2725\">celule stem<\/strong>, preg\u0103tite s\u0103 repare orice zon\u0103 afectat\u0103 \u00een timpul travaliului. Dac\u0103 <a href=\"https:\/\/minuneanaturii.ro\/blog\/legitatea-134-bebelusul-vindeca-mama\"><strong>bebelu\u0219ii<\/strong> <\/a>ar avea un nivel ridicat de vitamina K, s\u00e2ngele s-ar coagula rapid, iar aceste celule stem <strong data-start=\"2896\" data-end=\"2949\">n-ar mai putea ajunge eficient la zonele afectate<\/strong>.<\/p>\n<p class=\"\" data-start=\"2952\" data-end=\"3073\">A\u0219adar,<strong> nivelul sc\u0103zut de vitamina K<\/strong> la na\u0219tere NU este o gre\u0219eal\u0103 \u2013 ci o <strong>adaptare biologic\u0103 genial\u0103 pentru vindecare<\/strong>!<\/p>\n<p class=\"\" data-start=\"3075\" data-end=\"3276\">Acesta este \u0219i unul dintre motivele pentru care <strong data-start=\"3126\" data-end=\"3196\">t\u0103ierea \u00eent\u00e2rziat\u0103 a cordonului ombilical este at\u00e2t de important\u0103<\/strong> \u2013 ofer\u0103 timp pentru transferul complet al s\u00e2ngelui, inclusiv al celulelor stem.<\/p>\n<p class=\"\" data-start=\"3278\" data-end=\"3517\">\u00cen plus, colostrul \u2013 \u201eaurul lichid\u201d al primelor zile de al\u0103ptare \u2013 con\u021bine <strong data-start=\"3356\" data-end=\"3397\">o concentra\u021bie mai mare de vitamina K<\/strong> dec\u00e2t laptele matern matur. Din nou, nu e \u00eent\u00e2mpl\u0103tor: natura ofer\u0103 exact ce are nevoie bebelu\u0219ul \u00een momentul potrivit.<\/p>\n<hr \/>\n<p data-start=\"3278\" data-end=\"3517\"><em>De\u0219i nivelul sc\u0103zut de vitamina K la nou-n\u0103scu\u021bi este un fenomen fiziologic natural, adaptat procesului na\u0219terii, orice decizie privind administrarea sau nu a acesteia trebuie luat\u0103 \u00eempreun\u0103 cu medicul, \u021bin\u00e2nd cont de contextul medical individual, modul \u00een care se desf\u0103\u0219oar\u0103 na\u0219terea \u0219i perioada imediat\u0103 post partum, precum \u0219i de op\u021biunile informate ale p\u0103rin\u021bilor.<\/em><\/p>\n<hr \/>\n<h2 class=\"\" data-start=\"3524\" data-end=\"3560\"><span class=\"ez-toc-section\" id=\"Cum_ne_asiguram_de_aportul_optim_de_vitamina_K\"><\/span><strong>Cum ne asigur\u0103m de aportul optim de vitamina K?<\/strong><span class=\"ez-toc-section-end\"><\/span><\/h2>\n<p>\u00cen primul r\u00e2nd aportul de vitamina K este important din alimenta\u021bie iar dac\u0103 nu, este necesar s\u0103-l lu\u0103m din <a href=\"https:\/\/www.minuneanaturii.ro\/vitamina-k\"><strong>suplimente cu vitamina K<\/strong><\/a>.<\/p>\n<ul data-start=\"3562\" data-end=\"3948\">\n<li class=\"\" data-start=\"3562\" data-end=\"3628\">\n<p class=\"\" data-start=\"3564\" data-end=\"3628\">Consum\u0103 <strong data-start=\"3572\" data-end=\"3591\">verde\u021buri crude<\/strong> (<a href=\"https:\/\/minuneanaturii.ro\/blog\/frunzele-de-patrunjel-super-alimentul-ignorat-ce-reduce-inflamatia-cerebrala-si-sustine-sanatatea-legitatea-594\"><strong>p\u0103trunjel<\/strong><\/a>, kale, spanac) pentru K1.<\/p>\n<\/li>\n<li class=\"\" data-start=\"3629\" data-end=\"3709\">\n<p class=\"\" data-start=\"3631\" data-end=\"3709\">Include <strong data-start=\"3639\" data-end=\"3662\">alimente fermentate<\/strong>, ficat de pas\u0103re sau <a href=\"https:\/\/minuneanaturii.ro\/blog\/ouale-o-sursa-nutritiva-complexa-beneficii-riscuri-si-moduri-optime-de-consum\"><strong>g\u0103lbenu\u0219 de ou<\/strong><\/a> pentru K2.<\/p>\n<\/li>\n<li class=\"\" data-start=\"3710\" data-end=\"3858\">\n<p class=\"\" data-start=\"3712\" data-end=\"3858\">\u00cen anumite situa\u021bii (suplimentare cu vitamina D, osteoporoz\u0103, risc cardiovascular, v\u00e2rst\u0103 \u00eenaintat\u0103), <a href=\"https:\/\/www.minuneanaturii.ro\/cautare\/k2-mk7\"><strong data-start=\"3814\" data-end=\"3840\">suplimentele de K2-MK7<\/strong><\/a> pot fi esen\u021biale.<\/p>\n<\/li>\n<li class=\"\" data-start=\"3859\" data-end=\"3948\">\n<p class=\"\" data-start=\"3861\" data-end=\"3948\"><strong data-start=\"3861\" data-end=\"3906\">Nu suplimenta vitamina D f\u0103r\u0103 vitamina K2<\/strong> dac\u0103 aportul alimentar nu este suficient.<\/p>\n<\/li>\n<\/ul>\n<hr class=\"\" data-start=\"3950\" data-end=\"3953\" \/>\n<p class=\"\" data-start=\"3969\" data-end=\"4324\">Vitamina K este unul dintre \u201e<strong>regizorii<\/strong>\u201d t\u0103cu\u021bi ai s\u0103n\u0103t\u0103\u021bii noastre. Ne ajut\u0103 s\u0103 folosim calciul corect, s\u0103 ne p\u0103str\u0103m oasele puternice \u0219i inima liber\u0103 de depuneri. \u00cen\u021belepciunea corpului uman \u2013 \u00eenc\u0103 de la na\u0219tere \u2013 ne arat\u0103 c\u00e2t de perfect este designul natural. Iar noi, \u00een loc s\u0103 intervenim brutal, putem \u00eenv\u0103\u021ba s\u0103-l sprijinim cu bl\u00e2nde\u021be \u0219i cunoa\u0219tere.<\/p>\n<p data-start=\"3969\" data-end=\"4324\"><em>Bucuros s\u0103 te \u0219tiu s\u0103n\u0103tos,<\/em><\/p>\n<p data-start=\"3969\" data-end=\"4324\"><strong>Farm. Adrian Ienin<\/strong><\/p>\n<hr \/>\n<p data-start=\"3969\" data-end=\"4324\">Referinte:<\/p>\n<p data-start=\"3969\" data-end=\"4324\">&#8211; https:\/\/ods.od.nih.gov\/factsheets\/VitaminK-HealthProfessional\/<br \/>\n&#8211; https:\/\/pmc.ncbi.nlm.nih.gov\/articles\/PMC8907489\/<br \/>\n&#8211; https:\/\/www.sciencedirect.com\/science\/article\/pii\/S2161831322009851<br \/>\n&#8211; https:\/\/www.clinicaladvisor.com\/news\/refusal-vitamin-k-newborns\/<br \/>\n&#8211; https:\/\/birthspirit.com\/wp-content\/uploads\/2014\/03\/Vitamin-K-for-Newborns.pdf<\/p>\n","protected":false},"excerpt":{"rendered":"<p>C\u00e2nd ne g\u00e2ndim la vitaminele esen\u021biale pentru s\u0103n\u0103tate, cele mai populare r\u0103m\u00e2n vitamina A, vitamina C, vitamina D sau vitamina B12. Dar vitamina K, de\u0219i adesea uitat\u0103, joac\u0103 un rol vital \u00een echilibrul organismului, \u00een special \u00een s\u0103n\u0103tatea sistemului osos \u0219i cardiovascular. Iar c\u00e2nd este administrat\u0103 \u00eempreun\u0103 cu vitamina D, beneficiile se multiplic\u0103. Ce este &#8230;<\/p>\n","protected":false},"author":101011,"featured_media":8835,"comment_status":"open","ping_status":"closed","sticky":false,"template":"","format":"standard","meta":{"_jetpack_memberships_contains_paid_content":false,"footnotes":""},"categories":[9,11,414,5],"tags":[],"class_list":["post-8833","post","type-post","status-publish","format-standard","has-post-thumbnail","hentry","category-nutritie-si-alimentatie-sanatoasa","category-recomandari","category-sanatate","category-sfaturi-utile-tips-and-tricks"],"yoast_head":"<!-- This site is optimized with the Yoast SEO plugin v28.2 - https:\/\/yoast.com\/product\/yoast-seo-wordpress\/ -->\n<title>Vitamina K \u2013 esen\u021bial\u0103 pentru oase, inim\u0103 \u0219i via\u021b\u0103, dar nu \u0219i la na\u0219tere - minuneanaturii.ro<\/title>\n<meta name=\"robots\" content=\"index, follow, max-snippet:-1, max-image-preview:large, max-video-preview:-1\" \/>\n<meta property=\"og:locale\" content=\"ro_RO\" \/>\n<meta property=\"og:type\" content=\"article\" \/>\n<meta property=\"og:title\" content=\"Vitamina K \u2013 esen\u021bial\u0103 pentru oase, inim\u0103 \u0219i via\u021b\u0103, dar nu \u0219i la na\u0219tere - Blogul Minunea Naturii\" \/>\n<meta property=\"og:description\" content=\"C\u00e2nd ne g\u00e2ndim la vitaminele esen\u021biale pentru s\u0103n\u0103tate, cele mai populare r\u0103m\u00e2n vitamina A, vitamina C, vitamina D sau vitamina B12. Dar vitamina K, de\u0219i adesea uitat\u0103, joac\u0103 \u2026\" \/>\n<meta property=\"og:url\" content=\"https:\/\/minuneanaturii.ro\/blog\/vitamina-k-esentiala-pentru-oase-inima-si-viata-dar-nu-si-la-nastere\" \/>\n<meta property=\"og:site_name\" content=\"Blogul Minunea Naturii\" \/>\n<meta property=\"article:author\" content=\"https:\/\/www.facebook.com\/minuneanaturii\/\" \/>\n<meta property=\"article:published_time\" content=\"2025-05-07T03:59:00+00:00\" \/>\n<meta property=\"article:modified_time\" content=\"2025-05-07T12:23:38+00:00\" \/>\n<meta property=\"og:image\" content=\"https:\/\/minuneanaturii.ro\/blog\/wp-content\/uploads\/2025\/05\/Vitamina-K-1024x683.png\" \/>\n\t<meta property=\"og:image:width\" content=\"1024\" \/>\n\t<meta property=\"og:image:height\" content=\"683\" \/>\n\t<meta property=\"og:image:type\" content=\"image\/png\" \/>\n<meta name=\"author\" content=\"Farm. Anca si Adrian Ienin\" \/>\n<meta name=\"twitter:card\" content=\"summary_large_image\" \/>\n<meta name=\"twitter:label1\" content=\"Scris de\" \/>\n\t<meta name=\"twitter:data1\" content=\"Farm. Anca si Adrian Ienin\" \/>\n\t<meta name=\"twitter:label2\" content=\"Timp estimat pentru citire\" \/>\n\t<meta name=\"twitter:data2\" content=\"5 minute\" \/>\n<script type=\"application\/ld+json\" class=\"yoast-schema-graph\">{\"@context\":\"https:\\\/\\\/schema.org\",\"@graph\":[{\"@type\":\"Article\",\"@id\":\"https:\\\/\\\/minuneanaturii.ro\\\/blog\\\/vitamina-k-esentiala-pentru-oase-inima-si-viata-dar-nu-si-la-nastere#article\",\"isPartOf\":{\"@id\":\"https:\\\/\\\/minuneanaturii.ro\\\/blog\\\/vitamina-k-esentiala-pentru-oase-inima-si-viata-dar-nu-si-la-nastere\"},\"author\":{\"name\":\"Farm. Anca si Adrian Ienin\",\"@id\":\"https:\\\/\\\/minuneanaturii.ro\\\/blog\\\/#\\\/schema\\\/person\\\/f2d61b0d1b99f774c2026e5355657712\"},\"headline\":\"Vitamina K \u2013 esen\u021bial\u0103 pentru oase, inim\u0103 \u0219i via\u021b\u0103, dar nu \u0219i la na\u0219tere\",\"datePublished\":\"2025-05-07T03:59:00+00:00\",\"dateModified\":\"2025-05-07T12:23:38+00:00\",\"mainEntityOfPage\":{\"@id\":\"https:\\\/\\\/minuneanaturii.ro\\\/blog\\\/vitamina-k-esentiala-pentru-oase-inima-si-viata-dar-nu-si-la-nastere\"},\"wordCount\":1060,\"commentCount\":0,\"image\":{\"@id\":\"https:\\\/\\\/minuneanaturii.ro\\\/blog\\\/vitamina-k-esentiala-pentru-oase-inima-si-viata-dar-nu-si-la-nastere#primaryimage\"},\"thumbnailUrl\":\"https:\\\/\\\/i0.wp.com\\\/minuneanaturii.ro\\\/blog\\\/wp-content\\\/uploads\\\/2025\\\/05\\\/Vitamina-K.png?fit=1536%2C1024&ssl=1\",\"articleSection\":[\"Nutritie si alimentatie sanatoasa\",\"Recomandari\",\"Sanatate\",\"Sfaturi utile - Tips and Tricks\"],\"inLanguage\":\"ro-RO\",\"potentialAction\":[{\"@type\":\"CommentAction\",\"name\":\"Comment\",\"target\":[\"https:\\\/\\\/minuneanaturii.ro\\\/blog\\\/vitamina-k-esentiala-pentru-oase-inima-si-viata-dar-nu-si-la-nastere#respond\"]}]},{\"@type\":\"WebPage\",\"@id\":\"https:\\\/\\\/minuneanaturii.ro\\\/blog\\\/vitamina-k-esentiala-pentru-oase-inima-si-viata-dar-nu-si-la-nastere\",\"url\":\"https:\\\/\\\/minuneanaturii.ro\\\/blog\\\/vitamina-k-esentiala-pentru-oase-inima-si-viata-dar-nu-si-la-nastere\",\"name\":\"Vitamina K \u2013 esen\u021bial\u0103 pentru oase, inim\u0103 \u0219i via\u021b\u0103, dar nu \u0219i la na\u0219tere - Blogul Minunea Naturii\",\"isPartOf\":{\"@id\":\"https:\\\/\\\/minuneanaturii.ro\\\/blog\\\/#website\"},\"primaryImageOfPage\":{\"@id\":\"https:\\\/\\\/minuneanaturii.ro\\\/blog\\\/vitamina-k-esentiala-pentru-oase-inima-si-viata-dar-nu-si-la-nastere#primaryimage\"},\"image\":{\"@id\":\"https:\\\/\\\/minuneanaturii.ro\\\/blog\\\/vitamina-k-esentiala-pentru-oase-inima-si-viata-dar-nu-si-la-nastere#primaryimage\"},\"thumbnailUrl\":\"https:\\\/\\\/i0.wp.com\\\/minuneanaturii.ro\\\/blog\\\/wp-content\\\/uploads\\\/2025\\\/05\\\/Vitamina-K.png?fit=1536%2C1024&ssl=1\",\"datePublished\":\"2025-05-07T03:59:00+00:00\",\"dateModified\":\"2025-05-07T12:23:38+00:00\",\"author\":{\"@id\":\"https:\\\/\\\/minuneanaturii.ro\\\/blog\\\/#\\\/schema\\\/person\\\/f2d61b0d1b99f774c2026e5355657712\"},\"breadcrumb\":{\"@id\":\"https:\\\/\\\/minuneanaturii.ro\\\/blog\\\/vitamina-k-esentiala-pentru-oase-inima-si-viata-dar-nu-si-la-nastere#breadcrumb\"},\"inLanguage\":\"ro-RO\",\"potentialAction\":[{\"@type\":\"ReadAction\",\"target\":[\"https:\\\/\\\/minuneanaturii.ro\\\/blog\\\/vitamina-k-esentiala-pentru-oase-inima-si-viata-dar-nu-si-la-nastere\"]}]},{\"@type\":\"ImageObject\",\"inLanguage\":\"ro-RO\",\"@id\":\"https:\\\/\\\/minuneanaturii.ro\\\/blog\\\/vitamina-k-esentiala-pentru-oase-inima-si-viata-dar-nu-si-la-nastere#primaryimage\",\"url\":\"https:\\\/\\\/i0.wp.com\\\/minuneanaturii.ro\\\/blog\\\/wp-content\\\/uploads\\\/2025\\\/05\\\/Vitamina-K.png?fit=1536%2C1024&ssl=1\",\"contentUrl\":\"https:\\\/\\\/i0.wp.com\\\/minuneanaturii.ro\\\/blog\\\/wp-content\\\/uploads\\\/2025\\\/05\\\/Vitamina-K.png?fit=1536%2C1024&ssl=1\",\"width\":1536,\"height\":1024},{\"@type\":\"BreadcrumbList\",\"@id\":\"https:\\\/\\\/minuneanaturii.ro\\\/blog\\\/vitamina-k-esentiala-pentru-oase-inima-si-viata-dar-nu-si-la-nastere#breadcrumb\",\"itemListElement\":[{\"@type\":\"ListItem\",\"position\":1,\"name\":\"Prima pagin\u0103\",\"item\":\"https:\\\/\\\/minuneanaturii.ro\\\/blog\\\/\"},{\"@type\":\"ListItem\",\"position\":2,\"name\":\"Vitamina K \u2013 esen\u021bial\u0103 pentru oase, inim\u0103 \u0219i via\u021b\u0103, dar nu \u0219i la na\u0219tere\"}]},{\"@type\":\"WebSite\",\"@id\":\"https:\\\/\\\/minuneanaturii.ro\\\/blog\\\/#website\",\"url\":\"https:\\\/\\\/minuneanaturii.ro\\\/blog\\\/\",\"name\":\"Blogul Minunea Naturii\",\"description\":\"informatii utile despre sanatate, alimentatie si tratemnte holistice\",\"potentialAction\":[{\"@type\":\"SearchAction\",\"target\":{\"@type\":\"EntryPoint\",\"urlTemplate\":\"https:\\\/\\\/minuneanaturii.ro\\\/blog\\\/?s={search_term_string}\"},\"query-input\":{\"@type\":\"PropertyValueSpecification\",\"valueRequired\":true,\"valueName\":\"search_term_string\"}}],\"inLanguage\":\"ro-RO\"},{\"@type\":\"Person\",\"@id\":\"https:\\\/\\\/minuneanaturii.ro\\\/blog\\\/#\\\/schema\\\/person\\\/f2d61b0d1b99f774c2026e5355657712\",\"name\":\"Farm. Anca si Adrian Ienin\",\"image\":{\"@type\":\"ImageObject\",\"inLanguage\":\"ro-RO\",\"@id\":\"https:\\\/\\\/secure.gravatar.com\\\/avatar\\\/ad4ecb84085c66eae03365f7a2f872d8fee2056710d75b48754261be4b5f8abd?s=96&d=mm&r=g\",\"url\":\"https:\\\/\\\/secure.gravatar.com\\\/avatar\\\/ad4ecb84085c66eae03365f7a2f872d8fee2056710d75b48754261be4b5f8abd?s=96&d=mm&r=g\",\"contentUrl\":\"https:\\\/\\\/secure.gravatar.com\\\/avatar\\\/ad4ecb84085c66eae03365f7a2f872d8fee2056710d75b48754261be4b5f8abd?s=96&d=mm&r=g\",\"caption\":\"Farm. Anca si Adrian Ienin\"},\"description\":\"Anca si Adrian Ienin, farmacisti naturopati si fondatori ai conceptului Minunea Naturii. Au transformat pasiunea pentru alimentatie, stil de viata sanatos si tratamente naturale intr-un concept dedicat sanatatii depline. Scriu articole documentate de ultimele studii in domeniu si din experienta directa cu pacientii. Cred in exemplul propriu si integritate, astfel informatia furnizata este credibila si autentica. Farm. Anca \u0219i Adrian Ienin sunt co-fondatorii conceptului Minunea Naturii \u0219i promotori ai unei viziuni integrative asupra s\u0103n\u0103t\u0103\u021bii, \u00een care \u0219tiin\u021ba modern\u0103 se \u00eent\u00e2lne\u0219te cu \u00een\u021belepciunea tradi\u021bional\u0103. Cu o experien\u021b\u0103 de peste un deceniu \u00een domeniul terapiilor naturale, nutri\u021biei func\u021bionale \u0219i suplimentelor de calitate, cei doi autori ofer\u0103 informa\u021bii valoroase, bine documentate \u0219i orientate spre rezultate reale \u00een echilibrarea organismului. Prin articolele \u0219i proiectele lor educa\u021bionale, Anca \u0219i Adrian \u00eencurajeaz\u0103 oamenii s\u0103 \u00ee\u0219i asume responsabilitatea pentru propria s\u0103n\u0103tate, s\u0103 \u00ee\u0219i dezvolte discern\u0103m\u00e2ntul \u00een alegerea produselor naturale \u0219i s\u0103 adopte un stil de via\u021b\u0103 con\u0219tient, \u00een armonie cu ritmurile corpului \u0219i ale naturii. Articolele lor \u00eembin\u0103 rigoarea \u0219tiin\u021bific\u0103 cu empatia practic\u0103, av\u00e2nd la baz\u0103 at\u00e2t cuno\u0219tin\u021be academice, c\u00e2t \u0219i experien\u021b\u0103 direct\u0103 cu mii de clien\u021bi \u0219i pacien\u021bi. Viziunea lor este una clar\u0103: s\u0103n\u0103tatea nu se reduce la absen\u021ba bolii, ci este un proces activ de echilibru fizic, emo\u021bional, mental \u0219i spiritual \u2013 un drum spre vitalitate, autonomie \u0219i sens.\",\"sameAs\":[\"https:\\\/\\\/www.minuneanaturii.ro\",\"https:\\\/\\\/www.facebook.com\\\/minuneanaturii\\\/\",\"https:\\\/\\\/www.instagram.com\\\/minuneanaturii\\\/\",\"https:\\\/\\\/www.linkedin.com\\\/company\\\/minunea-naturii\",\"https:\\\/\\\/www.youtube.com\\\/@MinuneaNaturii\"],\"url\":\"https:\\\/\\\/minuneanaturii.ro\\\/blog\\\/author\\\/ancasiadrianienin\"}]}<\/script>\n<!-- \/ Yoast SEO plugin. -->","yoast_head_json":{"title":"Vitamina K \u2013 esen\u021bial\u0103 pentru oase, inim\u0103 \u0219i via\u021b\u0103, dar nu \u0219i la na\u0219tere - minuneanaturii.ro","robots":{"index":"index","follow":"follow","max-snippet":"max-snippet:-1","max-image-preview":"max-image-preview:large","max-video-preview":"max-video-preview:-1"},"og_locale":"ro_RO","og_type":"article","og_title":"Vitamina K \u2013 esen\u021bial\u0103 pentru oase, inim\u0103 \u0219i via\u021b\u0103, dar nu \u0219i la na\u0219tere - Blogul Minunea Naturii","og_description":"C\u00e2nd ne g\u00e2ndim la vitaminele esen\u021biale pentru s\u0103n\u0103tate, cele mai populare r\u0103m\u00e2n vitamina A, vitamina C, vitamina D sau vitamina B12. Dar vitamina K, de\u0219i adesea uitat\u0103, joac\u0103 \u2026","og_url":"https:\/\/minuneanaturii.ro\/blog\/vitamina-k-esentiala-pentru-oase-inima-si-viata-dar-nu-si-la-nastere","og_site_name":"Blogul Minunea Naturii","article_author":"https:\/\/www.facebook.com\/minuneanaturii\/","article_published_time":"2025-05-07T03:59:00+00:00","article_modified_time":"2025-05-07T12:23:38+00:00","og_image":[{"width":1024,"height":683,"url":"https:\/\/minuneanaturii.ro\/blog\/wp-content\/uploads\/2025\/05\/Vitamina-K-1024x683.png","type":"image\/png"}],"author":"Farm. Anca si Adrian Ienin","twitter_card":"summary_large_image","twitter_misc":{"Scris de":"Farm. Anca si Adrian Ienin","Timp estimat pentru citire":"5 minute"},"schema":{"@context":"https:\/\/schema.org","@graph":[{"@type":"Article","@id":"https:\/\/minuneanaturii.ro\/blog\/vitamina-k-esentiala-pentru-oase-inima-si-viata-dar-nu-si-la-nastere#article","isPartOf":{"@id":"https:\/\/minuneanaturii.ro\/blog\/vitamina-k-esentiala-pentru-oase-inima-si-viata-dar-nu-si-la-nastere"},"author":{"name":"Farm. Anca si Adrian Ienin","@id":"https:\/\/minuneanaturii.ro\/blog\/#\/schema\/person\/f2d61b0d1b99f774c2026e5355657712"},"headline":"Vitamina K \u2013 esen\u021bial\u0103 pentru oase, inim\u0103 \u0219i via\u021b\u0103, dar nu \u0219i la na\u0219tere","datePublished":"2025-05-07T03:59:00+00:00","dateModified":"2025-05-07T12:23:38+00:00","mainEntityOfPage":{"@id":"https:\/\/minuneanaturii.ro\/blog\/vitamina-k-esentiala-pentru-oase-inima-si-viata-dar-nu-si-la-nastere"},"wordCount":1060,"commentCount":0,"image":{"@id":"https:\/\/minuneanaturii.ro\/blog\/vitamina-k-esentiala-pentru-oase-inima-si-viata-dar-nu-si-la-nastere#primaryimage"},"thumbnailUrl":"https:\/\/i0.wp.com\/minuneanaturii.ro\/blog\/wp-content\/uploads\/2025\/05\/Vitamina-K.png?fit=1536%2C1024&ssl=1","articleSection":["Nutritie si alimentatie sanatoasa","Recomandari","Sanatate","Sfaturi utile - Tips and Tricks"],"inLanguage":"ro-RO","potentialAction":[{"@type":"CommentAction","name":"Comment","target":["https:\/\/minuneanaturii.ro\/blog\/vitamina-k-esentiala-pentru-oase-inima-si-viata-dar-nu-si-la-nastere#respond"]}]},{"@type":"WebPage","@id":"https:\/\/minuneanaturii.ro\/blog\/vitamina-k-esentiala-pentru-oase-inima-si-viata-dar-nu-si-la-nastere","url":"https:\/\/minuneanaturii.ro\/blog\/vitamina-k-esentiala-pentru-oase-inima-si-viata-dar-nu-si-la-nastere","name":"Vitamina K \u2013 esen\u021bial\u0103 pentru oase, inim\u0103 \u0219i via\u021b\u0103, dar nu \u0219i la na\u0219tere - Blogul Minunea Naturii","isPartOf":{"@id":"https:\/\/minuneanaturii.ro\/blog\/#website"},"primaryImageOfPage":{"@id":"https:\/\/minuneanaturii.ro\/blog\/vitamina-k-esentiala-pentru-oase-inima-si-viata-dar-nu-si-la-nastere#primaryimage"},"image":{"@id":"https:\/\/minuneanaturii.ro\/blog\/vitamina-k-esentiala-pentru-oase-inima-si-viata-dar-nu-si-la-nastere#primaryimage"},"thumbnailUrl":"https:\/\/i0.wp.com\/minuneanaturii.ro\/blog\/wp-content\/uploads\/2025\/05\/Vitamina-K.png?fit=1536%2C1024&ssl=1","datePublished":"2025-05-07T03:59:00+00:00","dateModified":"2025-05-07T12:23:38+00:00","author":{"@id":"https:\/\/minuneanaturii.ro\/blog\/#\/schema\/person\/f2d61b0d1b99f774c2026e5355657712"},"breadcrumb":{"@id":"https:\/\/minuneanaturii.ro\/blog\/vitamina-k-esentiala-pentru-oase-inima-si-viata-dar-nu-si-la-nastere#breadcrumb"},"inLanguage":"ro-RO","potentialAction":[{"@type":"ReadAction","target":["https:\/\/minuneanaturii.ro\/blog\/vitamina-k-esentiala-pentru-oase-inima-si-viata-dar-nu-si-la-nastere"]}]},{"@type":"ImageObject","inLanguage":"ro-RO","@id":"https:\/\/minuneanaturii.ro\/blog\/vitamina-k-esentiala-pentru-oase-inima-si-viata-dar-nu-si-la-nastere#primaryimage","url":"https:\/\/i0.wp.com\/minuneanaturii.ro\/blog\/wp-content\/uploads\/2025\/05\/Vitamina-K.png?fit=1536%2C1024&ssl=1","contentUrl":"https:\/\/i0.wp.com\/minuneanaturii.ro\/blog\/wp-content\/uploads\/2025\/05\/Vitamina-K.png?fit=1536%2C1024&ssl=1","width":1536,"height":1024},{"@type":"BreadcrumbList","@id":"https:\/\/minuneanaturii.ro\/blog\/vitamina-k-esentiala-pentru-oase-inima-si-viata-dar-nu-si-la-nastere#breadcrumb","itemListElement":[{"@type":"ListItem","position":1,"name":"Prima pagin\u0103","item":"https:\/\/minuneanaturii.ro\/blog\/"},{"@type":"ListItem","position":2,"name":"Vitamina K \u2013 esen\u021bial\u0103 pentru oase, inim\u0103 \u0219i via\u021b\u0103, dar nu \u0219i la na\u0219tere"}]},{"@type":"WebSite","@id":"https:\/\/minuneanaturii.ro\/blog\/#website","url":"https:\/\/minuneanaturii.ro\/blog\/","name":"Blogul Minunea Naturii","description":"informatii utile despre sanatate, alimentatie si tratemnte holistice","potentialAction":[{"@type":"SearchAction","target":{"@type":"EntryPoint","urlTemplate":"https:\/\/minuneanaturii.ro\/blog\/?s={search_term_string}"},"query-input":{"@type":"PropertyValueSpecification","valueRequired":true,"valueName":"search_term_string"}}],"inLanguage":"ro-RO"},{"@type":"Person","@id":"https:\/\/minuneanaturii.ro\/blog\/#\/schema\/person\/f2d61b0d1b99f774c2026e5355657712","name":"Farm. Anca si Adrian Ienin","image":{"@type":"ImageObject","inLanguage":"ro-RO","@id":"https:\/\/secure.gravatar.com\/avatar\/ad4ecb84085c66eae03365f7a2f872d8fee2056710d75b48754261be4b5f8abd?s=96&d=mm&r=g","url":"https:\/\/secure.gravatar.com\/avatar\/ad4ecb84085c66eae03365f7a2f872d8fee2056710d75b48754261be4b5f8abd?s=96&d=mm&r=g","contentUrl":"https:\/\/secure.gravatar.com\/avatar\/ad4ecb84085c66eae03365f7a2f872d8fee2056710d75b48754261be4b5f8abd?s=96&d=mm&r=g","caption":"Farm. Anca si Adrian Ienin"},"description":"Anca si Adrian Ienin, farmacisti naturopati si fondatori ai conceptului Minunea Naturii. Au transformat pasiunea pentru alimentatie, stil de viata sanatos si tratamente naturale intr-un concept dedicat sanatatii depline. Scriu articole documentate de ultimele studii in domeniu si din experienta directa cu pacientii. Cred in exemplul propriu si integritate, astfel informatia furnizata este credibila si autentica. Farm. Anca \u0219i Adrian Ienin sunt co-fondatorii conceptului Minunea Naturii \u0219i promotori ai unei viziuni integrative asupra s\u0103n\u0103t\u0103\u021bii, \u00een care \u0219tiin\u021ba modern\u0103 se \u00eent\u00e2lne\u0219te cu \u00een\u021belepciunea tradi\u021bional\u0103. Cu o experien\u021b\u0103 de peste un deceniu \u00een domeniul terapiilor naturale, nutri\u021biei func\u021bionale \u0219i suplimentelor de calitate, cei doi autori ofer\u0103 informa\u021bii valoroase, bine documentate \u0219i orientate spre rezultate reale \u00een echilibrarea organismului. Prin articolele \u0219i proiectele lor educa\u021bionale, Anca \u0219i Adrian \u00eencurajeaz\u0103 oamenii s\u0103 \u00ee\u0219i asume responsabilitatea pentru propria s\u0103n\u0103tate, s\u0103 \u00ee\u0219i dezvolte discern\u0103m\u00e2ntul \u00een alegerea produselor naturale \u0219i s\u0103 adopte un stil de via\u021b\u0103 con\u0219tient, \u00een armonie cu ritmurile corpului \u0219i ale naturii. Articolele lor \u00eembin\u0103 rigoarea \u0219tiin\u021bific\u0103 cu empatia practic\u0103, av\u00e2nd la baz\u0103 at\u00e2t cuno\u0219tin\u021be academice, c\u00e2t \u0219i experien\u021b\u0103 direct\u0103 cu mii de clien\u021bi \u0219i pacien\u021bi. Viziunea lor este una clar\u0103: s\u0103n\u0103tatea nu se reduce la absen\u021ba bolii, ci este un proces activ de echilibru fizic, emo\u021bional, mental \u0219i spiritual \u2013 un drum spre vitalitate, autonomie \u0219i sens.","sameAs":["https:\/\/www.minuneanaturii.ro","https:\/\/www.facebook.com\/minuneanaturii\/","https:\/\/www.instagram.com\/minuneanaturii\/","https:\/\/www.linkedin.com\/company\/minunea-naturii","https:\/\/www.youtube.com\/@MinuneaNaturii"],"url":"https:\/\/minuneanaturii.ro\/blog\/author\/ancasiadrianienin"}]}},"jetpack_featured_media_url":"https:\/\/i0.wp.com\/minuneanaturii.ro\/blog\/wp-content\/uploads\/2025\/05\/Vitamina-K.png?fit=1536%2C1024&ssl=1","jetpack_sharing_enabled":true,"_links":{"self":[{"href":"https:\/\/minuneanaturii.ro\/blog\/wp-json\/wp\/v2\/posts\/8833","targetHints":{"allow":["GET"]}}],"collection":[{"href":"https:\/\/minuneanaturii.ro\/blog\/wp-json\/wp\/v2\/posts"}],"about":[{"href":"https:\/\/minuneanaturii.ro\/blog\/wp-json\/wp\/v2\/types\/post"}],"author":[{"embeddable":true,"href":"https:\/\/minuneanaturii.ro\/blog\/wp-json\/wp\/v2\/users\/101011"}],"replies":[{"embeddable":true,"href":"https:\/\/minuneanaturii.ro\/blog\/wp-json\/wp\/v2\/comments?post=8833"}],"version-history":[{"count":4,"href":"https:\/\/minuneanaturii.ro\/blog\/wp-json\/wp\/v2\/posts\/8833\/revisions"}],"predecessor-version":[{"id":8838,"href":"https:\/\/minuneanaturii.ro\/blog\/wp-json\/wp\/v2\/posts\/8833\/revisions\/8838"}],"wp:featuredmedia":[{"embeddable":true,"href":"https:\/\/minuneanaturii.ro\/blog\/wp-json\/wp\/v2\/media\/8835"}],"wp:attachment":[{"href":"https:\/\/minuneanaturii.ro\/blog\/wp-json\/wp\/v2\/media?parent=8833"}],"wp:term":[{"taxonomy":"category","embeddable":true,"href":"https:\/\/minuneanaturii.ro\/blog\/wp-json\/wp\/v2\/categories?post=8833"},{"taxonomy":"post_tag","embeddable":true,"href":"https:\/\/minuneanaturii.ro\/blog\/wp-json\/wp\/v2\/tags?post=8833"}],"curies":[{"name":"wp","href":"https:\/\/api.w.org\/{rel}","templated":true}]}}