{"id":8771,"date":"2025-04-11T04:07:19","date_gmt":"2025-04-11T02:07:19","guid":{"rendered":"https:\/\/minuneanaturii.ro\/blog\/?p=8771"},"modified":"2025-04-13T20:04:09","modified_gmt":"2025-04-13T18:04:09","slug":"cancerul-si-covid-ul-asemanari-ascunse-virusurile-oncogenice-rolul-imunitatii-celulare-si-cum-activezi-proteina-p53","status":"publish","type":"post","link":"https:\/\/minuneanaturii.ro\/blog\/cancerul-si-covid-ul-asemanari-ascunse-virusurile-oncogenice-rolul-imunitatii-celulare-si-cum-activezi-proteina-p53","title":{"rendered":"Cancerul \u0219i COVID-ul: asem\u0103n\u0103ri ascunse, virusurile oncogenice, rolul imunit\u0103\u021bii celulare \u0219i cum activezi proteina p53"},"content":{"rendered":"<div id=\"ez-toc-container\" class=\"ez-toc-v2_0_87 ez-toc-wrap-left counter-hierarchy ez-toc-counter ez-toc-white ez-toc-container-direction\">\n<div class=\"ez-toc-title-container\">\n<p class=\"ez-toc-title\" style=\"cursor:inherit\">Continut articol<\/p>\n<span class=\"ez-toc-title-toggle\"><\/span><\/div>\n<nav><ul class='ez-toc-list ez-toc-list-level-1 ' ><li class='ez-toc-page-1 ez-toc-heading-level-2'><a class=\"ez-toc-link ez-toc-heading-1\" href=\"#\" data-href=\"https:\/\/minuneanaturii.ro\/blog\/cancerul-si-covid-ul-asemanari-ascunse-virusurile-oncogenice-rolul-imunitatii-celulare-si-cum-activezi-proteina-p53\/#Virusuri_Oncogenice_si_legatura_infectiilor_cu_cancerul\" >Virusuri Oncogenice \u0219i leg\u0103tura infec\u021biilor cu cancerul<\/a><ul class='ez-toc-list-level-3' ><li class='ez-toc-heading-level-3'><a class=\"ez-toc-link ez-toc-heading-2\" href=\"#\" data-href=\"https:\/\/minuneanaturii.ro\/blog\/cancerul-si-covid-ul-asemanari-ascunse-virusurile-oncogenice-rolul-imunitatii-celulare-si-cum-activezi-proteina-p53\/#Mecanisme_prin_care_virusurile_pot_induce_cancer\" >Mecanisme prin care virusurile pot induce cancer:<\/a><\/li><li class='ez-toc-page-1 ez-toc-heading-level-3'><a class=\"ez-toc-link ez-toc-heading-3\" href=\"#\" data-href=\"https:\/\/minuneanaturii.ro\/blog\/cancerul-si-covid-ul-asemanari-ascunse-virusurile-oncogenice-rolul-imunitatii-celulare-si-cum-activezi-proteina-p53\/#Virusuri_oncogenice_oncovirusuri_cunoscute_si_cancerele_asociate\" >Virusuri oncogenice (oncovirusuri) cunoscute \u0219i cancerele asociate<\/a><\/li><li class='ez-toc-page-1 ez-toc-heading-level-3'><a class=\"ez-toc-link ez-toc-heading-4\" href=\"#\" data-href=\"https:\/\/minuneanaturii.ro\/blog\/cancerul-si-covid-ul-asemanari-ascunse-virusurile-oncogenice-rolul-imunitatii-celulare-si-cum-activezi-proteina-p53\/#Ce_au_in_comun_virusurile_oncogenice\" >Ce au \u00een comun virusurile oncogenice?<\/a><\/li><\/ul><\/li><li class='ez-toc-page-1 ez-toc-heading-level-2'><a class=\"ez-toc-link ez-toc-heading-5\" href=\"#\" data-href=\"https:\/\/minuneanaturii.ro\/blog\/cancerul-si-covid-ul-asemanari-ascunse-virusurile-oncogenice-rolul-imunitatii-celulare-si-cum-activezi-proteina-p53\/#Paralela_dintre_COVID-19_si_Cancer\" >Paralela dintre COVID-19 \u0219i Cancer<\/a><ul class='ez-toc-list-level-3' ><li class='ez-toc-heading-level-3'><a class=\"ez-toc-link ez-toc-heading-6\" href=\"#\" data-href=\"https:\/\/minuneanaturii.ro\/blog\/cancerul-si-covid-ul-asemanari-ascunse-virusurile-oncogenice-rolul-imunitatii-celulare-si-cum-activezi-proteina-p53\/#Cancerul_esec_al_supravegherii_imune\" >Cancerul = e\u0219ec al supravegherii imune<\/a><\/li><li class='ez-toc-page-1 ez-toc-heading-level-3'><a class=\"ez-toc-link ez-toc-heading-7\" href=\"#\" data-href=\"https:\/\/minuneanaturii.ro\/blog\/cancerul-si-covid-ul-asemanari-ascunse-virusurile-oncogenice-rolul-imunitatii-celulare-si-cum-activezi-proteina-p53\/#Sistemul_imunitar_este_%E2%80%9Eorchestrat_gresit%E2%80%9D\" >Sistemul imunitar este \u201eorchestrat gre\u0219it\u201d<\/a><\/li><li class='ez-toc-page-1 ez-toc-heading-level-3'><a class=\"ez-toc-link ez-toc-heading-8\" href=\"#\" data-href=\"https:\/\/minuneanaturii.ro\/blog\/cancerul-si-covid-ul-asemanari-ascunse-virusurile-oncogenice-rolul-imunitatii-celulare-si-cum-activezi-proteina-p53\/#Paralela_cu_COVID-19\" >Paralela cu COVID-19<\/a><\/li><\/ul><\/li><li class='ez-toc-page-1 ez-toc-heading-level-2'><a class=\"ez-toc-link ez-toc-heading-9\" href=\"#\" data-href=\"https:\/\/minuneanaturii.ro\/blog\/cancerul-si-covid-ul-asemanari-ascunse-virusurile-oncogenice-rolul-imunitatii-celulare-si-cum-activezi-proteina-p53\/#Legatura_dintre_proteina_Spike_sindromul_Long_COVID_si_afectarea_mitocondriala\" >Leg\u0103tura dintre proteina Spike, sindromul Long COVID \u0219i afectarea mitocondrial\u0103<\/a><ul class='ez-toc-list-level-3' ><li class='ez-toc-heading-level-3'><a class=\"ez-toc-link ez-toc-heading-10\" href=\"#\" data-href=\"https:\/\/minuneanaturii.ro\/blog\/cancerul-si-covid-ul-asemanari-ascunse-virusurile-oncogenice-rolul-imunitatii-celulare-si-cum-activezi-proteina-p53\/#Ce_este_proteina_Spike_si_cum_actioneaza\" >Ce este proteina Spike \u0219i cum ac\u021bioneaz\u0103?<\/a><\/li><li class='ez-toc-page-1 ez-toc-heading-level-3'><a class=\"ez-toc-link ez-toc-heading-11\" href=\"#\" data-href=\"https:\/\/minuneanaturii.ro\/blog\/cancerul-si-covid-ul-asemanari-ascunse-virusurile-oncogenice-rolul-imunitatii-celulare-si-cum-activezi-proteina-p53\/#Disfunctia_mitocondriala_indusa_de_Spike\" >Disfunc\u021bia mitocondrial\u0103 indus\u0103 de Spike<\/a><\/li><li class='ez-toc-page-1 ez-toc-heading-level-3'><a class=\"ez-toc-link ez-toc-heading-12\" href=\"#\" data-href=\"https:\/\/minuneanaturii.ro\/blog\/cancerul-si-covid-ul-asemanari-ascunse-virusurile-oncogenice-rolul-imunitatii-celulare-si-cum-activezi-proteina-p53\/#De_ce_este_%E2%80%9Eceata_mentala%E2%80%9D_asociata_cu_long-COVID_si_cum_este_influentata_de_proteina_SPIKE\" >De ce este \u201ecea\u021ba mental\u0103\u201d asociat\u0103 cu long-COVID \u0219i cum este influen\u021bat\u0103 de proteina SPIKE?<\/a><\/li><\/ul><\/li><li class='ez-toc-page-1 ez-toc-heading-level-2'><a class=\"ez-toc-link ez-toc-heading-13\" href=\"#\" data-href=\"https:\/\/minuneanaturii.ro\/blog\/cancerul-si-covid-ul-asemanari-ascunse-virusurile-oncogenice-rolul-imunitatii-celulare-si-cum-activezi-proteina-p53\/#Rolul_celulelor_T_Helper_si_NK_in_imunitate_si_lupta_anti-cancer\" >Rolul celulelor T Helper \u0219i NK \u00een imunitate \u0219i lupta anti-cancer<\/a><\/li><li class='ez-toc-page-1 ez-toc-heading-level-2'><a class=\"ez-toc-link ez-toc-heading-14\" href=\"#\" data-href=\"https:\/\/minuneanaturii.ro\/blog\/cancerul-si-covid-ul-asemanari-ascunse-virusurile-oncogenice-rolul-imunitatii-celulare-si-cum-activezi-proteina-p53\/#Importanta_Proteinei_p53_in_Cancer\" >Importan\u021ba Proteinei p53 \u00een Cancer<\/a><ul class='ez-toc-list-level-3' ><li class='ez-toc-heading-level-3'><a class=\"ez-toc-link ez-toc-heading-15\" href=\"#\" data-href=\"https:\/\/minuneanaturii.ro\/blog\/cancerul-si-covid-ul-asemanari-ascunse-virusurile-oncogenice-rolul-imunitatii-celulare-si-cum-activezi-proteina-p53\/#Compusi_naturali_care_stimuleaza_p53\" >Compu\u0219i naturali care stimuleaz\u0103 p53<\/a><\/li><li class='ez-toc-page-1 ez-toc-heading-level-3'><a class=\"ez-toc-link ez-toc-heading-16\" href=\"#\" data-href=\"https:\/\/minuneanaturii.ro\/blog\/cancerul-si-covid-ul-asemanari-ascunse-virusurile-oncogenice-rolul-imunitatii-celulare-si-cum-activezi-proteina-p53\/#Stresului_oxidativ_cronic_si_P53\" >Stresului oxidativ cronic \u0219i P53<\/a><\/li><li class='ez-toc-page-1 ez-toc-heading-level-3'><a class=\"ez-toc-link ez-toc-heading-17\" href=\"#\" data-href=\"https:\/\/minuneanaturii.ro\/blog\/cancerul-si-covid-ul-asemanari-ascunse-virusurile-oncogenice-rolul-imunitatii-celulare-si-cum-activezi-proteina-p53\/#Activarea_p53_prin_hormeza_metabolica\" >Activarea p53 prin hormez\u0103 metabolic\u0103<\/a><\/li><\/ul><\/li><li class='ez-toc-page-1 ez-toc-heading-level-2'><a class=\"ez-toc-link ez-toc-heading-18\" href=\"#\" data-href=\"https:\/\/minuneanaturii.ro\/blog\/cancerul-si-covid-ul-asemanari-ascunse-virusurile-oncogenice-rolul-imunitatii-celulare-si-cum-activezi-proteina-p53\/#Interviu_cu_Dr_Patrick_Soon-Shiong\" >Interviu cu Dr. Patrick Soon-Shiong<\/a><\/li><\/ul><\/nav><\/div>\n<p class=\"\" data-start=\"0\" data-end=\"126\"><span class=\"relative -mx-px my-[-0.2rem] rounded-sm px-px py-[0.2rem]\"><strong>Dr. Patrick Soon-Shiong<\/strong>, un chirurg \u0219i om de \u0219tiin\u021b\u0103 renumit, este o figur\u0103 remarcabil\u0103 \u00een lumea cercet\u0103rilor \u0219tiin\u021bifice. Abordarea sa impar\u021bial\u0103, cu o perspectiv\u0103 integrativ\u0103 \u0219i holistic\u0103 asupra s\u0103n\u0103t\u0103\u021bii ne face s\u0103 \u00een\u021belegem mai bine cum func\u021bioneaz\u0103 organismul, de ce se \u00eemboln\u0103vesc oamenii cu adev\u0103rat de cancer \u0219i ce paralel\u0103 exist\u0103 \u00eentre COVID-19 \u0219i cancer. <\/span><\/p>\n<p class=\"\" data-start=\"0\" data-end=\"126\"><span class=\"relative -mx-px my-[-0.2rem] rounded-sm px-px py-[0.2rem]\">El\u00a0 subliniaz\u0103 importan\u021ba <strong>\u00een\u021belegerii sistemului imunitar<\/strong> \u00een combaterea ambelor afec\u021biuni.<\/span> <span class=\"relative -mx-px my-[-0.2rem] rounded-sm px-px py-[0.2rem]\">El eviden\u021biaz\u0103 rolul esen\u021bial al celulelor <strong>T helper<\/strong> \u0219i al <strong>celulelor NK (natural killer)<\/strong> \u00een r\u0103spunsul imun \u0219i a introdus conceptul de &#8222;vaccin&#8221; bazat pe celule T ca o poten\u021bial\u0103 abordare terapeutic\u0103.<\/span><\/p>\n<p class=\"\" data-start=\"0\" data-end=\"126\">\u00cen continuare o s\u0103-\u021bi prezint c\u00e2teva concepte interesante din munca \u200bde ~50 de ani a <span class=\"relative -mx-px my-[-0.2rem] rounded-sm px-px py-[0.2rem]\"><strong>Dr. Patrick Soon-Shiong:<\/strong><\/span><\/p>\n<h2 data-start=\"128\" data-end=\"175\"><span class=\"ez-toc-section\" id=\"Virusuri_Oncogenice_si_legatura_infectiilor_cu_cancerul\"><\/span><strong data-start=\"128\" data-end=\"175\">Virusuri Oncogenice \u0219i leg\u0103tura infec\u021biilor cu cancerul<\/strong><span class=\"ez-toc-section-end\"><\/span><\/h2>\n<p class=\"\" data-start=\"177\" data-end=\"373\"><span class=\"relative -mx-px my-[-0.2rem] rounded-sm px-px py-[0.2rem]\">Virusurile oncogenice sunt denumite acele virusuri capabile s\u0103 provoace <strong><a href=\"https:\/\/minuneanaturii.ro\/blog\/rolul-epigeneticii-in-prevenirea-sau-dezvoltarea-cancerului-cum-stilul-de-viata-poate-activa-sau-dezactiva-genele-care-favorizeaza-tumorile\">cancer<\/a><\/strong>. Ele sunt capabile s\u0103 declan\u0219eze <strong data-start=\"437\" data-end=\"485\">procesul de transformare malign\u0103 a celulelor<\/strong> \u2013 adic\u0103 s\u0103 contribuie direct la apari\u021bia cancerului.\u00a0<\/span><\/p>\n<p class=\"\" data-start=\"177\" data-end=\"373\"><span class=\"relative -mx-px my-[-0.2rem] rounded-sm px-px py-[0.2rem]\">Printre acestea se num\u0103r\u0103 virusul <strong>Epstein-Barr<\/strong>, <strong>virusul hepatitic B \u0219i C<\/strong>, \u0219i <strong>virusul papiloma uman (<a href=\"https:\/\/minuneanaturii.ro\/blog\/hpv-papilomavirusul-uman-simptome-preventie-si-tratament-natural\">HPV<\/a>)<\/strong>.<\/span> <span class=\"relative -mx-px my-[-0.2rem] rounded-sm px-px py-[0.2rem]\">Aceste virusuri pot induce transform\u0103ri maligne \u00een celulele gazd\u0103 prin <strong>integrarea materialului lor genetic \u00een ADN-ul celular<\/strong>, perturb\u00e2nd astfel mecanismele normale de control al diviziunii \u0219i apoptozei celulare.<\/span><\/p>\n<h3 class=\"\" data-start=\"714\" data-end=\"770\"><span class=\"ez-toc-section\" id=\"Mecanisme_prin_care_virusurile_pot_induce_cancer\"><\/span><strong>Mecanisme prin care virusurile pot induce cancer:<\/strong><span class=\"ez-toc-section-end\"><\/span><\/h3>\n<p>De\u0219i este un concept destul de complicat, de fapt are leg\u0103tur\u0103 cu imunitatea organismului \u0219i cu faptul c\u0103 la un moment dat sistemul imun nu mai reu\u0219e\u0219te s\u0103 distrug\u0103 celulel canceroase care apar, determin\u00e2nd multiplicarea aberant\u0103 a acestora.<\/p>\n<ol data-start=\"772\" data-end=\"1205\">\n<li class=\"\" data-start=\"772\" data-end=\"907\">\n<p class=\"\" data-start=\"775\" data-end=\"907\"><strong data-start=\"775\" data-end=\"826\">Inser\u021bia genelor virale \u00een ADN-ul celulei gazd\u0103<\/strong>, care poate activa oncogene sau inactiva gene supresoare tumorale (ex: p53, RB).<\/p>\n<\/li>\n<li class=\"\" data-start=\"908\" data-end=\"1017\">\n<p class=\"\" data-start=\"911\" data-end=\"1017\"><strong data-start=\"911\" data-end=\"933\">Inflama\u021bia cronic\u0103<\/strong> produs\u0103 de infec\u021bie, care creeaz\u0103 un mediu propice pentru muta\u021bii \u0219i imunosupresie.<\/p>\n<\/li>\n<li class=\"\" data-start=\"1018\" data-end=\"1103\">\n<p class=\"\" data-start=\"1021\" data-end=\"1103\"><strong data-start=\"1021\" data-end=\"1053\">Supresia sistemului imunitar<\/strong>, care \u00eempiedic\u0103 eliminarea celulelor pre-maligne.<\/p>\n<\/li>\n<li class=\"\" data-start=\"1104\" data-end=\"1205\">\n<p class=\"\" data-start=\"1107\" data-end=\"1205\"><strong data-start=\"1107\" data-end=\"1160\">Imitarea sau inhibarea proteinelor celulare cheie<\/strong>, cum ar fi p53 sau alte proteine de control ale multiplic\u0103rii aberante.<\/p>\n<\/li>\n<\/ol>\n<h3 class=\"\" data-start=\"1212\" data-end=\"1270\"><span class=\"ez-toc-section\" id=\"Virusuri_oncogenice_oncovirusuri_cunoscute_si_cancerele_asociate\"><\/span><strong>Virusuri oncogenice (oncovirusuri) cunoscute \u0219i cancerele asociate<\/strong><span class=\"ez-toc-section-end\"><\/span><\/h3>\n<div class=\"overflow-x-auto bg-no-repeat contain-inline-size\">\n<table data-start=\"1272\" data-end=\"2298\">\n<thead data-start=\"1272\" data-end=\"1390\">\n<tr data-start=\"1272\" data-end=\"1390\">\n<th data-start=\"1272\" data-end=\"1300\">Virus<\/th>\n<th data-start=\"1300\" data-end=\"1347\">Tipuri de cancer asociate<\/th>\n<th data-start=\"1347\" data-end=\"1390\">Mecanism principal<\/th>\n<\/tr>\n<\/thead>\n<tbody data-start=\"1510\" data-end=\"2298\">\n<tr data-start=\"1510\" data-end=\"1648\">\n<td><strong data-start=\"1512\" data-end=\"1519\">HPV<\/strong> (Human Papilloma Virus)<\/td>\n<td>Cancer de col uterin, anal, orofaringian<\/td>\n<td>Integreaz\u0103 oncogenele E6 \u0219i E7 care inactiveaz\u0103 p53 \u0219i RB<\/td>\n<\/tr>\n<tr data-start=\"1649\" data-end=\"1780\">\n<td><strong data-start=\"1651\" data-end=\"1658\">EBV<\/strong> (Epstein-Barr Virus)<\/td>\n<td>Limfom Burkitt, carcinom nazofaringian<\/td>\n<td>Transformare limfocitar\u0103 \u0219i imunosupresie cronic\u0103<\/td>\n<\/tr>\n<tr data-start=\"1781\" data-end=\"1915\">\n<td><strong data-start=\"1783\" data-end=\"1790\">HBV<\/strong> (Hepatita B) \u0219i <strong data-start=\"1807\" data-end=\"1814\">HCV<\/strong><\/td>\n<td>Cancer hepatic (carcinom hepatocelular)<\/td>\n<td>Inflama\u021bie cronic\u0103, integrare viral\u0103, stres oxidativ<\/td>\n<\/tr>\n<tr data-start=\"1916\" data-end=\"2028\">\n<td><strong data-start=\"1918\" data-end=\"1928\">HTLV-1<\/strong> (Human T-cell Leukemia Virus)<\/td>\n<td>Leucemie cu celule T adulte<\/td>\n<td>Activeaz\u0103 proliferarea limfocitelor<\/td>\n<\/tr>\n<tr data-start=\"2029\" data-end=\"2161\">\n<td><strong data-start=\"2031\" data-end=\"2079\">Kaposi Sarcoma-associated Herpesvirus (KSHV)<\/strong><\/td>\n<td>Sarcom Kaposi, limfom primar de efuziune<\/td>\n<td>Imunosupresie, inhibarea apoptozei<\/td>\n<\/tr>\n<tr data-start=\"2162\" data-end=\"2298\">\n<td><strong data-start=\"2164\" data-end=\"2198\">Merkel cell polyomavirus (MCV)<\/strong><\/td>\n<td>Carcinomul cu celule Merkel (raro, agresiv)<\/td>\n<td>Integr\u0103ri genetice \u0219i blocarea genelor supresoare<\/td>\n<\/tr>\n<\/tbody>\n<\/table>\n<\/div>\n<blockquote data-start=\"2300\" data-end=\"2436\">\n<p class=\"\" data-start=\"2302\" data-end=\"2436\">Aproximativ <strong data-start=\"2314\" data-end=\"2361\">15-20% din toate cancerele la nivel mondial<\/strong> sunt legate de <strong data-start=\"2377\" data-end=\"2397\">infec\u021bii cronice<\/strong>, \u00een special virale (sursa: OMS, IARC).<\/p>\n<\/blockquote>\n<h3 class=\"\" data-start=\"2443\" data-end=\"2487\"><span class=\"ez-toc-section\" id=\"Ce_au_in_comun_virusurile_oncogenice\"><\/span><strong>Ce au \u00een comun virusurile oncogenice?<\/strong><span class=\"ez-toc-section-end\"><\/span><\/h3>\n<ul data-start=\"2489\" data-end=\"2844\">\n<li class=\"\" data-start=\"2489\" data-end=\"2579\">\n<p class=\"\" data-start=\"2491\" data-end=\"2579\">Sunt <strong data-start=\"2496\" data-end=\"2520\">capabile s\u0103 persiste<\/strong> \u00een organism pe termen lung (infec\u021bii cronice sau latente).<\/p>\n<\/li>\n<li class=\"\" data-start=\"2580\" data-end=\"2676\">\n<p class=\"\" data-start=\"2582\" data-end=\"2676\">Interfereaz\u0103 cu <strong data-start=\"2598\" data-end=\"2619\">sistemul imunitar<\/strong>, fie prin inhibare direct\u0103, fie prin mimetism molecular.<\/p>\n<\/li>\n<li class=\"\" data-start=\"2677\" data-end=\"2752\">\n<p class=\"\" data-start=\"2679\" data-end=\"2752\">Creeaz\u0103 un <strong data-start=\"2690\" data-end=\"2717\">microambient inflamator<\/strong>, favorabil transform\u0103rii celulare.<\/p>\n<\/li>\n<li class=\"\" data-start=\"2753\" data-end=\"2844\">\n<p class=\"\" data-start=\"2755\" data-end=\"2844\">Vizeaz\u0103 deseori <strong data-start=\"2771\" data-end=\"2804\">\u021besuturi cu regenerare rapid\u0103<\/strong> (epitelii, ganglioni limfatici, ficat).<\/p>\n<\/li>\n<\/ul>\n<blockquote data-start=\"4073\" data-end=\"4204\">\n<p class=\"\" data-start=\"4075\" data-end=\"4204\">Infec\u021biile virale nu doar c\u0103 pot duce la cancer, dar deseori \u00eel fac \u00een mod t\u0103cut, prin manipularea subtil\u0103 a sistemului imunitar.<\/p>\n<\/blockquote>\n<p class=\"\" data-start=\"4206\" data-end=\"4443\">\u00cen\u021belegerea virusurilor oncogenice ne apropie de o abordare mai <strong data-start=\"4270\" data-end=\"4308\">precoce, preventiv\u0103 \u0219i imunologic\u0103<\/strong> a cancerului \u2013 \u00een care accentul cade pe <strong data-start=\"4349\" data-end=\"4388\">restabilirea vigorii sistemului imunitar, a vigilen\u021bei celulelor T<\/strong> \u0219i pe protejarea proteinelor-cheie, cum ar fi <strong>P53<\/strong>.<\/p>\n<p data-start=\"4206\" data-end=\"4443\"><a href=\"http:\/\/minuneanaturii.ro\/antivirale\"><strong>Antiviralele naturale<\/strong><\/a>, administrate \u00een doza \u0219i perioada complet\u0103 pot reprezenta un sprijin important \u00een reducerea viremiei \u0219i \u00eenl\u0103turarea virusului din organism.<\/p>\n<h2 data-start=\"375\" data-end=\"413\"><span class=\"ez-toc-section\" id=\"Paralela_dintre_COVID-19_si_Cancer\"><\/span><strong>Paralela dintre COVID-19 \u0219i Cancer<\/strong><span class=\"ez-toc-section-end\"><\/span><\/h2>\n<p class=\"\" data-start=\"415\" data-end=\"577\"><span class=\"relative -mx-px my-[-0.2rem] rounded-sm px-px py-[0.2rem]\"><strong>Dr. Soon-Shiong<\/strong> eviden\u021biaz\u0103 mai multe <strong>asem\u0103n\u0103ri dintre COVID-19 \u0219i cancer<\/strong>, \u00een special modul \u00een care ambele afec\u021biuni pot eluda sistemul imunitar.<\/span> <span class=\"relative -mx-px my-[-0.2rem] rounded-sm px-px py-[0.2rem]\">De exemplu, at\u00e2t \u00een cancer, c\u00e2t \u0219i \u00een COVID-19, s-au observat niveluri ridicate de <strong>D-dimeri<\/strong> \u0219i un <strong>risc crescut de tromboze multiple<\/strong>, suger\u00e2nd mecanisme patologice comune.<\/span><\/p>\n<p data-start=\"415\" data-end=\"577\">El sus\u021bine o viziune profund diferit\u0103 fa\u021b\u0103 de paradigma tradi\u021bional\u0103 asupra cancerului. \u00cen loc s\u0103 vad\u0103 cancerul <strong data-start=\"219\" data-end=\"276\">doar ca o boal\u0103 a multiplic\u0103rii celulare necontrolate<\/strong>, el \u00eel prive\u0219te ca pe <strong data-start=\"299\" data-end=\"332\">o boal\u0103 a sistemului imunitar<\/strong> \u2013 mai precis, o boal\u0103 \u00een care <strong data-start=\"363\" data-end=\"446\">sistemul imunitar nu mai reu\u0219e\u0219te s\u0103 recunoasc\u0103 \u0219i s\u0103 elimine celulele tumorale<\/strong>.<\/p>\n<h3 data-start=\"489\" data-end=\"542\"><span class=\"ez-toc-section\" id=\"Cancerul_esec_al_supravegherii_imune\"><\/span><strong data-start=\"500\" data-end=\"542\">Cancerul = e\u0219ec al supravegherii imune<\/strong><span class=\"ez-toc-section-end\"><\/span><\/h3>\n<ul data-start=\"544\" data-end=\"1034\">\n<li class=\"\" data-start=\"544\" data-end=\"720\">\n<p class=\"\" data-start=\"546\" data-end=\"720\">\u00cen mod normal, corpul produce \u00een fiecare zi <strong data-start=\"590\" data-end=\"634\">celule anormale sau poten\u021bial canceroase<\/strong>, dar <strong data-start=\"640\" data-end=\"690\">sistemul imunitar le recunoa\u0219te \u0219i le distruge<\/strong> \u00eenainte s\u0103 devin\u0103 o problem\u0103.<\/p>\n<\/li>\n<li class=\"\" data-start=\"721\" data-end=\"896\">\n<p class=\"\" data-start=\"723\" data-end=\"896\">La un moment dat, \u00een unele persoane, <strong data-start=\"760\" data-end=\"810\">acest sistem de supraveghere imunitar\u0103 cedeaz\u0103<\/strong>. Celulele canceroase \u201ese ascund\u201d de r\u0103spunsul imun \u0219i scap\u0103 de atacul <strong>limfocitelor T.<\/strong><\/p>\n<\/li>\n<li class=\"\" data-start=\"897\" data-end=\"1034\">\n<p class=\"\" data-start=\"899\" data-end=\"1034\"><strong data-start=\"899\" data-end=\"1034\">A\u0219adar, cancerul nu apare doar din cauza multiplic\u0103rii celulare, ci pentru c\u0103 celulele modificate reu\u0219esc s\u0103 p\u0103c\u0103leasc\u0103 imunitatea.<\/strong><\/p>\n<\/li>\n<li data-start=\"897\" data-end=\"1034\">Infec\u021biile virale, inclusiv COVID-19 pot predispune imunitatea la astfel de erori, favoriz\u00e2nd dezvoltarea cancerelor.<\/li>\n<\/ul>\n<h3 data-start=\"1036\" data-end=\"1093\"><span class=\"ez-toc-section\" id=\"Sistemul_imunitar_este_%E2%80%9Eorchestrat_gresit%E2%80%9D\"><\/span><strong data-start=\"1047\" data-end=\"1093\">Sistemul imunitar este \u201eorchestrat gre\u0219it\u201d<\/strong><span class=\"ez-toc-section-end\"><\/span><\/h3>\n<ul data-start=\"1095\" data-end=\"1518\">\n<li class=\"\" data-start=\"1095\" data-end=\"1249\">\n<p class=\"\" data-start=\"1097\" data-end=\"1249\">Cancerul reu\u0219e\u0219te s\u0103 creeze un microambient tumoral care suprim\u0103 activitatea <strong data-start=\"1174\" data-end=\"1209\">celulelor T killer (citotoxice)<\/strong> \u0219i a <strong data-start=\"1215\" data-end=\"1248\">celulelor NK (natural killer)<\/strong>.<\/p>\n<\/li>\n<li class=\"\" data-start=\"1250\" data-end=\"1404\">\n<p class=\"\" data-start=\"1252\" data-end=\"1404\">\u00cen acela\u0219i timp, promoveaz\u0103 <strong data-start=\"1280\" data-end=\"1310\">celule T reglatoare (Treg)<\/strong> \u0219i <strong data-start=\"1314\" data-end=\"1337\">macrofage de tip M2<\/strong>, care men\u021bin inflama\u021bia cronic\u0103 \u0219i inhib\u0103 r\u0103spunsul imun eficient.<\/p>\n<\/li>\n<li class=\"\" data-start=\"1405\" data-end=\"1518\">\n<p class=\"\" data-start=\"1407\" data-end=\"1518\">Prin urmare, nu doar c\u0103 imunitatea nu reac\u021bioneaz\u0103 la cancer \u2013 <strong data-start=\"1470\" data-end=\"1502\">cancerul chiar o manipuleaz\u0103<\/strong> \u00een favoarea sa.<\/p>\n<\/li>\n<li class=\"\" data-start=\"1584\" data-end=\"1796\">\n<p class=\"\" data-start=\"1586\" data-end=\"1796\">\u00cen loc s\u0103 atac\u0103m cancerul doar cu <strong data-start=\"1620\" data-end=\"1650\">chimioterapie sau radia\u021bii<\/strong>, Dr. Soon-Shiong propune <strong data-start=\"1676\" data-end=\"1711\">s\u0103 reantren\u0103m sistemul imunitar<\/strong>, astfel \u00eenc\u00e2t acesta s\u0103 recunoasc\u0103 din nou celulele canceroase ca fiind periculoase<\/p>\n<\/li>\n<\/ul>\n<h3 data-start=\"1972\" data-end=\"2007\"><span class=\"ez-toc-section\" id=\"Paralela_cu_COVID-19\"><\/span><strong data-start=\"1983\" data-end=\"2007\">Paralela cu COVID-19<\/strong><span class=\"ez-toc-section-end\"><\/span><\/h3>\n<ul data-start=\"2009\" data-end=\"2399\">\n<li class=\"\" data-start=\"2009\" data-end=\"2216\">\n<p class=\"\" data-start=\"2011\" data-end=\"2100\">La fel ca \u00een cancer, \u0219i \u00een COVID-19 sever se observ\u0103 un <strong data-start=\"2067\" data-end=\"2097\">r\u0103spuns imun disfunc\u021bional<\/strong>:<\/p>\n<ul data-start=\"2103\" data-end=\"2216\">\n<li class=\"\" data-start=\"2103\" data-end=\"2132\">\n<p class=\"\" data-start=\"2105\" data-end=\"2132\">sc\u0103dere a limfocitelor T,<\/p>\n<\/li>\n<li class=\"\" data-start=\"2135\" data-end=\"2167\">\n<p class=\"\" data-start=\"2137\" data-end=\"2167\">supra-activarea inflama\u021biei,<\/p>\n<\/li>\n<li class=\"\" data-start=\"2170\" data-end=\"2216\">\n<p class=\"\" data-start=\"2172\" data-end=\"2216\">incapacitatea de a elimina eficient virusul, chiar dac\u0103 infec\u021bia nu mai este acut\u0103.<\/p>\n<\/li>\n<\/ul>\n<\/li>\n<li class=\"\" data-start=\"2217\" data-end=\"2399\">\n<p class=\"\" data-start=\"2219\" data-end=\"2399\">Din acest motiv, <strong data-start=\"2236\" data-end=\"2303\">COVID \u0219i cancerul au mecanisme similare de eludare a imunit\u0103\u021bii<\/strong>, iar lec\u021biile din<a href=\"https:\/\/minuneanaturii.ro\/blog\/lupta-cu-cancerul-nu-se-duce-doar-in-spitale-ci-in-primul-rand-in-bucatarie-si-la-sala-de-sport-legitatea-542\"><strong> tratamentul cancerului<\/strong><\/a> pot fi aplicate \u00een combaterea virusurilor \u2013 \u0219i invers.<\/p>\n<\/li>\n<\/ul>\n<h2 class=\"\" data-start=\"111\" data-end=\"196\"><span class=\"ez-toc-section\" id=\"Legatura_dintre_proteina_Spike_sindromul_Long_COVID_si_afectarea_mitocondriala\"><\/span><strong>Leg\u0103tura dintre proteina Spike, sindromul Long COVID \u0219i afectarea mitocondrial\u0103<\/strong><span class=\"ez-toc-section-end\"><\/span><\/h2>\n<p class=\"\" data-start=\"198\" data-end=\"482\">O tem\u0103 tot mai discutat\u0103 \u00een literatura \u0219tiin\u021bific\u0103, care merit\u0103 s\u0103 o amintim este rolul <strong data-start=\"260\" data-end=\"279\">proteinei Spike<\/strong> \u2013 componenta cheie a virusului SARS-CoV-2 \u2013 \u00een <strong data-start=\"327\" data-end=\"354\">afectarea mitocondrial\u0103<\/strong> \u0219i apari\u021bia simptomelor persistente \u00een <strong data-start=\"394\" data-end=\"408\">Long COVID<\/strong>, inclusiv <strong data-start=\"419\" data-end=\"436\">cea\u021ba mental\u0103<\/strong>, oboseala cronic\u0103 \u0219i tulbur\u0103rile neurologice.<\/p>\n<h3 class=\"\" data-start=\"484\" data-end=\"532\"><span class=\"ez-toc-section\" id=\"Ce_este_proteina_Spike_si_cum_actioneaza\"><\/span><strong>Ce este proteina Spike \u0219i cum ac\u021bioneaz\u0103?<\/strong><span class=\"ez-toc-section-end\"><\/span><\/h3>\n<p class=\"\" data-start=\"534\" data-end=\"682\">Proteina Spike este \u201echeia\u201d cu care virusul p\u0103trunde \u00een celule, leg\u00e2ndu-se de receptorii <strong data-start=\"623\" data-end=\"631\">ACE2<\/strong>. Totu\u0219i, studii recente arat\u0103 c\u0103 aceast\u0103 protein\u0103 ac\u021bioneaz\u0103 mult mai departe \u0219i un timp mai \u00eendelungat:<\/p>\n<ul data-start=\"684\" data-end=\"906\">\n<li class=\"\" data-start=\"684\" data-end=\"750\">\n<p class=\"\" data-start=\"686\" data-end=\"750\"><strong data-start=\"686\" data-end=\"747\">poate circula \u00een s\u00e2nge \u0219i dup\u0103 eliminarea virusului activ<\/strong>,<\/p>\n<\/li>\n<li class=\"\" data-start=\"751\" data-end=\"800\">\n<p class=\"\" data-start=\"753\" data-end=\"800\"><strong data-start=\"753\" data-end=\"797\">poate declan\u0219a r\u0103spuns inflamator intens<\/strong>,<\/p>\n<\/li>\n<li class=\"\" data-start=\"801\" data-end=\"906\">\n<p class=\"\" data-start=\"803\" data-end=\"906\">\u0219i, cel mai important, <strong data-start=\"826\" data-end=\"870\">poate afecta func\u021bionarea mitocondriilor<\/strong> \u2013 uzinele de energie ale celulei.<\/p>\n<\/li>\n<\/ul>\n<h3 class=\"\" data-start=\"913\" data-end=\"960\"><span class=\"ez-toc-section\" id=\"Disfunctia_mitocondriala_indusa_de_Spike\"><\/span><strong>Disfunc\u021bia mitocondrial\u0103 indus\u0103 de Spike<\/strong><span class=\"ez-toc-section-end\"><\/span><\/h3>\n<p class=\"\" data-start=\"962\" data-end=\"1110\">Mitocondriile sunt esen\u021biale pentru producerea de <a href=\"https:\/\/minuneanaturii.ro\/blog\/legitatea-197-cum-genereaza-organismul-uman-energie\"><strong>ATP<\/strong> <\/a>(energia celular\u0103) \u0219i pentru <strong>reglarea mor\u021bii celulare<\/strong> <strong>programate<\/strong> (apoptoz\u0103).<\/p>\n<p class=\"\" data-start=\"962\" data-end=\"1110\">Dar \u00een prezen\u021ba proteinei Spike:<\/p>\n<ul data-start=\"1112\" data-end=\"1402\">\n<li class=\"\" data-start=\"1112\" data-end=\"1194\">\n<p class=\"\" data-start=\"1114\" data-end=\"1194\">Se observ\u0103 <strong data-start=\"1125\" data-end=\"1156\">fragmentarea mitocondriilor<\/strong>, ceea ce <strong>reduce<\/strong> eficien\u021ba energetic\u0103.<\/p>\n<\/li>\n<li class=\"\" data-start=\"1195\" data-end=\"1284\">\n<p class=\"\" data-start=\"1197\" data-end=\"1284\">Se induce <strong data-start=\"1207\" data-end=\"1225\">stres oxidativ<\/strong> crescut, duc\u00e2nd la inflama\u021bie \u0219i degradare celular\u0103.<\/p>\n<\/li>\n<li class=\"\" data-start=\"1285\" data-end=\"1402\">\n<p class=\"\" data-start=\"1287\" data-end=\"1402\">Este afectat\u0103 <strong data-start=\"1301\" data-end=\"1327\">capacitatea neuronilor<\/strong> de a func\u021biona normal, ceea ce explic\u0103 simptomele neurologice persistente.<\/p>\n<\/li>\n<\/ul>\n<h3 class=\"\" data-start=\"1409\" data-end=\"1453\"><span class=\"ez-toc-section\" id=\"De_ce_este_%E2%80%9Eceata_mentala%E2%80%9D_asociata_cu_long-COVID_si_cum_este_influentata_de_proteina_SPIKE\"><\/span><strong>De ce este \u201ecea\u021ba mental\u0103\u201d asociat\u0103 cu long-COVID \u0219i cum este influen\u021bat\u0103 de proteina SPIKE?<\/strong><span class=\"ez-toc-section-end\"><\/span><\/h3>\n<p class=\"\" data-start=\"1455\" data-end=\"1507\">Mul\u021bi pacien\u021bi cu <strong data-start=\"1473\" data-end=\"1487\">Long COVID<\/strong> descriu o stare de:<\/p>\n<ul data-start=\"1509\" data-end=\"1587\">\n<li class=\"\" data-start=\"1509\" data-end=\"1538\">\n<p class=\"\" data-start=\"1511\" data-end=\"1538\">dificultate de concentrare,<\/p>\n<\/li>\n<li class=\"\" data-start=\"1539\" data-end=\"1555\">\n<p class=\"\" data-start=\"1541\" data-end=\"1555\">memorie slab\u0103,<\/p>\n<\/li>\n<li class=\"\" data-start=\"1556\" data-end=\"1587\">\n<p class=\"\" data-start=\"1558\" data-end=\"1587\">pierderea clarit\u0103\u021bii mentale.<\/p>\n<\/li>\n<\/ul>\n<p class=\"\" data-start=\"1589\" data-end=\"1683\">Aceast\u0103 \u201e<strong data-start=\"1598\" data-end=\"1615\">cea\u021b\u0103 mental\u0103<\/strong>\u201d este corelat\u0103 cu afectarea func\u021biei neuronale, iar cauzele includ:<\/p>\n<ul data-start=\"1685\" data-end=\"1873\">\n<li class=\"\" data-start=\"1685\" data-end=\"1740\">\n<p class=\"\" data-start=\"1687\" data-end=\"1740\"><strong data-start=\"1687\" data-end=\"1737\">disfunc\u021bie mitocondrial\u0103 \u00een neuronii corticali<\/strong>,<\/p>\n<\/li>\n<li class=\"\" data-start=\"1741\" data-end=\"1782\">\n<p class=\"\" data-start=\"1743\" data-end=\"1782\"><strong data-start=\"1743\" data-end=\"1779\">inflama\u021bie sistemic\u0103 persistent\u0103<\/strong>,<\/p>\n<\/li>\n<li class=\"\" data-start=\"1783\" data-end=\"1873\">\n<p class=\"\" data-start=\"1785\" data-end=\"1873\"><strong data-start=\"1785\" data-end=\"1819\">reducerea oxigen\u0103rii cerebrale<\/strong> din cauza microcoagul\u0103rii \u0219i disfunc\u021biei endoteliale.<\/p>\n<\/li>\n<\/ul>\n<p class=\"\" data-start=\"1931\" data-end=\"2015\">Leg\u0103tura dintre proteina Spike \u0219i disfunc\u021bia mitocondrial\u0103 deschide noi perspective:<\/p>\n<ul data-start=\"2017\" data-end=\"2354\">\n<li class=\"\" data-start=\"2017\" data-end=\"2087\">\n<p class=\"\" data-start=\"2019\" data-end=\"2087\">Evaluarea mitocondrial\u0103 ar trebui inclus\u0103 \u00een screeningul post-COVID.<\/p>\n<\/li>\n<li class=\"\" data-start=\"2088\" data-end=\"2236\">\n<p class=\"\" data-start=\"2090\" data-end=\"2236\">Interven\u021biile nutri\u021bionale \u0219i terapeutice care <strong data-start=\"2137\" data-end=\"2161\">sus\u021bin mitocondriile<\/strong> (ex:<strong> coenzima Q10, PQQ, L-carnitin\u0103, NADH<\/strong>) pot fi esen\u021biale \u00een recuperare.<\/p>\n<\/li>\n<li class=\"\" data-start=\"2237\" data-end=\"2354\">\n<p class=\"\" data-start=\"2239\" data-end=\"2354\">Stimularea imunit\u0103\u021bii celulare (celule T, celule NK) poate ajuta la <strong data-start=\"2307\" data-end=\"2353\">eliminarea fragmentelor virale persistente<\/strong>.<\/p>\n<\/li>\n<\/ul>\n<h2 data-start=\"579\" data-end=\"626\"><span class=\"ez-toc-section\" id=\"Rolul_celulelor_T_Helper_si_NK_in_imunitate_si_lupta_anti-cancer\"><\/span><strong data-start=\"579\" data-end=\"626\">Rolul celulelor T Helper \u0219i NK \u00een imunitate \u0219i lupta anti-cancer<\/strong><span class=\"ez-toc-section-end\"><\/span><\/h2>\n<p class=\"\" data-start=\"628\" data-end=\"835\"><span class=\"relative -mx-px my-[-0.2rem] rounded-sm px-px py-[0.2rem]\"><strong>Celulele T helper (CD4+)<\/strong> sunt cruciale \u00een imunitatea adaptativ\u0103, activ\u00e2nd alte celule imunitare, cum ar fi celulele B pentru producerea de anticorpi \u0219i macrofagele pentru distrugerea agen\u021bilor patogeni<\/span> .<\/p>\n<p class=\"\" data-start=\"628\" data-end=\"835\"><span class=\"relative -mx-px my-[-0.2rem] rounded-sm px-px py-[0.2rem]\">Pe de alt\u0103 parte, <strong>celulele NK<\/strong> fac parte din imunitatea \u00eenn\u0103scut\u0103 \u0219i au capacitatea de a <strong>recunoa\u0219te \u0219i distruge celulele infectate viral <\/strong>sau <strong>celulele tumorale<\/strong> f\u0103r\u0103 a necesita o sensibilizare prealabil\u0103.<\/span><\/p>\n<p><strong data-start=\"3637\" data-end=\"3668\">Celulele T helper \u0219i NK<\/strong> sunt cele care ar trebui s\u0103 elimine celulele infectate viral sau transformate \u2013 dac\u0103 ele sunt inhibate, apare un <strong data-start=\"3782\" data-end=\"3812\">teren favorabil cancerului<\/strong>.<\/p>\n<h2 data-start=\"1041\" data-end=\"1079\"><span class=\"ez-toc-section\" id=\"Importanta_Proteinei_p53_in_Cancer\"><\/span><strong data-start=\"1041\" data-end=\"1079\">Importan\u021ba Proteinei p53 \u00een Cancer<\/strong><span class=\"ez-toc-section-end\"><\/span><\/h2>\n<p class=\"\" data-start=\"1081\" data-end=\"1247\"><span class=\"relative -mx-px my-[-0.2rem] rounded-sm px-px py-[0.2rem]\">Proteina p53, cunoscut\u0103 drept &#8222;<strong>gardianul genomului<\/strong>&#8222;, joac\u0103 un rol esen\u021bial \u00een prevenirea form\u0103rii tumorilor prin reglarea ciclului celular \u0219i inducerea apoptozei (moarte celular\u0103 programat\u0103) \u00een cazul detect\u0103rii unor leziuni ADN.<\/span> <span class=\"relative -mx-px my-[-0.2rem] rounded-sm px-px py-[0.2rem]\">Muta\u021biile \u00een gena TP53 sunt frecvent \u00eent\u00e2lnite \u00een diverse tipuri de cancer, subliniind importan\u021ba sa \u00een men\u021binerea integrit\u0103\u021bii genomice.<\/span><\/p>\n<p class=\"\" data-start=\"0\" data-end=\"168\">Stimularea proteinei <strong data-start=\"21\" data-end=\"28\">p53<\/strong>, este o strategie-cheie \u00een prevenirea \u0219i tratarea cancerului, deoarece p53 are <strong>roluri<\/strong> importante \u00een:<\/p>\n<ul data-start=\"170\" data-end=\"312\">\n<li class=\"\" data-start=\"170\" data-end=\"222\">\n<p class=\"\" data-start=\"172\" data-end=\"222\"><strong data-start=\"172\" data-end=\"219\">detectarea \u0219i repararea ADN-ului deteriorat<\/strong>,<\/p>\n<\/li>\n<li class=\"\" data-start=\"223\" data-end=\"256\">\n<p class=\"\" data-start=\"225\" data-end=\"256\"><strong data-start=\"225\" data-end=\"253\">oprirea ciclului celular<\/strong>,<\/p>\n<\/li>\n<li class=\"\" data-start=\"257\" data-end=\"312\">\n<p class=\"\" data-start=\"259\" data-end=\"312\"><strong data-start=\"259\" data-end=\"311\">inducerea apoptozei (moartea celulelor anormale)<\/strong>.<\/p>\n<\/li>\n<\/ul>\n<p class=\"\" data-start=\"314\" data-end=\"488\">Multe tipuri de cancer implic\u0103 o p53 inactiv\u0103 sau mutat\u0103, dar \u00een celulele normale \u0219i \u00een unele cancere cu p53 nemutat, aceasta poate fi <strong data-start=\"449\" data-end=\"477\">reactivat\u0103 sau stimulat\u0103<\/strong>.<\/p>\n<p data-start=\"314\" data-end=\"488\">Infec\u021biile virale de care discutam mai sus \u021bintesc <strong data-start=\"3486\" data-end=\"3493\">p53<\/strong> pentru a fi <strong data-start=\"3547\" data-end=\"3561\">inactivat\u0103<\/strong> \u2013 astfel, celulele nu mai intr\u0103 \u00een apoptoz\u0103 \u0219i se pot transforma malign.<\/p>\n<h3 class=\"\" data-start=\"495\" data-end=\"545\"><span class=\"ez-toc-section\" id=\"Compusi_naturali_care_stimuleaza_p53\"><\/span><strong data-start=\"505\" data-end=\"545\">Compu\u0219i naturali care stimuleaz\u0103 p53<\/strong><span class=\"ez-toc-section-end\"><\/span><\/h3>\n<p class=\"\" data-start=\"547\" data-end=\"644\">Mai mul\u021bi <strong data-start=\"557\" data-end=\"587\">nutrien\u021bi \u0219i fitochimicale<\/strong> au demonstrat capacitatea de a activa sau stabiliza <strong>p53<\/strong>:<\/p>\n<ul data-start=\"646\" data-end=\"1126\">\n<li class=\"\" data-start=\"646\" data-end=\"734\">\n<p class=\"\" data-start=\"648\" data-end=\"734\"><a href=\"https:\/\/www.minuneanaturii.ro\/curcumin\"><strong data-start=\"648\" data-end=\"661\">Curcumina<\/strong> <\/a>\u2013 din turmeric, activeaz\u0103 p53 \u0219i inhib\u0103 proliferarea celulelor tumorale.<\/p>\n<\/li>\n<li class=\"\" data-start=\"735\" data-end=\"838\">\n<p class=\"\" data-start=\"737\" data-end=\"838\"><a href=\"https:\/\/www.minuneanaturii.ro\/resveratrol\"><strong data-start=\"737\" data-end=\"752\">Resveratrol<\/strong> <\/a>\u2013 polifenol din struguri ro\u0219ii \u0219i vin, stimuleaz\u0103 activitatea p53 \u0219i induce apoptoza.<\/p>\n<\/li>\n<li class=\"\" data-start=\"839\" data-end=\"935\">\n<p class=\"\" data-start=\"841\" data-end=\"935\"><a href=\"https:\/\/minuneanaturii.ro\/blog\/legumele-crucifere-varza-broccoli-conopida-kale-si-beneficiile-lor-pentru-sanatate-si-longevitate\"><strong data-start=\"841\" data-end=\"855\">Sulforafan<\/strong> <\/a>\u2013 din broccoli \u0219i alte crucifere, cre\u0219te expresia p53 \u0219i detoxifierea celular\u0103.<\/p>\n<\/li>\n<li class=\"\" data-start=\"936\" data-end=\"1024\">\n<p class=\"\" data-start=\"938\" data-end=\"1024\"><strong data-start=\"938\" data-end=\"952\">Genisteina<\/strong> \u2013 izoflavon\u0103 din soia, poate activa p53 \u0219i reduce angiogeneza tumoral\u0103.<\/p>\n<\/li>\n<li class=\"\" data-start=\"1025\" data-end=\"1126\">\n<p class=\"\" data-start=\"1027\" data-end=\"1126\"><strong data-start=\"1027\" data-end=\"1062\">EGCG (epigallocatechin gallate)<\/strong> \u2013 din <a href=\"https:\/\/minuneanaturii.ro\/blog\/ceaiul-verde-tipuri-de-ceai-verde-si-beneficii\"><strong>ceaiul verde<\/strong><\/a>, stabilizeaz\u0103 p53 \u0219i opre\u0219te ciclul celular.<\/p>\n<\/li>\n<\/ul>\n<h3 class=\"\" data-start=\"1556\" data-end=\"1605\"><span class=\"ez-toc-section\" id=\"Stresului_oxidativ_cronic_si_P53\"><\/span><strong>Stresului oxidativ cronic \u0219i P53<\/strong><span class=\"ez-toc-section-end\"><\/span><\/h3>\n<p class=\"\" data-start=\"1607\" data-end=\"1782\">De\u0219i p53 r\u0103spunde la stresul oxidativ acut (pentru a induce moartea celulelor afectate), <strong data-start=\"1696\" data-end=\"1741\">stresul oxidativ cronic o poate inactiva<\/strong> sau chiar favoriza muta\u021bii \u00een gena TP53.<\/p>\n<p class=\"\" data-start=\"1784\" data-end=\"1797\">M\u0103suri utile:<\/p>\n<ul data-start=\"1799\" data-end=\"1932\">\n<li class=\"\" data-start=\"1799\" data-end=\"1838\">\n<p class=\"\" data-start=\"1801\" data-end=\"1838\">Diet\u0103 bogat\u0103 \u00een <a href=\"https:\/\/minuneanaturii.ro\/blog\/legitatea-105-culorile-si-sanatatea\"><strong>antioxidan\u021bi naturali<\/strong><\/a><\/p>\n<\/li>\n<li class=\"\" data-start=\"1839\" data-end=\"1900\">\n<p class=\"\" data-start=\"1841\" data-end=\"1900\">Evitarea fumatului, alcoolului excesiv, expunerii la toxine<\/p>\n<\/li>\n<li class=\"\" data-start=\"1901\" data-end=\"1932\">\n<p class=\"\" data-start=\"1903\" data-end=\"1932\">Controlul inflama\u021biei cronice<\/p>\n<\/li>\n<\/ul>\n<h3 class=\"\" data-start=\"1939\" data-end=\"1986\"><span class=\"ez-toc-section\" id=\"Activarea_p53_prin_hormeza_metabolica\"><\/span><strong data-start=\"1949\" data-end=\"1986\">Activarea p53 prin hormez\u0103 metabolic\u0103<\/strong><span class=\"ez-toc-section-end\"><\/span><\/h3>\n<p class=\"\" data-start=\"1988\" data-end=\"2031\">Unele forme de \u201estres bun\u201d la car po\u021bi supune organismul pot stimula p53:<\/p>\n<ul data-start=\"2033\" data-end=\"2202\">\n<li class=\"\" data-start=\"2033\" data-end=\"2095\">\n<p class=\"\" data-start=\"2035\" data-end=\"2095\"><a href=\"https:\/\/minuneanaturii.ro\/blog\/legitatea-75-postul-negru-prelungit-are-ca-rezultat-regenerarea-organismului\"><strong data-start=\"2035\" data-end=\"2057\">Postul<\/strong>\u00a0<\/a>\u0219i <strong data-start=\"2061\" data-end=\"2084\">restric\u021bia caloric\u0103<\/strong> (moderat\u0103)<\/p>\n<\/li>\n<li class=\"\" data-start=\"2096\" data-end=\"2140\">\n<p class=\"\" data-start=\"2098\" data-end=\"2140\"><strong data-start=\"2098\" data-end=\"2140\">Exerci\u021biul fizic intens, dar controlat<\/strong><\/p>\n<\/li>\n<li class=\"\" data-start=\"2141\" data-end=\"2202\">\n<p class=\"\" data-start=\"2143\" data-end=\"2202\"><strong data-start=\"2143\" data-end=\"2181\">Expunerea la frig\/c\u0103ldur\u0103 moderat\u0103<\/strong> (sauna, du\u0219uri reci)<\/p>\n<\/li>\n<\/ul>\n<p class=\"\" data-start=\"2204\" data-end=\"2312\">Acestea declan\u0219eaz\u0103 un r\u0103spuns adaptativ care include activarea p53 pentru men\u021binerea integrit\u0103\u021bii celulare.<\/p>\n<h2 data-start=\"1249\" data-end=\"1262\"><span class=\"ez-toc-section\" id=\"Interviu_cu_Dr_Patrick_Soon-Shiong\"><\/span><strong>Interviu cu <span class=\"relative -mx-px my-[-0.2rem] rounded-sm px-px py-[0.2rem]\">Dr. Patrick Soon-Shiong<\/span><\/strong><span class=\"ez-toc-section-end\"><\/span><\/h2>\n<p>Po\u021bi asculta aceste informa\u021bii direct de la <span class=\"relative -mx-px my-[-0.2rem] rounded-sm px-px py-[0.2rem]\"><strong>Dr. Patrick Soon-Shiong\u00a0<\/strong>\u00een interviul de mai jos acordat lui Tucker Carlson.<\/span><\/p>\n<p><iframe loading=\"lazy\" title=\"Dr. Patrick Soon-Shiong: You\u2019re Being Lied to About Cancer, How It\u2019s Caused, and How to Stop It\" width=\"1020\" height=\"574\" src=\"https:\/\/www.youtube.com\/embed\/mgZaT-OriO8?feature=oembed\" frameborder=\"0\" allow=\"accelerometer; autoplay; clipboard-write; encrypted-media; gyroscope; picture-in-picture; web-share\" referrerpolicy=\"strict-origin-when-cross-origin\" allowfullscreen><\/iframe><\/p>\n<hr \/>\n<p class=\"\" data-start=\"1264\" data-end=\"1389\"><span class=\"relative -mx-px my-[-0.2rem] rounded-sm px-px py-[0.2rem]\">\u00cen\u021belegerea profund\u0103 a mecanismelor imunitare \u0219i a interac\u021biunilor complexe dintre virusuri \u0219i celulele gazd\u0103 este esen\u021bial\u0103 pentru abordarea terapeutic\u0103 eficient\u0103 \u00eempotriva bolilor precum COVID-19 \u0219i cancerul.<\/span> <span class=\"relative -mx-px my-[-0.2rem] rounded-sm px-px py-[0.2rem]\">Abord\u0103rile integrative care sprijin\u0103 celulele T \u0219i \u021bintirea specific\u0103 a proteinelor implicate \u00een oncogenez\u0103, ofer\u0103 perspective promi\u021b\u0103toare \u00een lupta \u00eempotriva acestor afec\u021biuni devastatoare.<\/span><\/p>\n<p data-start=\"1264\" data-end=\"1389\"><em>Bucuros s\u0103 te \u0219tiu s\u0103n\u0103tos,<\/em><br \/>\n<strong>Farm. Adrian Ienin<\/strong><\/p>\n<hr \/>\n<p data-start=\"1264\" data-end=\"1389\">Referin\u021be:<\/p>\n<p data-start=\"1264\" data-end=\"1389\">&#8211; https:\/\/morgridge.org\/community\/teaching-learning\/virology-immunology\/factsheets\/oncogenic-viruses-fact-sheet\/?utm_source=chatgpt.com<br \/>\n&#8211; https:\/\/pmc.ncbi.nlm.nih.gov\/articles\/PMC8250039\/?utm_source=chatgpt.com<br \/>\n&#8211; https:\/\/www.ncbi.nlm.nih.gov\/books\/NBK26827\/?utm_source=chatgpt.com<br \/>\n&#8211; https:\/\/en.wikipedia.org\/wiki\/P53<br \/>\n&#8211; https:\/\/en.wikipedia.org\/wiki\/Patrick_Soon-Shiong<\/p>\n","protected":false},"excerpt":{"rendered":"<p>Dr. Patrick Soon-Shiong, un chirurg \u0219i om de \u0219tiin\u021b\u0103 renumit, este o figur\u0103 remarcabil\u0103 \u00een lumea cercet\u0103rilor \u0219tiin\u021bifice. Abordarea sa impar\u021bial\u0103, cu o perspectiv\u0103 integrativ\u0103 \u0219i holistic\u0103 asupra s\u0103n\u0103t\u0103\u021bii ne face s\u0103 \u00een\u021belegem mai bine cum func\u021bioneaz\u0103 organismul, de ce se \u00eemboln\u0103vesc oamenii cu adev\u0103rat de cancer \u0219i ce paralel\u0103 exist\u0103 \u00eentre COVID-19 \u0219i cancer. &#8230;<\/p>\n","protected":false},"author":101011,"featured_media":8780,"comment_status":"open","ping_status":"closed","sticky":false,"template":"","format":"standard","meta":{"_jetpack_memberships_contains_paid_content":false,"footnotes":""},"categories":[2116,2396,414,5,7],"tags":[],"class_list":["post-8771","post","type-post","status-publish","format-standard","has-post-thumbnail","hentry","category-coronavirus-covid-19","category-longevitate","category-sanatate","category-sfaturi-utile-tips-and-tricks","category-tratamente-naturale"],"yoast_head":"<!-- This site is optimized with the Yoast SEO plugin v28.2 - https:\/\/yoast.com\/product\/yoast-seo-wordpress\/ -->\n<title>Cancerul \u0219i COVID-ul: asem\u0103n\u0103ri ascunse, virusurile oncogenice, rolul imunit\u0103\u021bii celulare \u0219i cum activezi proteina p53 - minuneanaturii.ro<\/title>\n<meta name=\"robots\" content=\"index, follow, max-snippet:-1, max-image-preview:large, max-video-preview:-1\" \/>\n<meta property=\"og:locale\" content=\"ro_RO\" \/>\n<meta property=\"og:type\" content=\"article\" \/>\n<meta property=\"og:title\" content=\"Cancerul \u0219i COVID-ul: asem\u0103n\u0103ri ascunse, virusurile oncogenice, rolul imunit\u0103\u021bii celulare \u0219i cum activezi proteina p53 - Blogul Minunea Naturii\" \/>\n<meta property=\"og:description\" content=\"Dr. Patrick Soon-Shiong, un chirurg \u0219i om de \u0219tiin\u021b\u0103 renumit, este o figur\u0103 remarcabil\u0103 \u00een lumea cercet\u0103rilor \u0219tiin\u021bifice. Abordarea sa impar\u021bial\u0103, cu o perspectiv\u0103 integrativ\u2026\" \/>\n<meta property=\"og:url\" content=\"https:\/\/minuneanaturii.ro\/blog\/cancerul-si-covid-ul-asemanari-ascunse-virusurile-oncogenice-rolul-imunitatii-celulare-si-cum-activezi-proteina-p53\" \/>\n<meta property=\"og:site_name\" content=\"Blogul Minunea Naturii\" \/>\n<meta property=\"article:author\" content=\"https:\/\/www.facebook.com\/minuneanaturii\/\" \/>\n<meta property=\"article:published_time\" content=\"2025-04-11T02:07:19+00:00\" \/>\n<meta property=\"article:modified_time\" content=\"2025-04-13T18:04:09+00:00\" \/>\n<meta property=\"og:image\" content=\"https:\/\/minuneanaturii.ro\/blog\/wp-content\/uploads\/2025\/04\/Cancerul-si-COVID-ul-asemanari-ascunse-virusurile-oncogenice-rolul-imunitatii-celulare-si-cum-activezi-proteina-p53-1024x683.png\" \/>\n\t<meta property=\"og:image:width\" content=\"1024\" \/>\n\t<meta property=\"og:image:height\" content=\"683\" \/>\n\t<meta property=\"og:image:type\" content=\"image\/png\" \/>\n<meta name=\"author\" content=\"Farm. Anca si Adrian Ienin\" \/>\n<meta name=\"twitter:card\" content=\"summary_large_image\" \/>\n<meta name=\"twitter:label1\" content=\"Scris de\" \/>\n\t<meta name=\"twitter:data1\" content=\"Farm. Anca si Adrian Ienin\" \/>\n\t<meta name=\"twitter:label2\" content=\"Timp estimat pentru citire\" \/>\n\t<meta name=\"twitter:data2\" content=\"10 minute\" \/>\n<script type=\"application\/ld+json\" class=\"yoast-schema-graph\">{\"@context\":\"https:\\\/\\\/schema.org\",\"@graph\":[{\"@type\":\"Article\",\"@id\":\"https:\\\/\\\/minuneanaturii.ro\\\/blog\\\/cancerul-si-covid-ul-asemanari-ascunse-virusurile-oncogenice-rolul-imunitatii-celulare-si-cum-activezi-proteina-p53#article\",\"isPartOf\":{\"@id\":\"https:\\\/\\\/minuneanaturii.ro\\\/blog\\\/cancerul-si-covid-ul-asemanari-ascunse-virusurile-oncogenice-rolul-imunitatii-celulare-si-cum-activezi-proteina-p53\"},\"author\":{\"name\":\"Farm. Anca si Adrian Ienin\",\"@id\":\"https:\\\/\\\/minuneanaturii.ro\\\/blog\\\/#\\\/schema\\\/person\\\/f2d61b0d1b99f774c2026e5355657712\"},\"headline\":\"Cancerul \u0219i COVID-ul: asem\u0103n\u0103ri ascunse, virusurile oncogenice, rolul imunit\u0103\u021bii celulare \u0219i cum activezi proteina p53\",\"datePublished\":\"2025-04-11T02:07:19+00:00\",\"dateModified\":\"2025-04-13T18:04:09+00:00\",\"mainEntityOfPage\":{\"@id\":\"https:\\\/\\\/minuneanaturii.ro\\\/blog\\\/cancerul-si-covid-ul-asemanari-ascunse-virusurile-oncogenice-rolul-imunitatii-celulare-si-cum-activezi-proteina-p53\"},\"wordCount\":1926,\"commentCount\":4,\"image\":{\"@id\":\"https:\\\/\\\/minuneanaturii.ro\\\/blog\\\/cancerul-si-covid-ul-asemanari-ascunse-virusurile-oncogenice-rolul-imunitatii-celulare-si-cum-activezi-proteina-p53#primaryimage\"},\"thumbnailUrl\":\"https:\\\/\\\/i0.wp.com\\\/minuneanaturii.ro\\\/blog\\\/wp-content\\\/uploads\\\/2025\\\/04\\\/Cancerul-si-COVID-ul-asemanari-ascunse-virusurile-oncogenice-rolul-imunitatii-celulare-si-cum-activezi-proteina-p53.png?fit=1536%2C1024&ssl=1\",\"articleSection\":[\"Coronavirus (COVID-19)\",\"Longevitate\",\"Sanatate\",\"Sfaturi utile - Tips and Tricks\",\"Tratamente naturale\"],\"inLanguage\":\"ro-RO\",\"potentialAction\":[{\"@type\":\"CommentAction\",\"name\":\"Comment\",\"target\":[\"https:\\\/\\\/minuneanaturii.ro\\\/blog\\\/cancerul-si-covid-ul-asemanari-ascunse-virusurile-oncogenice-rolul-imunitatii-celulare-si-cum-activezi-proteina-p53#respond\"]}]},{\"@type\":\"WebPage\",\"@id\":\"https:\\\/\\\/minuneanaturii.ro\\\/blog\\\/cancerul-si-covid-ul-asemanari-ascunse-virusurile-oncogenice-rolul-imunitatii-celulare-si-cum-activezi-proteina-p53\",\"url\":\"https:\\\/\\\/minuneanaturii.ro\\\/blog\\\/cancerul-si-covid-ul-asemanari-ascunse-virusurile-oncogenice-rolul-imunitatii-celulare-si-cum-activezi-proteina-p53\",\"name\":\"Cancerul \u0219i COVID-ul: asem\u0103n\u0103ri ascunse, virusurile oncogenice, rolul imunit\u0103\u021bii celulare \u0219i cum activezi proteina p53 - Blogul Minunea Naturii\",\"isPartOf\":{\"@id\":\"https:\\\/\\\/minuneanaturii.ro\\\/blog\\\/#website\"},\"primaryImageOfPage\":{\"@id\":\"https:\\\/\\\/minuneanaturii.ro\\\/blog\\\/cancerul-si-covid-ul-asemanari-ascunse-virusurile-oncogenice-rolul-imunitatii-celulare-si-cum-activezi-proteina-p53#primaryimage\"},\"image\":{\"@id\":\"https:\\\/\\\/minuneanaturii.ro\\\/blog\\\/cancerul-si-covid-ul-asemanari-ascunse-virusurile-oncogenice-rolul-imunitatii-celulare-si-cum-activezi-proteina-p53#primaryimage\"},\"thumbnailUrl\":\"https:\\\/\\\/i0.wp.com\\\/minuneanaturii.ro\\\/blog\\\/wp-content\\\/uploads\\\/2025\\\/04\\\/Cancerul-si-COVID-ul-asemanari-ascunse-virusurile-oncogenice-rolul-imunitatii-celulare-si-cum-activezi-proteina-p53.png?fit=1536%2C1024&ssl=1\",\"datePublished\":\"2025-04-11T02:07:19+00:00\",\"dateModified\":\"2025-04-13T18:04:09+00:00\",\"author\":{\"@id\":\"https:\\\/\\\/minuneanaturii.ro\\\/blog\\\/#\\\/schema\\\/person\\\/f2d61b0d1b99f774c2026e5355657712\"},\"breadcrumb\":{\"@id\":\"https:\\\/\\\/minuneanaturii.ro\\\/blog\\\/cancerul-si-covid-ul-asemanari-ascunse-virusurile-oncogenice-rolul-imunitatii-celulare-si-cum-activezi-proteina-p53#breadcrumb\"},\"inLanguage\":\"ro-RO\",\"potentialAction\":[{\"@type\":\"ReadAction\",\"target\":[\"https:\\\/\\\/minuneanaturii.ro\\\/blog\\\/cancerul-si-covid-ul-asemanari-ascunse-virusurile-oncogenice-rolul-imunitatii-celulare-si-cum-activezi-proteina-p53\"]}]},{\"@type\":\"ImageObject\",\"inLanguage\":\"ro-RO\",\"@id\":\"https:\\\/\\\/minuneanaturii.ro\\\/blog\\\/cancerul-si-covid-ul-asemanari-ascunse-virusurile-oncogenice-rolul-imunitatii-celulare-si-cum-activezi-proteina-p53#primaryimage\",\"url\":\"https:\\\/\\\/i0.wp.com\\\/minuneanaturii.ro\\\/blog\\\/wp-content\\\/uploads\\\/2025\\\/04\\\/Cancerul-si-COVID-ul-asemanari-ascunse-virusurile-oncogenice-rolul-imunitatii-celulare-si-cum-activezi-proteina-p53.png?fit=1536%2C1024&ssl=1\",\"contentUrl\":\"https:\\\/\\\/i0.wp.com\\\/minuneanaturii.ro\\\/blog\\\/wp-content\\\/uploads\\\/2025\\\/04\\\/Cancerul-si-COVID-ul-asemanari-ascunse-virusurile-oncogenice-rolul-imunitatii-celulare-si-cum-activezi-proteina-p53.png?fit=1536%2C1024&ssl=1\",\"width\":1536,\"height\":1024,\"caption\":\"Cancerul \u0219i COVID-ul: asem\u0103n\u0103ri ascunse, virusurile oncogenice, rolul imunit\u0103\u021bii celulare \u0219i cum activezi proteina p53\"},{\"@type\":\"BreadcrumbList\",\"@id\":\"https:\\\/\\\/minuneanaturii.ro\\\/blog\\\/cancerul-si-covid-ul-asemanari-ascunse-virusurile-oncogenice-rolul-imunitatii-celulare-si-cum-activezi-proteina-p53#breadcrumb\",\"itemListElement\":[{\"@type\":\"ListItem\",\"position\":1,\"name\":\"Prima pagin\u0103\",\"item\":\"https:\\\/\\\/minuneanaturii.ro\\\/blog\\\/\"},{\"@type\":\"ListItem\",\"position\":2,\"name\":\"Cancerul \u0219i COVID-ul: asem\u0103n\u0103ri ascunse, virusurile oncogenice, rolul imunit\u0103\u021bii celulare \u0219i cum activezi proteina p53\"}]},{\"@type\":\"WebSite\",\"@id\":\"https:\\\/\\\/minuneanaturii.ro\\\/blog\\\/#website\",\"url\":\"https:\\\/\\\/minuneanaturii.ro\\\/blog\\\/\",\"name\":\"Blogul Minunea Naturii\",\"description\":\"informatii utile despre sanatate, alimentatie si tratemnte holistice\",\"potentialAction\":[{\"@type\":\"SearchAction\",\"target\":{\"@type\":\"EntryPoint\",\"urlTemplate\":\"https:\\\/\\\/minuneanaturii.ro\\\/blog\\\/?s={search_term_string}\"},\"query-input\":{\"@type\":\"PropertyValueSpecification\",\"valueRequired\":true,\"valueName\":\"search_term_string\"}}],\"inLanguage\":\"ro-RO\"},{\"@type\":\"Person\",\"@id\":\"https:\\\/\\\/minuneanaturii.ro\\\/blog\\\/#\\\/schema\\\/person\\\/f2d61b0d1b99f774c2026e5355657712\",\"name\":\"Farm. Anca si Adrian Ienin\",\"image\":{\"@type\":\"ImageObject\",\"inLanguage\":\"ro-RO\",\"@id\":\"https:\\\/\\\/secure.gravatar.com\\\/avatar\\\/ad4ecb84085c66eae03365f7a2f872d8fee2056710d75b48754261be4b5f8abd?s=96&d=mm&r=g\",\"url\":\"https:\\\/\\\/secure.gravatar.com\\\/avatar\\\/ad4ecb84085c66eae03365f7a2f872d8fee2056710d75b48754261be4b5f8abd?s=96&d=mm&r=g\",\"contentUrl\":\"https:\\\/\\\/secure.gravatar.com\\\/avatar\\\/ad4ecb84085c66eae03365f7a2f872d8fee2056710d75b48754261be4b5f8abd?s=96&d=mm&r=g\",\"caption\":\"Farm. Anca si Adrian Ienin\"},\"description\":\"Anca si Adrian Ienin, farmacisti naturopati si fondatori ai conceptului Minunea Naturii. Au transformat pasiunea pentru alimentatie, stil de viata sanatos si tratamente naturale intr-un concept dedicat sanatatii depline. Scriu articole documentate de ultimele studii in domeniu si din experienta directa cu pacientii. Cred in exemplul propriu si integritate, astfel informatia furnizata este credibila si autentica. Farm. Anca \u0219i Adrian Ienin sunt co-fondatorii conceptului Minunea Naturii \u0219i promotori ai unei viziuni integrative asupra s\u0103n\u0103t\u0103\u021bii, \u00een care \u0219tiin\u021ba modern\u0103 se \u00eent\u00e2lne\u0219te cu \u00een\u021belepciunea tradi\u021bional\u0103. Cu o experien\u021b\u0103 de peste un deceniu \u00een domeniul terapiilor naturale, nutri\u021biei func\u021bionale \u0219i suplimentelor de calitate, cei doi autori ofer\u0103 informa\u021bii valoroase, bine documentate \u0219i orientate spre rezultate reale \u00een echilibrarea organismului. Prin articolele \u0219i proiectele lor educa\u021bionale, Anca \u0219i Adrian \u00eencurajeaz\u0103 oamenii s\u0103 \u00ee\u0219i asume responsabilitatea pentru propria s\u0103n\u0103tate, s\u0103 \u00ee\u0219i dezvolte discern\u0103m\u00e2ntul \u00een alegerea produselor naturale \u0219i s\u0103 adopte un stil de via\u021b\u0103 con\u0219tient, \u00een armonie cu ritmurile corpului \u0219i ale naturii. Articolele lor \u00eembin\u0103 rigoarea \u0219tiin\u021bific\u0103 cu empatia practic\u0103, av\u00e2nd la baz\u0103 at\u00e2t cuno\u0219tin\u021be academice, c\u00e2t \u0219i experien\u021b\u0103 direct\u0103 cu mii de clien\u021bi \u0219i pacien\u021bi. Viziunea lor este una clar\u0103: s\u0103n\u0103tatea nu se reduce la absen\u021ba bolii, ci este un proces activ de echilibru fizic, emo\u021bional, mental \u0219i spiritual \u2013 un drum spre vitalitate, autonomie \u0219i sens.\",\"sameAs\":[\"https:\\\/\\\/www.minuneanaturii.ro\",\"https:\\\/\\\/www.facebook.com\\\/minuneanaturii\\\/\",\"https:\\\/\\\/www.instagram.com\\\/minuneanaturii\\\/\",\"https:\\\/\\\/www.linkedin.com\\\/company\\\/minunea-naturii\",\"https:\\\/\\\/www.youtube.com\\\/@MinuneaNaturii\"],\"url\":\"https:\\\/\\\/minuneanaturii.ro\\\/blog\\\/author\\\/ancasiadrianienin\"}]}<\/script>\n<!-- \/ Yoast SEO plugin. -->","yoast_head_json":{"title":"Cancerul \u0219i COVID-ul: asem\u0103n\u0103ri ascunse, virusurile oncogenice, rolul imunit\u0103\u021bii celulare \u0219i cum activezi proteina p53 - minuneanaturii.ro","robots":{"index":"index","follow":"follow","max-snippet":"max-snippet:-1","max-image-preview":"max-image-preview:large","max-video-preview":"max-video-preview:-1"},"og_locale":"ro_RO","og_type":"article","og_title":"Cancerul \u0219i COVID-ul: asem\u0103n\u0103ri ascunse, virusurile oncogenice, rolul imunit\u0103\u021bii celulare \u0219i cum activezi proteina p53 - Blogul Minunea Naturii","og_description":"Dr. Patrick Soon-Shiong, un chirurg \u0219i om de \u0219tiin\u021b\u0103 renumit, este o figur\u0103 remarcabil\u0103 \u00een lumea cercet\u0103rilor \u0219tiin\u021bifice. Abordarea sa impar\u021bial\u0103, cu o perspectiv\u0103 integrativ\u2026","og_url":"https:\/\/minuneanaturii.ro\/blog\/cancerul-si-covid-ul-asemanari-ascunse-virusurile-oncogenice-rolul-imunitatii-celulare-si-cum-activezi-proteina-p53","og_site_name":"Blogul Minunea Naturii","article_author":"https:\/\/www.facebook.com\/minuneanaturii\/","article_published_time":"2025-04-11T02:07:19+00:00","article_modified_time":"2025-04-13T18:04:09+00:00","og_image":[{"width":1024,"height":683,"url":"https:\/\/minuneanaturii.ro\/blog\/wp-content\/uploads\/2025\/04\/Cancerul-si-COVID-ul-asemanari-ascunse-virusurile-oncogenice-rolul-imunitatii-celulare-si-cum-activezi-proteina-p53-1024x683.png","type":"image\/png"}],"author":"Farm. Anca si Adrian Ienin","twitter_card":"summary_large_image","twitter_misc":{"Scris de":"Farm. Anca si Adrian Ienin","Timp estimat pentru citire":"10 minute"},"schema":{"@context":"https:\/\/schema.org","@graph":[{"@type":"Article","@id":"https:\/\/minuneanaturii.ro\/blog\/cancerul-si-covid-ul-asemanari-ascunse-virusurile-oncogenice-rolul-imunitatii-celulare-si-cum-activezi-proteina-p53#article","isPartOf":{"@id":"https:\/\/minuneanaturii.ro\/blog\/cancerul-si-covid-ul-asemanari-ascunse-virusurile-oncogenice-rolul-imunitatii-celulare-si-cum-activezi-proteina-p53"},"author":{"name":"Farm. Anca si Adrian Ienin","@id":"https:\/\/minuneanaturii.ro\/blog\/#\/schema\/person\/f2d61b0d1b99f774c2026e5355657712"},"headline":"Cancerul \u0219i COVID-ul: asem\u0103n\u0103ri ascunse, virusurile oncogenice, rolul imunit\u0103\u021bii celulare \u0219i cum activezi proteina p53","datePublished":"2025-04-11T02:07:19+00:00","dateModified":"2025-04-13T18:04:09+00:00","mainEntityOfPage":{"@id":"https:\/\/minuneanaturii.ro\/blog\/cancerul-si-covid-ul-asemanari-ascunse-virusurile-oncogenice-rolul-imunitatii-celulare-si-cum-activezi-proteina-p53"},"wordCount":1926,"commentCount":4,"image":{"@id":"https:\/\/minuneanaturii.ro\/blog\/cancerul-si-covid-ul-asemanari-ascunse-virusurile-oncogenice-rolul-imunitatii-celulare-si-cum-activezi-proteina-p53#primaryimage"},"thumbnailUrl":"https:\/\/i0.wp.com\/minuneanaturii.ro\/blog\/wp-content\/uploads\/2025\/04\/Cancerul-si-COVID-ul-asemanari-ascunse-virusurile-oncogenice-rolul-imunitatii-celulare-si-cum-activezi-proteina-p53.png?fit=1536%2C1024&ssl=1","articleSection":["Coronavirus (COVID-19)","Longevitate","Sanatate","Sfaturi utile - Tips and Tricks","Tratamente naturale"],"inLanguage":"ro-RO","potentialAction":[{"@type":"CommentAction","name":"Comment","target":["https:\/\/minuneanaturii.ro\/blog\/cancerul-si-covid-ul-asemanari-ascunse-virusurile-oncogenice-rolul-imunitatii-celulare-si-cum-activezi-proteina-p53#respond"]}]},{"@type":"WebPage","@id":"https:\/\/minuneanaturii.ro\/blog\/cancerul-si-covid-ul-asemanari-ascunse-virusurile-oncogenice-rolul-imunitatii-celulare-si-cum-activezi-proteina-p53","url":"https:\/\/minuneanaturii.ro\/blog\/cancerul-si-covid-ul-asemanari-ascunse-virusurile-oncogenice-rolul-imunitatii-celulare-si-cum-activezi-proteina-p53","name":"Cancerul \u0219i COVID-ul: asem\u0103n\u0103ri ascunse, virusurile oncogenice, rolul imunit\u0103\u021bii celulare \u0219i cum activezi proteina p53 - Blogul Minunea Naturii","isPartOf":{"@id":"https:\/\/minuneanaturii.ro\/blog\/#website"},"primaryImageOfPage":{"@id":"https:\/\/minuneanaturii.ro\/blog\/cancerul-si-covid-ul-asemanari-ascunse-virusurile-oncogenice-rolul-imunitatii-celulare-si-cum-activezi-proteina-p53#primaryimage"},"image":{"@id":"https:\/\/minuneanaturii.ro\/blog\/cancerul-si-covid-ul-asemanari-ascunse-virusurile-oncogenice-rolul-imunitatii-celulare-si-cum-activezi-proteina-p53#primaryimage"},"thumbnailUrl":"https:\/\/i0.wp.com\/minuneanaturii.ro\/blog\/wp-content\/uploads\/2025\/04\/Cancerul-si-COVID-ul-asemanari-ascunse-virusurile-oncogenice-rolul-imunitatii-celulare-si-cum-activezi-proteina-p53.png?fit=1536%2C1024&ssl=1","datePublished":"2025-04-11T02:07:19+00:00","dateModified":"2025-04-13T18:04:09+00:00","author":{"@id":"https:\/\/minuneanaturii.ro\/blog\/#\/schema\/person\/f2d61b0d1b99f774c2026e5355657712"},"breadcrumb":{"@id":"https:\/\/minuneanaturii.ro\/blog\/cancerul-si-covid-ul-asemanari-ascunse-virusurile-oncogenice-rolul-imunitatii-celulare-si-cum-activezi-proteina-p53#breadcrumb"},"inLanguage":"ro-RO","potentialAction":[{"@type":"ReadAction","target":["https:\/\/minuneanaturii.ro\/blog\/cancerul-si-covid-ul-asemanari-ascunse-virusurile-oncogenice-rolul-imunitatii-celulare-si-cum-activezi-proteina-p53"]}]},{"@type":"ImageObject","inLanguage":"ro-RO","@id":"https:\/\/minuneanaturii.ro\/blog\/cancerul-si-covid-ul-asemanari-ascunse-virusurile-oncogenice-rolul-imunitatii-celulare-si-cum-activezi-proteina-p53#primaryimage","url":"https:\/\/i0.wp.com\/minuneanaturii.ro\/blog\/wp-content\/uploads\/2025\/04\/Cancerul-si-COVID-ul-asemanari-ascunse-virusurile-oncogenice-rolul-imunitatii-celulare-si-cum-activezi-proteina-p53.png?fit=1536%2C1024&ssl=1","contentUrl":"https:\/\/i0.wp.com\/minuneanaturii.ro\/blog\/wp-content\/uploads\/2025\/04\/Cancerul-si-COVID-ul-asemanari-ascunse-virusurile-oncogenice-rolul-imunitatii-celulare-si-cum-activezi-proteina-p53.png?fit=1536%2C1024&ssl=1","width":1536,"height":1024,"caption":"Cancerul \u0219i COVID-ul: asem\u0103n\u0103ri ascunse, virusurile oncogenice, rolul imunit\u0103\u021bii celulare \u0219i cum activezi proteina p53"},{"@type":"BreadcrumbList","@id":"https:\/\/minuneanaturii.ro\/blog\/cancerul-si-covid-ul-asemanari-ascunse-virusurile-oncogenice-rolul-imunitatii-celulare-si-cum-activezi-proteina-p53#breadcrumb","itemListElement":[{"@type":"ListItem","position":1,"name":"Prima pagin\u0103","item":"https:\/\/minuneanaturii.ro\/blog\/"},{"@type":"ListItem","position":2,"name":"Cancerul \u0219i COVID-ul: asem\u0103n\u0103ri ascunse, virusurile oncogenice, rolul imunit\u0103\u021bii celulare \u0219i cum activezi proteina p53"}]},{"@type":"WebSite","@id":"https:\/\/minuneanaturii.ro\/blog\/#website","url":"https:\/\/minuneanaturii.ro\/blog\/","name":"Blogul Minunea Naturii","description":"informatii utile despre sanatate, alimentatie si tratemnte holistice","potentialAction":[{"@type":"SearchAction","target":{"@type":"EntryPoint","urlTemplate":"https:\/\/minuneanaturii.ro\/blog\/?s={search_term_string}"},"query-input":{"@type":"PropertyValueSpecification","valueRequired":true,"valueName":"search_term_string"}}],"inLanguage":"ro-RO"},{"@type":"Person","@id":"https:\/\/minuneanaturii.ro\/blog\/#\/schema\/person\/f2d61b0d1b99f774c2026e5355657712","name":"Farm. Anca si Adrian Ienin","image":{"@type":"ImageObject","inLanguage":"ro-RO","@id":"https:\/\/secure.gravatar.com\/avatar\/ad4ecb84085c66eae03365f7a2f872d8fee2056710d75b48754261be4b5f8abd?s=96&d=mm&r=g","url":"https:\/\/secure.gravatar.com\/avatar\/ad4ecb84085c66eae03365f7a2f872d8fee2056710d75b48754261be4b5f8abd?s=96&d=mm&r=g","contentUrl":"https:\/\/secure.gravatar.com\/avatar\/ad4ecb84085c66eae03365f7a2f872d8fee2056710d75b48754261be4b5f8abd?s=96&d=mm&r=g","caption":"Farm. Anca si Adrian Ienin"},"description":"Anca si Adrian Ienin, farmacisti naturopati si fondatori ai conceptului Minunea Naturii. Au transformat pasiunea pentru alimentatie, stil de viata sanatos si tratamente naturale intr-un concept dedicat sanatatii depline. Scriu articole documentate de ultimele studii in domeniu si din experienta directa cu pacientii. Cred in exemplul propriu si integritate, astfel informatia furnizata este credibila si autentica. Farm. Anca \u0219i Adrian Ienin sunt co-fondatorii conceptului Minunea Naturii \u0219i promotori ai unei viziuni integrative asupra s\u0103n\u0103t\u0103\u021bii, \u00een care \u0219tiin\u021ba modern\u0103 se \u00eent\u00e2lne\u0219te cu \u00een\u021belepciunea tradi\u021bional\u0103. Cu o experien\u021b\u0103 de peste un deceniu \u00een domeniul terapiilor naturale, nutri\u021biei func\u021bionale \u0219i suplimentelor de calitate, cei doi autori ofer\u0103 informa\u021bii valoroase, bine documentate \u0219i orientate spre rezultate reale \u00een echilibrarea organismului. Prin articolele \u0219i proiectele lor educa\u021bionale, Anca \u0219i Adrian \u00eencurajeaz\u0103 oamenii s\u0103 \u00ee\u0219i asume responsabilitatea pentru propria s\u0103n\u0103tate, s\u0103 \u00ee\u0219i dezvolte discern\u0103m\u00e2ntul \u00een alegerea produselor naturale \u0219i s\u0103 adopte un stil de via\u021b\u0103 con\u0219tient, \u00een armonie cu ritmurile corpului \u0219i ale naturii. Articolele lor \u00eembin\u0103 rigoarea \u0219tiin\u021bific\u0103 cu empatia practic\u0103, av\u00e2nd la baz\u0103 at\u00e2t cuno\u0219tin\u021be academice, c\u00e2t \u0219i experien\u021b\u0103 direct\u0103 cu mii de clien\u021bi \u0219i pacien\u021bi. Viziunea lor este una clar\u0103: s\u0103n\u0103tatea nu se reduce la absen\u021ba bolii, ci este un proces activ de echilibru fizic, emo\u021bional, mental \u0219i spiritual \u2013 un drum spre vitalitate, autonomie \u0219i sens.","sameAs":["https:\/\/www.minuneanaturii.ro","https:\/\/www.facebook.com\/minuneanaturii\/","https:\/\/www.instagram.com\/minuneanaturii\/","https:\/\/www.linkedin.com\/company\/minunea-naturii","https:\/\/www.youtube.com\/@MinuneaNaturii"],"url":"https:\/\/minuneanaturii.ro\/blog\/author\/ancasiadrianienin"}]}},"jetpack_featured_media_url":"https:\/\/i0.wp.com\/minuneanaturii.ro\/blog\/wp-content\/uploads\/2025\/04\/Cancerul-si-COVID-ul-asemanari-ascunse-virusurile-oncogenice-rolul-imunitatii-celulare-si-cum-activezi-proteina-p53.png?fit=1536%2C1024&ssl=1","jetpack_sharing_enabled":true,"_links":{"self":[{"href":"https:\/\/minuneanaturii.ro\/blog\/wp-json\/wp\/v2\/posts\/8771","targetHints":{"allow":["GET"]}}],"collection":[{"href":"https:\/\/minuneanaturii.ro\/blog\/wp-json\/wp\/v2\/posts"}],"about":[{"href":"https:\/\/minuneanaturii.ro\/blog\/wp-json\/wp\/v2\/types\/post"}],"author":[{"embeddable":true,"href":"https:\/\/minuneanaturii.ro\/blog\/wp-json\/wp\/v2\/users\/101011"}],"replies":[{"embeddable":true,"href":"https:\/\/minuneanaturii.ro\/blog\/wp-json\/wp\/v2\/comments?post=8771"}],"version-history":[{"count":5,"href":"https:\/\/minuneanaturii.ro\/blog\/wp-json\/wp\/v2\/posts\/8771\/revisions"}],"predecessor-version":[{"id":8795,"href":"https:\/\/minuneanaturii.ro\/blog\/wp-json\/wp\/v2\/posts\/8771\/revisions\/8795"}],"wp:featuredmedia":[{"embeddable":true,"href":"https:\/\/minuneanaturii.ro\/blog\/wp-json\/wp\/v2\/media\/8780"}],"wp:attachment":[{"href":"https:\/\/minuneanaturii.ro\/blog\/wp-json\/wp\/v2\/media?parent=8771"}],"wp:term":[{"taxonomy":"category","embeddable":true,"href":"https:\/\/minuneanaturii.ro\/blog\/wp-json\/wp\/v2\/categories?post=8771"},{"taxonomy":"post_tag","embeddable":true,"href":"https:\/\/minuneanaturii.ro\/blog\/wp-json\/wp\/v2\/tags?post=8771"}],"curies":[{"name":"wp","href":"https:\/\/api.w.org\/{rel}","templated":true}]}}