{"id":8501,"date":"2024-12-11T20:58:56","date_gmt":"2024-12-11T18:58:56","guid":{"rendered":"https:\/\/minuneanaturii.ro\/blog\/?p=8501"},"modified":"2024-12-12T05:35:08","modified_gmt":"2024-12-12T03:35:08","slug":"insecuritatea-sociala-polarizarea-si-impactul-asupra-sanatatii-legitatea-578","status":"publish","type":"post","link":"https:\/\/minuneanaturii.ro\/blog\/insecuritatea-sociala-polarizarea-si-impactul-asupra-sanatatii-legitatea-578","title":{"rendered":"Insecuritatea social\u0103, polarizarea \u0219i impactul asupra s\u0103n\u0103t\u0103\u021bii (Legitatea #578)"},"content":{"rendered":"<div id=\"ez-toc-container\" class=\"ez-toc-v2_0_87 ez-toc-wrap-left counter-hierarchy ez-toc-counter ez-toc-white ez-toc-container-direction\">\n<div class=\"ez-toc-title-container\">\n<p class=\"ez-toc-title\" style=\"cursor:inherit\">Continut articol<\/p>\n<span class=\"ez-toc-title-toggle\"><\/span><\/div>\n<nav><ul class='ez-toc-list ez-toc-list-level-1 ' ><li class='ez-toc-page-1 ez-toc-heading-level-2'><a class=\"ez-toc-link ez-toc-heading-1\" href=\"#\" data-href=\"https:\/\/minuneanaturii.ro\/blog\/insecuritatea-sociala-polarizarea-si-impactul-asupra-sanatatii-legitatea-578\/#Stresul_social_si_efectele_asupra_corpului\" >Stresul social \u0219i efectele asupra corpului<\/a><\/li><li class='ez-toc-page-1 ez-toc-heading-level-2'><a class=\"ez-toc-link ez-toc-heading-2\" href=\"#\" data-href=\"https:\/\/minuneanaturii.ro\/blog\/insecuritatea-sociala-polarizarea-si-impactul-asupra-sanatatii-legitatea-578\/#Legatura_cu_dopamina_si_mancatul_compulsiv\" >Leg\u0103tura cu dopamina \u0219i m\u00e2ncatul compulsiv<\/a><\/li><li class='ez-toc-page-1 ez-toc-heading-level-2'><a class=\"ez-toc-link ez-toc-heading-3\" href=\"#\" data-href=\"https:\/\/minuneanaturii.ro\/blog\/insecuritatea-sociala-polarizarea-si-impactul-asupra-sanatatii-legitatea-578\/#Alegerile_nesanatoase_de_sarbatori\" >Alegerile nes\u0103n\u0103toase de s\u0103rb\u0103tori<\/a><\/li><li class='ez-toc-page-1 ez-toc-heading-level-2'><a class=\"ez-toc-link ez-toc-heading-4\" href=\"#\" data-href=\"https:\/\/minuneanaturii.ro\/blog\/insecuritatea-sociala-polarizarea-si-impactul-asupra-sanatatii-legitatea-578\/#Solutii_pentru_mentinerea_echilibrului\" >Solu\u021bii pentru men\u021binerea echilibrului<\/a><\/li><\/ul><\/nav><\/div>\n<p data-pm-slice=\"1 1 []\">Alegerile parlamentare \u0219i preziden\u021biale din ultima perioada (n.r. nov-dec. 2024) au fost un moment de mare <strong>tensiune social\u0103<\/strong>, acompaniat\u0103 de sentimente de<strong> insecuritate, nesiguran\u021b\u0103 \u0219i polarizare<\/strong> intens\u0103 \u00een societate. Aceste emo\u021bii colective nu doar c\u0103 <strong>afecteaz\u0103 psihicul individual<\/strong>, dar pot avea \u0219i consecin\u021be directe asupra<strong> s\u0103n\u0103t\u0103\u021bii fizice \u0219i comportamentului alimentar al oamenilor<\/strong>.<\/p>\n<p data-pm-slice=\"1 1 []\">Astfel c\u0103 ar fi bine s\u0103 fim con\u0219tien\u021bi de acest aspect!<\/p>\n<h2><span class=\"ez-toc-section\" id=\"Stresul_social_si_efectele_asupra_corpului\"><\/span><strong>Stresul social \u0219i efectele asupra corpului<\/strong><span class=\"ez-toc-section-end\"><\/span><\/h2>\n<p>Stresul provocat de <strong>nedrept\u0103\u021bile percepute<\/strong>, de<strong> incertitudinea politic\u0103<\/strong> \u0219i de <strong>polarizarea \u00een comunitate<\/strong> poate declan\u0219a o <strong>reac\u021bie biologic\u0103 \u00ee<\/strong>n lan\u021b. Corpul uman percepe aceste situa\u021bii ca pe o <strong>amenin\u021bare<\/strong>, ceea ce activeaz\u0103 <strong>axa hipotalamo-hipofizo-adrenal\u0103 (HPA).<\/strong> Aceast\u0103 activare conduce la eliberarea de <a href=\"https:\/\/minuneanaturii.ro\/blog\/cortizolul-sau-cine-te-trezeste-dimineata-legitatea-262\"><strong>cortizol<\/strong><\/a>, hormonul stresului, care, pe termen lung, este asociat cu:<\/p>\n<ul data-spread=\"false\">\n<li><strong>Cre\u0219terea apetitului<\/strong>, mai ales pentru alimente bogate \u00een zaharuri \u0219i gr\u0103simi.<\/li>\n<li><strong>Depozitarea gr\u0103simii viscerale<\/strong>, cresc\u00e2nd riscul pentru boli cardiovasculare \u0219i diabet; corpul creeaz\u0103 un<strong> \u201escut\u201d de siguran\u021b\u0103<\/strong> \u00een jurul abdomenului!<\/li>\n<li><strong>Deregl\u0103ri ale somnului,<\/strong> care amplific\u0103 poftele alimentare \u0219i reduc autocontrolul.<\/li>\n<li><strong>Defocusare \u0219i lips\u0103 de concentrare<\/strong> \u00een task-urile zilnice \u0219i proiectele proprii.<\/li>\n<\/ul>\n<h2 data-pm-slice=\"1 1 []\"><span class=\"ez-toc-section\" id=\"Legatura_cu_dopamina_si_mancatul_compulsiv\"><\/span><strong>Leg\u0103tura cu dopamina \u0219i m\u00e2ncatul compulsiv<\/strong><span class=\"ez-toc-section-end\"><\/span><\/h2>\n<p>Stresul asociat cu aceste evenimente determin\u0103 sc\u0103derea nivelului de <a href=\"https:\/\/minuneanaturii.ro\/blog\/legitatea-156-dopamina-invinge-ratiunea\"><strong>dopamin\u0103<\/strong><\/a>, un neurotransmi\u021b\u0103tor asociat cu pl\u0103cerea \u0219i recompensele. Aceast\u0103 deficien\u021b\u0103 creeaz\u0103 o nevoie acut\u0103 de recompensare rapid\u0103, ceea ce poate conduce la <strong>m\u00e2ncat compulsiv<\/strong>. Alimentele bogate \u00een zaharuri \u0219i gr\u0103simi stimuleaz\u0103 <strong>eliberarea temporar\u0103 de dopamin\u0103, oferind o senza\u021bie de confort,<\/strong> dar pe termen lung amplific\u0103 dependen\u021ba de astfel de alegeri alimentare nes\u0103n\u0103toase.<\/p>\n<p>Ciclul de recompens\u0103 asociat cu dopamina explic\u0103 de ce mul\u021bi oameni recurg la <strong>m\u00e2ncatul emo\u021bional<\/strong> \u00een perioadele de stres. Lipsa satisfac\u021biei emo\u021bionale sau a unui sentiment de control determin\u0103 organismul s\u0103 caute solu\u021bii rapide prin m\u0103ncare, ceea ce poate duce la un cerc vicios al exceselor alimentare \u0219i al sentimentelor de vinov\u0103\u021bie care amplific\u0103 \u0219i mai mult stresul.<\/p>\n<p>&#8230;a\u0219adar ai grij\u0103 la excesele la care e\u0219ti predispus de acest Cr\u0103ciun!<\/p>\n<h2><span class=\"ez-toc-section\" id=\"Alegerile_nesanatoase_de_sarbatori\"><\/span><strong>Alegerile nes\u0103n\u0103toase de s\u0103rb\u0103tori<\/strong><span class=\"ez-toc-section-end\"><\/span><\/h2>\n<p>Perioada s\u0103rb\u0103torilor de iarn\u0103, deja marcat\u0103 de obiceiuri alimentare excesive, devine \u0219i mai problematic\u0103 c\u00e2nd este acompaniat\u0103 de un context socio-politic tensionat. Rom\u00e2nii care resimt nedrept\u0103\u021bi sau polarizare pot fi mai predispu\u0219i la:<\/p>\n<ul data-spread=\"false\">\n<li><strong>M\u00e2ncat emo\u021bional:<\/strong> Consumul exagerat de dulciuri \u0219i preparate tradi\u021bionale ca <strong>mecanism de confort \u00een fa\u021ba stresului.<\/strong><\/li>\n<li><strong>Alegeri impulsive:<\/strong> Lipsa timpului \u0219i a energiei pentru preg\u0103tiri echilibrate \u00eei determin\u0103 pe mul\u021bi s\u0103 cumpere m\u00e2ncare procesat\u0103, gata preparat\u0103 sau sau fast food.<\/li>\n<li><strong>Neglijarea activit\u0103\u021bii fizice:<\/strong> Tensiunile emo\u021bionale pot reduce motiva\u021bia pentru mi\u0219care, cresc\u00e2nd riscul pentru acumularea kilogramelor.<\/li>\n<\/ul>\n<p>Sau po\u021bi alege un <a title=\"\" href=\"https:\/\/minuneanaturii.ro\/blog\/ce-pot-sa-mananc-sanatos-si-gustos-de-sarbatori\" target=\"_blank\" rel=\"noopener\"><strong>meniu s\u0103n\u0103tos de s\u0103rb\u0103tori<\/strong><\/a> \u0219i s\u0103-\u021bi lini\u0219te\u0219ti mintea! :)<\/p>\n<h2><span class=\"ez-toc-section\" id=\"Solutii_pentru_mentinerea_echilibrului\"><\/span><strong>Solu\u021bii pentru men\u021binerea echilibrului<\/strong><span class=\"ez-toc-section-end\"><\/span><\/h2>\n<p>Chiar \u0219i \u00eentr-un climat social dificil, exist\u0103 strategii practice prin care rom\u00e2nii pot contracara efectele negative asupra s\u0103n\u0103t\u0103\u021bii lor:<\/p>\n<ol start=\"1\" data-spread=\"true\">\n<li><strong>Recunoa\u0219terea emo\u021biilor:<\/strong> Este esen\u021bial ca fiecare s\u0103 \u00ee\u0219i acorde timp pentru a reflecta asupra propriilor emo\u021bii. Jurnalele emo\u021bionale sau conversa\u021biile cu persoane de \u00eencredere pot ajuta la procesarea stresului.<\/li>\n<li><strong>Evitarea divergen\u021belor:<\/strong> Votul este secret \u0219i liber exprimat, astfel c\u0103 fiecare dintre noi avem dreptul la o p\u0103rere sau o opinie, dar \u00een acela\u0219i timp realitatea noastr\u0103 nu este realitatea tuturor! Astfel nu intra \u00een divergen\u021be sau ceart\u0103 cu familia, prietenii, vecinii \u0219i cuno\u0219tin\u021bele!<\/li>\n<li><strong>Adoptarea unui plan alimentar:<\/strong> Planificarea <a href=\"https:\/\/minuneanaturii.ro\/blog\/ce-pot-sa-mananc-sanatos-si-gustos-de-sarbatori\"><strong>meselor pentru s\u0103rb\u0103tori<\/strong><\/a>, incluz\u00e2nd alimente proaspete, legume \u0219i gr\u0103simi s\u0103n\u0103toase, poate preveni m\u00e2ncatul excesiv.<\/li>\n<li><strong>Tehnici de relaxare:<\/strong> Practici precum rug\u0103ciunea sau exerci\u021biile de respira\u021bie profund\u0103 pot reduce nivelurile de cortizol \u0219i pot calma mintea.<\/li>\n<li><strong>Mi\u0219carea regulat\u0103:<\/strong> Orice form\u0103 de sport sau chiar \u0219i plimb\u0103rile scurte pot elibera <a href=\"https:\/\/minuneanaturii.ro\/blog\/legitatea-155-neurotransmitatorii-sunt-substantele-fericirii\"><strong>endorfine<\/strong> <\/a>\u0219i pot combate efectele stresului.<\/li>\n<\/ol>\n<hr \/>\n<p>Nu uita c\u0103 merit\u0103 s\u0103 te \u201estresezi\u201d doar pentru ceva ce po\u021bi influen\u021ba direct, iar alegerile preziden\u021biale sau parlamentare pot determina o polarizarea social\u0103 \u0219i pot avea un impact profund asupra noastr\u0103, dep\u0103\u0219ind grani\u021bele politicii \u0219i infiltr\u00e2ndu-se \u00een obiceiurile zilnice \u0219i s\u0103n\u0103tatea noastr\u0103. Cu toate acestea, prin con\u0219tientizare \u0219i strategie, fiecare persoan\u0103 poate s\u0103 adopte obiceiuri care s\u0103 \u00eei protejeze s\u0103n\u0103tatea \u0219i starea de bine chiar \u0219i \u00eentr-un context dificil.<\/p>\n<p><strong>\u021aine cont c\u0103 ai fost stresat,<\/strong> chiar dac\u0103 ai con\u0219tientizat asta sau nu, iar s\u0103rb\u0103torile pot fi <strong>momentul<\/strong> \u00een care <strong>creierul te poate sabota<\/strong>, din dorin\u021ba unei pl\u0103ceri de moment!<\/p>\n","protected":false},"excerpt":{"rendered":"<p>Alegerile parlamentare \u0219i preziden\u021biale din ultima perioada (n.r. nov-dec. 2024) au fost un moment de mare tensiune social\u0103, acompaniat\u0103 de sentimente de insecuritate, nesiguran\u021b\u0103 \u0219i polarizare intens\u0103 \u00een societate. Aceste emo\u021bii colective nu doar c\u0103 afecteaz\u0103 psihicul individual, dar pot avea \u0219i consecin\u021be directe asupra s\u0103n\u0103t\u0103\u021bii fizice \u0219i comportamentului alimentar al oamenilor. Astfel c\u0103 ar &#8230;<\/p>\n","protected":false},"author":101011,"featured_media":8502,"comment_status":"open","ping_status":"closed","sticky":false,"template":"","format":"standard","meta":{"_jetpack_memberships_contains_paid_content":false,"footnotes":""},"categories":[1,2341,5],"tags":[],"class_list":["post-8501","post","type-post","status-publish","format-standard","has-post-thumbnail","hentry","category-diverse","category-legitati","category-sfaturi-utile-tips-and-tricks"],"yoast_head":"<!-- This site is optimized with the Yoast SEO plugin v28.2 - https:\/\/yoast.com\/product\/yoast-seo-wordpress\/ -->\n<title>Insecuritatea social\u0103, polarizarea \u0219i impactul asupra s\u0103n\u0103t\u0103\u021bii (Legitatea #578) - minuneanaturii.ro<\/title>\n<meta name=\"robots\" content=\"index, follow, max-snippet:-1, max-image-preview:large, max-video-preview:-1\" \/>\n<meta property=\"og:locale\" content=\"ro_RO\" \/>\n<meta property=\"og:type\" content=\"article\" \/>\n<meta property=\"og:title\" content=\"Insecuritatea social\u0103, polarizarea \u0219i impactul asupra s\u0103n\u0103t\u0103\u021bii (Legitatea #578) - Blogul Minunea Naturii\" \/>\n<meta property=\"og:description\" content=\"Alegerile parlamentare \u0219i preziden\u021biale din ultima perioada (n.r. nov-dec. 2024) au fost un moment de mare tensiune social\u0103, acompaniat\u0103 de sentimente de insecuritate, nesigur\u2026\" \/>\n<meta property=\"og:url\" content=\"https:\/\/minuneanaturii.ro\/blog\/insecuritatea-sociala-polarizarea-si-impactul-asupra-sanatatii-legitatea-578\" \/>\n<meta property=\"og:site_name\" content=\"Blogul Minunea Naturii\" \/>\n<meta property=\"article:author\" content=\"https:\/\/www.facebook.com\/minuneanaturii\/\" \/>\n<meta property=\"article:published_time\" content=\"2024-12-11T18:58:56+00:00\" \/>\n<meta property=\"article:modified_time\" content=\"2024-12-12T03:35:08+00:00\" \/>\n<meta property=\"og:image\" content=\"https:\/\/minuneanaturii.ro\/blog\/wp-content\/uploads\/2024\/12\/Legitatile-sanatatii.jpg\" \/>\n\t<meta property=\"og:image:width\" content=\"1000\" \/>\n\t<meta property=\"og:image:height\" content=\"1000\" \/>\n\t<meta property=\"og:image:type\" content=\"image\/jpeg\" \/>\n<meta name=\"author\" content=\"Farm. Anca si Adrian Ienin\" \/>\n<meta name=\"twitter:card\" content=\"summary_large_image\" \/>\n<meta name=\"twitter:label1\" content=\"Scris de\" \/>\n\t<meta name=\"twitter:data1\" content=\"Farm. Anca si Adrian Ienin\" \/>\n\t<meta name=\"twitter:label2\" content=\"Timp estimat pentru citire\" \/>\n\t<meta name=\"twitter:data2\" content=\"4 minute\" \/>\n<script type=\"application\/ld+json\" class=\"yoast-schema-graph\">{\"@context\":\"https:\\\/\\\/schema.org\",\"@graph\":[{\"@type\":\"Article\",\"@id\":\"https:\\\/\\\/minuneanaturii.ro\\\/blog\\\/insecuritatea-sociala-polarizarea-si-impactul-asupra-sanatatii-legitatea-578#article\",\"isPartOf\":{\"@id\":\"https:\\\/\\\/minuneanaturii.ro\\\/blog\\\/insecuritatea-sociala-polarizarea-si-impactul-asupra-sanatatii-legitatea-578\"},\"author\":{\"name\":\"Farm. Anca si Adrian Ienin\",\"@id\":\"https:\\\/\\\/minuneanaturii.ro\\\/blog\\\/#\\\/schema\\\/person\\\/f2d61b0d1b99f774c2026e5355657712\"},\"headline\":\"Insecuritatea social\u0103, polarizarea \u0219i impactul asupra s\u0103n\u0103t\u0103\u021bii (Legitatea #578)\",\"datePublished\":\"2024-12-11T18:58:56+00:00\",\"dateModified\":\"2024-12-12T03:35:08+00:00\",\"mainEntityOfPage\":{\"@id\":\"https:\\\/\\\/minuneanaturii.ro\\\/blog\\\/insecuritatea-sociala-polarizarea-si-impactul-asupra-sanatatii-legitatea-578\"},\"wordCount\":794,\"commentCount\":0,\"image\":{\"@id\":\"https:\\\/\\\/minuneanaturii.ro\\\/blog\\\/insecuritatea-sociala-polarizarea-si-impactul-asupra-sanatatii-legitatea-578#primaryimage\"},\"thumbnailUrl\":\"https:\\\/\\\/i0.wp.com\\\/minuneanaturii.ro\\\/blog\\\/wp-content\\\/uploads\\\/2024\\\/12\\\/Legitatile-sanatatii.jpg?fit=1000%2C1000&ssl=1\",\"articleSection\":[\"Diverse\",\"Legitati\",\"Sfaturi utile - Tips and Tricks\"],\"inLanguage\":\"ro-RO\",\"potentialAction\":[{\"@type\":\"CommentAction\",\"name\":\"Comment\",\"target\":[\"https:\\\/\\\/minuneanaturii.ro\\\/blog\\\/insecuritatea-sociala-polarizarea-si-impactul-asupra-sanatatii-legitatea-578#respond\"]}]},{\"@type\":\"WebPage\",\"@id\":\"https:\\\/\\\/minuneanaturii.ro\\\/blog\\\/insecuritatea-sociala-polarizarea-si-impactul-asupra-sanatatii-legitatea-578\",\"url\":\"https:\\\/\\\/minuneanaturii.ro\\\/blog\\\/insecuritatea-sociala-polarizarea-si-impactul-asupra-sanatatii-legitatea-578\",\"name\":\"Insecuritatea social\u0103, polarizarea \u0219i impactul asupra s\u0103n\u0103t\u0103\u021bii (Legitatea #578) - Blogul Minunea Naturii\",\"isPartOf\":{\"@id\":\"https:\\\/\\\/minuneanaturii.ro\\\/blog\\\/#website\"},\"primaryImageOfPage\":{\"@id\":\"https:\\\/\\\/minuneanaturii.ro\\\/blog\\\/insecuritatea-sociala-polarizarea-si-impactul-asupra-sanatatii-legitatea-578#primaryimage\"},\"image\":{\"@id\":\"https:\\\/\\\/minuneanaturii.ro\\\/blog\\\/insecuritatea-sociala-polarizarea-si-impactul-asupra-sanatatii-legitatea-578#primaryimage\"},\"thumbnailUrl\":\"https:\\\/\\\/i0.wp.com\\\/minuneanaturii.ro\\\/blog\\\/wp-content\\\/uploads\\\/2024\\\/12\\\/Legitatile-sanatatii.jpg?fit=1000%2C1000&ssl=1\",\"datePublished\":\"2024-12-11T18:58:56+00:00\",\"dateModified\":\"2024-12-12T03:35:08+00:00\",\"author\":{\"@id\":\"https:\\\/\\\/minuneanaturii.ro\\\/blog\\\/#\\\/schema\\\/person\\\/f2d61b0d1b99f774c2026e5355657712\"},\"breadcrumb\":{\"@id\":\"https:\\\/\\\/minuneanaturii.ro\\\/blog\\\/insecuritatea-sociala-polarizarea-si-impactul-asupra-sanatatii-legitatea-578#breadcrumb\"},\"inLanguage\":\"ro-RO\",\"potentialAction\":[{\"@type\":\"ReadAction\",\"target\":[\"https:\\\/\\\/minuneanaturii.ro\\\/blog\\\/insecuritatea-sociala-polarizarea-si-impactul-asupra-sanatatii-legitatea-578\"]}]},{\"@type\":\"ImageObject\",\"inLanguage\":\"ro-RO\",\"@id\":\"https:\\\/\\\/minuneanaturii.ro\\\/blog\\\/insecuritatea-sociala-polarizarea-si-impactul-asupra-sanatatii-legitatea-578#primaryimage\",\"url\":\"https:\\\/\\\/i0.wp.com\\\/minuneanaturii.ro\\\/blog\\\/wp-content\\\/uploads\\\/2024\\\/12\\\/Legitatile-sanatatii.jpg?fit=1000%2C1000&ssl=1\",\"contentUrl\":\"https:\\\/\\\/i0.wp.com\\\/minuneanaturii.ro\\\/blog\\\/wp-content\\\/uploads\\\/2024\\\/12\\\/Legitatile-sanatatii.jpg?fit=1000%2C1000&ssl=1\",\"width\":1000,\"height\":1000,\"caption\":\"Insecuritatea social\u0103, polarizarea \u0219i impactul asupra s\u0103n\u0103t\u0103\u021bii (Legitatea #578)\"},{\"@type\":\"BreadcrumbList\",\"@id\":\"https:\\\/\\\/minuneanaturii.ro\\\/blog\\\/insecuritatea-sociala-polarizarea-si-impactul-asupra-sanatatii-legitatea-578#breadcrumb\",\"itemListElement\":[{\"@type\":\"ListItem\",\"position\":1,\"name\":\"Prima pagin\u0103\",\"item\":\"https:\\\/\\\/minuneanaturii.ro\\\/blog\\\/\"},{\"@type\":\"ListItem\",\"position\":2,\"name\":\"Insecuritatea social\u0103, polarizarea \u0219i impactul asupra s\u0103n\u0103t\u0103\u021bii (Legitatea #578)\"}]},{\"@type\":\"WebSite\",\"@id\":\"https:\\\/\\\/minuneanaturii.ro\\\/blog\\\/#website\",\"url\":\"https:\\\/\\\/minuneanaturii.ro\\\/blog\\\/\",\"name\":\"Blogul Minunea Naturii\",\"description\":\"informatii utile despre sanatate, alimentatie si tratemnte holistice\",\"potentialAction\":[{\"@type\":\"SearchAction\",\"target\":{\"@type\":\"EntryPoint\",\"urlTemplate\":\"https:\\\/\\\/minuneanaturii.ro\\\/blog\\\/?s={search_term_string}\"},\"query-input\":{\"@type\":\"PropertyValueSpecification\",\"valueRequired\":true,\"valueName\":\"search_term_string\"}}],\"inLanguage\":\"ro-RO\"},{\"@type\":\"Person\",\"@id\":\"https:\\\/\\\/minuneanaturii.ro\\\/blog\\\/#\\\/schema\\\/person\\\/f2d61b0d1b99f774c2026e5355657712\",\"name\":\"Farm. Anca si Adrian Ienin\",\"image\":{\"@type\":\"ImageObject\",\"inLanguage\":\"ro-RO\",\"@id\":\"https:\\\/\\\/secure.gravatar.com\\\/avatar\\\/ad4ecb84085c66eae03365f7a2f872d8fee2056710d75b48754261be4b5f8abd?s=96&d=mm&r=g\",\"url\":\"https:\\\/\\\/secure.gravatar.com\\\/avatar\\\/ad4ecb84085c66eae03365f7a2f872d8fee2056710d75b48754261be4b5f8abd?s=96&d=mm&r=g\",\"contentUrl\":\"https:\\\/\\\/secure.gravatar.com\\\/avatar\\\/ad4ecb84085c66eae03365f7a2f872d8fee2056710d75b48754261be4b5f8abd?s=96&d=mm&r=g\",\"caption\":\"Farm. Anca si Adrian Ienin\"},\"description\":\"Anca si Adrian Ienin, farmacisti naturopati si fondatori ai conceptului Minunea Naturii. Au transformat pasiunea pentru alimentatie, stil de viata sanatos si tratamente naturale intr-un concept dedicat sanatatii depline. Scriu articole documentate de ultimele studii in domeniu si din experienta directa cu pacientii. Cred in exemplul propriu si integritate, astfel informatia furnizata este credibila si autentica. Farm. Anca \u0219i Adrian Ienin sunt co-fondatorii conceptului Minunea Naturii \u0219i promotori ai unei viziuni integrative asupra s\u0103n\u0103t\u0103\u021bii, \u00een care \u0219tiin\u021ba modern\u0103 se \u00eent\u00e2lne\u0219te cu \u00een\u021belepciunea tradi\u021bional\u0103. Cu o experien\u021b\u0103 de peste un deceniu \u00een domeniul terapiilor naturale, nutri\u021biei func\u021bionale \u0219i suplimentelor de calitate, cei doi autori ofer\u0103 informa\u021bii valoroase, bine documentate \u0219i orientate spre rezultate reale \u00een echilibrarea organismului. Prin articolele \u0219i proiectele lor educa\u021bionale, Anca \u0219i Adrian \u00eencurajeaz\u0103 oamenii s\u0103 \u00ee\u0219i asume responsabilitatea pentru propria s\u0103n\u0103tate, s\u0103 \u00ee\u0219i dezvolte discern\u0103m\u00e2ntul \u00een alegerea produselor naturale \u0219i s\u0103 adopte un stil de via\u021b\u0103 con\u0219tient, \u00een armonie cu ritmurile corpului \u0219i ale naturii. Articolele lor \u00eembin\u0103 rigoarea \u0219tiin\u021bific\u0103 cu empatia practic\u0103, av\u00e2nd la baz\u0103 at\u00e2t cuno\u0219tin\u021be academice, c\u00e2t \u0219i experien\u021b\u0103 direct\u0103 cu mii de clien\u021bi \u0219i pacien\u021bi. Viziunea lor este una clar\u0103: s\u0103n\u0103tatea nu se reduce la absen\u021ba bolii, ci este un proces activ de echilibru fizic, emo\u021bional, mental \u0219i spiritual \u2013 un drum spre vitalitate, autonomie \u0219i sens.\",\"sameAs\":[\"https:\\\/\\\/www.minuneanaturii.ro\",\"https:\\\/\\\/www.facebook.com\\\/minuneanaturii\\\/\",\"https:\\\/\\\/www.instagram.com\\\/minuneanaturii\\\/\",\"https:\\\/\\\/www.linkedin.com\\\/company\\\/minunea-naturii\",\"https:\\\/\\\/www.youtube.com\\\/@MinuneaNaturii\"],\"url\":\"https:\\\/\\\/minuneanaturii.ro\\\/blog\\\/author\\\/ancasiadrianienin\"}]}<\/script>\n<!-- \/ Yoast SEO plugin. -->","yoast_head_json":{"title":"Insecuritatea social\u0103, polarizarea \u0219i impactul asupra s\u0103n\u0103t\u0103\u021bii (Legitatea #578) - minuneanaturii.ro","robots":{"index":"index","follow":"follow","max-snippet":"max-snippet:-1","max-image-preview":"max-image-preview:large","max-video-preview":"max-video-preview:-1"},"og_locale":"ro_RO","og_type":"article","og_title":"Insecuritatea social\u0103, polarizarea \u0219i impactul asupra s\u0103n\u0103t\u0103\u021bii (Legitatea #578) - Blogul Minunea Naturii","og_description":"Alegerile parlamentare \u0219i preziden\u021biale din ultima perioada (n.r. nov-dec. 2024) au fost un moment de mare tensiune social\u0103, acompaniat\u0103 de sentimente de insecuritate, nesigur\u2026","og_url":"https:\/\/minuneanaturii.ro\/blog\/insecuritatea-sociala-polarizarea-si-impactul-asupra-sanatatii-legitatea-578","og_site_name":"Blogul Minunea Naturii","article_author":"https:\/\/www.facebook.com\/minuneanaturii\/","article_published_time":"2024-12-11T18:58:56+00:00","article_modified_time":"2024-12-12T03:35:08+00:00","og_image":[{"width":1000,"height":1000,"url":"https:\/\/minuneanaturii.ro\/blog\/wp-content\/uploads\/2024\/12\/Legitatile-sanatatii.jpg","type":"image\/jpeg"}],"author":"Farm. Anca si Adrian Ienin","twitter_card":"summary_large_image","twitter_misc":{"Scris de":"Farm. Anca si Adrian Ienin","Timp estimat pentru citire":"4 minute"},"schema":{"@context":"https:\/\/schema.org","@graph":[{"@type":"Article","@id":"https:\/\/minuneanaturii.ro\/blog\/insecuritatea-sociala-polarizarea-si-impactul-asupra-sanatatii-legitatea-578#article","isPartOf":{"@id":"https:\/\/minuneanaturii.ro\/blog\/insecuritatea-sociala-polarizarea-si-impactul-asupra-sanatatii-legitatea-578"},"author":{"name":"Farm. Anca si Adrian Ienin","@id":"https:\/\/minuneanaturii.ro\/blog\/#\/schema\/person\/f2d61b0d1b99f774c2026e5355657712"},"headline":"Insecuritatea social\u0103, polarizarea \u0219i impactul asupra s\u0103n\u0103t\u0103\u021bii (Legitatea #578)","datePublished":"2024-12-11T18:58:56+00:00","dateModified":"2024-12-12T03:35:08+00:00","mainEntityOfPage":{"@id":"https:\/\/minuneanaturii.ro\/blog\/insecuritatea-sociala-polarizarea-si-impactul-asupra-sanatatii-legitatea-578"},"wordCount":794,"commentCount":0,"image":{"@id":"https:\/\/minuneanaturii.ro\/blog\/insecuritatea-sociala-polarizarea-si-impactul-asupra-sanatatii-legitatea-578#primaryimage"},"thumbnailUrl":"https:\/\/i0.wp.com\/minuneanaturii.ro\/blog\/wp-content\/uploads\/2024\/12\/Legitatile-sanatatii.jpg?fit=1000%2C1000&ssl=1","articleSection":["Diverse","Legitati","Sfaturi utile - Tips and Tricks"],"inLanguage":"ro-RO","potentialAction":[{"@type":"CommentAction","name":"Comment","target":["https:\/\/minuneanaturii.ro\/blog\/insecuritatea-sociala-polarizarea-si-impactul-asupra-sanatatii-legitatea-578#respond"]}]},{"@type":"WebPage","@id":"https:\/\/minuneanaturii.ro\/blog\/insecuritatea-sociala-polarizarea-si-impactul-asupra-sanatatii-legitatea-578","url":"https:\/\/minuneanaturii.ro\/blog\/insecuritatea-sociala-polarizarea-si-impactul-asupra-sanatatii-legitatea-578","name":"Insecuritatea social\u0103, polarizarea \u0219i impactul asupra s\u0103n\u0103t\u0103\u021bii (Legitatea #578) - Blogul Minunea Naturii","isPartOf":{"@id":"https:\/\/minuneanaturii.ro\/blog\/#website"},"primaryImageOfPage":{"@id":"https:\/\/minuneanaturii.ro\/blog\/insecuritatea-sociala-polarizarea-si-impactul-asupra-sanatatii-legitatea-578#primaryimage"},"image":{"@id":"https:\/\/minuneanaturii.ro\/blog\/insecuritatea-sociala-polarizarea-si-impactul-asupra-sanatatii-legitatea-578#primaryimage"},"thumbnailUrl":"https:\/\/i0.wp.com\/minuneanaturii.ro\/blog\/wp-content\/uploads\/2024\/12\/Legitatile-sanatatii.jpg?fit=1000%2C1000&ssl=1","datePublished":"2024-12-11T18:58:56+00:00","dateModified":"2024-12-12T03:35:08+00:00","author":{"@id":"https:\/\/minuneanaturii.ro\/blog\/#\/schema\/person\/f2d61b0d1b99f774c2026e5355657712"},"breadcrumb":{"@id":"https:\/\/minuneanaturii.ro\/blog\/insecuritatea-sociala-polarizarea-si-impactul-asupra-sanatatii-legitatea-578#breadcrumb"},"inLanguage":"ro-RO","potentialAction":[{"@type":"ReadAction","target":["https:\/\/minuneanaturii.ro\/blog\/insecuritatea-sociala-polarizarea-si-impactul-asupra-sanatatii-legitatea-578"]}]},{"@type":"ImageObject","inLanguage":"ro-RO","@id":"https:\/\/minuneanaturii.ro\/blog\/insecuritatea-sociala-polarizarea-si-impactul-asupra-sanatatii-legitatea-578#primaryimage","url":"https:\/\/i0.wp.com\/minuneanaturii.ro\/blog\/wp-content\/uploads\/2024\/12\/Legitatile-sanatatii.jpg?fit=1000%2C1000&ssl=1","contentUrl":"https:\/\/i0.wp.com\/minuneanaturii.ro\/blog\/wp-content\/uploads\/2024\/12\/Legitatile-sanatatii.jpg?fit=1000%2C1000&ssl=1","width":1000,"height":1000,"caption":"Insecuritatea social\u0103, polarizarea \u0219i impactul asupra s\u0103n\u0103t\u0103\u021bii (Legitatea #578)"},{"@type":"BreadcrumbList","@id":"https:\/\/minuneanaturii.ro\/blog\/insecuritatea-sociala-polarizarea-si-impactul-asupra-sanatatii-legitatea-578#breadcrumb","itemListElement":[{"@type":"ListItem","position":1,"name":"Prima pagin\u0103","item":"https:\/\/minuneanaturii.ro\/blog\/"},{"@type":"ListItem","position":2,"name":"Insecuritatea social\u0103, polarizarea \u0219i impactul asupra s\u0103n\u0103t\u0103\u021bii (Legitatea #578)"}]},{"@type":"WebSite","@id":"https:\/\/minuneanaturii.ro\/blog\/#website","url":"https:\/\/minuneanaturii.ro\/blog\/","name":"Blogul Minunea Naturii","description":"informatii utile despre sanatate, alimentatie si tratemnte holistice","potentialAction":[{"@type":"SearchAction","target":{"@type":"EntryPoint","urlTemplate":"https:\/\/minuneanaturii.ro\/blog\/?s={search_term_string}"},"query-input":{"@type":"PropertyValueSpecification","valueRequired":true,"valueName":"search_term_string"}}],"inLanguage":"ro-RO"},{"@type":"Person","@id":"https:\/\/minuneanaturii.ro\/blog\/#\/schema\/person\/f2d61b0d1b99f774c2026e5355657712","name":"Farm. Anca si Adrian Ienin","image":{"@type":"ImageObject","inLanguage":"ro-RO","@id":"https:\/\/secure.gravatar.com\/avatar\/ad4ecb84085c66eae03365f7a2f872d8fee2056710d75b48754261be4b5f8abd?s=96&d=mm&r=g","url":"https:\/\/secure.gravatar.com\/avatar\/ad4ecb84085c66eae03365f7a2f872d8fee2056710d75b48754261be4b5f8abd?s=96&d=mm&r=g","contentUrl":"https:\/\/secure.gravatar.com\/avatar\/ad4ecb84085c66eae03365f7a2f872d8fee2056710d75b48754261be4b5f8abd?s=96&d=mm&r=g","caption":"Farm. Anca si Adrian Ienin"},"description":"Anca si Adrian Ienin, farmacisti naturopati si fondatori ai conceptului Minunea Naturii. Au transformat pasiunea pentru alimentatie, stil de viata sanatos si tratamente naturale intr-un concept dedicat sanatatii depline. Scriu articole documentate de ultimele studii in domeniu si din experienta directa cu pacientii. Cred in exemplul propriu si integritate, astfel informatia furnizata este credibila si autentica. Farm. Anca \u0219i Adrian Ienin sunt co-fondatorii conceptului Minunea Naturii \u0219i promotori ai unei viziuni integrative asupra s\u0103n\u0103t\u0103\u021bii, \u00een care \u0219tiin\u021ba modern\u0103 se \u00eent\u00e2lne\u0219te cu \u00een\u021belepciunea tradi\u021bional\u0103. Cu o experien\u021b\u0103 de peste un deceniu \u00een domeniul terapiilor naturale, nutri\u021biei func\u021bionale \u0219i suplimentelor de calitate, cei doi autori ofer\u0103 informa\u021bii valoroase, bine documentate \u0219i orientate spre rezultate reale \u00een echilibrarea organismului. Prin articolele \u0219i proiectele lor educa\u021bionale, Anca \u0219i Adrian \u00eencurajeaz\u0103 oamenii s\u0103 \u00ee\u0219i asume responsabilitatea pentru propria s\u0103n\u0103tate, s\u0103 \u00ee\u0219i dezvolte discern\u0103m\u00e2ntul \u00een alegerea produselor naturale \u0219i s\u0103 adopte un stil de via\u021b\u0103 con\u0219tient, \u00een armonie cu ritmurile corpului \u0219i ale naturii. Articolele lor \u00eembin\u0103 rigoarea \u0219tiin\u021bific\u0103 cu empatia practic\u0103, av\u00e2nd la baz\u0103 at\u00e2t cuno\u0219tin\u021be academice, c\u00e2t \u0219i experien\u021b\u0103 direct\u0103 cu mii de clien\u021bi \u0219i pacien\u021bi. Viziunea lor este una clar\u0103: s\u0103n\u0103tatea nu se reduce la absen\u021ba bolii, ci este un proces activ de echilibru fizic, emo\u021bional, mental \u0219i spiritual \u2013 un drum spre vitalitate, autonomie \u0219i sens.","sameAs":["https:\/\/www.minuneanaturii.ro","https:\/\/www.facebook.com\/minuneanaturii\/","https:\/\/www.instagram.com\/minuneanaturii\/","https:\/\/www.linkedin.com\/company\/minunea-naturii","https:\/\/www.youtube.com\/@MinuneaNaturii"],"url":"https:\/\/minuneanaturii.ro\/blog\/author\/ancasiadrianienin"}]}},"jetpack_featured_media_url":"https:\/\/i0.wp.com\/minuneanaturii.ro\/blog\/wp-content\/uploads\/2024\/12\/Legitatile-sanatatii.jpg?fit=1000%2C1000&ssl=1","jetpack_sharing_enabled":true,"_links":{"self":[{"href":"https:\/\/minuneanaturii.ro\/blog\/wp-json\/wp\/v2\/posts\/8501","targetHints":{"allow":["GET"]}}],"collection":[{"href":"https:\/\/minuneanaturii.ro\/blog\/wp-json\/wp\/v2\/posts"}],"about":[{"href":"https:\/\/minuneanaturii.ro\/blog\/wp-json\/wp\/v2\/types\/post"}],"author":[{"embeddable":true,"href":"https:\/\/minuneanaturii.ro\/blog\/wp-json\/wp\/v2\/users\/101011"}],"replies":[{"embeddable":true,"href":"https:\/\/minuneanaturii.ro\/blog\/wp-json\/wp\/v2\/comments?post=8501"}],"version-history":[{"count":3,"href":"https:\/\/minuneanaturii.ro\/blog\/wp-json\/wp\/v2\/posts\/8501\/revisions"}],"predecessor-version":[{"id":8505,"href":"https:\/\/minuneanaturii.ro\/blog\/wp-json\/wp\/v2\/posts\/8501\/revisions\/8505"}],"wp:featuredmedia":[{"embeddable":true,"href":"https:\/\/minuneanaturii.ro\/blog\/wp-json\/wp\/v2\/media\/8502"}],"wp:attachment":[{"href":"https:\/\/minuneanaturii.ro\/blog\/wp-json\/wp\/v2\/media?parent=8501"}],"wp:term":[{"taxonomy":"category","embeddable":true,"href":"https:\/\/minuneanaturii.ro\/blog\/wp-json\/wp\/v2\/categories?post=8501"},{"taxonomy":"post_tag","embeddable":true,"href":"https:\/\/minuneanaturii.ro\/blog\/wp-json\/wp\/v2\/tags?post=8501"}],"curies":[{"name":"wp","href":"https:\/\/api.w.org\/{rel}","templated":true}]}}