{"id":805,"date":"2017-01-07T07:21:29","date_gmt":"2017-01-07T05:21:29","guid":{"rendered":"http:\/\/minuneanaturii.ro\/blog\/?p=805"},"modified":"2024-07-12T16:37:40","modified_gmt":"2024-07-12T14:37:40","slug":"essentiq-si-minunea-naturii-cauta-mici-artisti-talentati","status":"publish","type":"post","link":"https:\/\/minuneanaturii.ro\/blog\/essentiq-si-minunea-naturii-cauta-mici-artisti-talentati","title":{"rendered":"Essentiq si Minunea Naturii cauta mici artisti talentati"},"content":{"rendered":"<div id=\"ez-toc-container\" class=\"ez-toc-v2_0_87 ez-toc-wrap-left counter-hierarchy ez-toc-counter ez-toc-white ez-toc-container-direction\">\n<div class=\"ez-toc-title-container\">\n<p class=\"ez-toc-title\" style=\"cursor:inherit\">Continut articol<\/p>\n<span class=\"ez-toc-title-toggle\"><\/span><\/div>\n<nav><ul class='ez-toc-list ez-toc-list-level-1 ' ><li class='ez-toc-page-1 ez-toc-heading-level-2'><a class=\"ez-toc-link ez-toc-heading-1\" href=\"#\" data-href=\"https:\/\/minuneanaturii.ro\/blog\/essentiq-si-minunea-naturii-cauta-mici-artisti-talentati\/#Concurs_KIDS_for_KIDS_by_Essentiq\" >Concurs KIDS for KIDS by Essentiq<\/a><ul class='ez-toc-list-level-3' ><li class='ez-toc-heading-level-3'><a class=\"ez-toc-link ez-toc-heading-2\" href=\"#\" data-href=\"https:\/\/minuneanaturii.ro\/blog\/essentiq-si-minunea-naturii-cauta-mici-artisti-talentati\/#Creeaza_propriul_tau_gel_de_dus_si_sampon_de_la_Essentiq\" >Creeaza propriul tau gel de dus si sampon de la Essentiq.<\/a><\/li><\/ul><\/li><\/ul><\/nav><\/div>\n<h2><span class=\"ez-toc-section\" id=\"Concurs_KIDS_for_KIDS_by_Essentiq\"><\/span><strong>Concurs KIDS for KIDS by <a href=\"http:\/\/www.minuneanaturii.ro\/234_essentiq\" target=\"_blank\" rel=\"noopener\">Essentiq<\/a><\/strong><span class=\"ez-toc-section-end\"><\/span><\/h2>\n<h3><span class=\"ez-toc-section\" id=\"Creeaza_propriul_tau_gel_de_dus_si_sampon_de_la_Essentiq\"><\/span>Creeaza propriul tau gel de dus si sampon de la <a href=\"http:\/\/www.minuneanaturii.ro\/234_essentiq\" target=\"_blank\" rel=\"noopener\">Essentiq<\/a>.<span class=\"ez-toc-section-end\"><\/span><\/h3>\n<h4>Cautam mici artisti!<\/h4>\n<p>Daca ai pana in <strong>10 ani<\/strong>, asteptam desenul tau pentru eticheta noului <strong>Gel de\u00a0dus &amp; sampon KIDS<\/strong>. Lasa frau liber imaginatiei si poti fi chiar tu artistul cautat.<\/p>\n<p>Dintre desenele inscrise in concurs vom alege unul castigator.<\/p>\n<p>&nbsp;<\/p>\n<p><a href=\"https:\/\/i0.wp.com\/minuneanaturii.ro\/blog\/wp-content\/uploads\/2017\/01\/kids-essent.jpg\"><img data-recalc-dims=\"1\" loading=\"lazy\" decoding=\"async\" class=\"alignnone wp-image-807 size-full\" src=\"https:\/\/i0.wp.com\/minuneanaturii.ro\/blog\/wp-content\/uploads\/2017\/01\/kids-essent.jpg?resize=853%2C317\" alt=\"kids-essent\" width=\"853\" height=\"317\" srcset=\"https:\/\/i0.wp.com\/minuneanaturii.ro\/blog\/wp-content\/uploads\/2017\/01\/kids-essent.jpg?w=853&amp;ssl=1 853w, https:\/\/i0.wp.com\/minuneanaturii.ro\/blog\/wp-content\/uploads\/2017\/01\/kids-essent.jpg?resize=300%2C111&amp;ssl=1 300w, https:\/\/i0.wp.com\/minuneanaturii.ro\/blog\/wp-content\/uploads\/2017\/01\/kids-essent.jpg?resize=768%2C285&amp;ssl=1 768w\" sizes=\"auto, (max-width: 853px) 100vw, 853px\" \/><\/a>Desenul castigator va deveni\u00a0eticheta noului Gel de dus &amp; sampon Editie Limitata <a href=\"http:\/\/www.minuneanaturii.ro\/234_essentiq\" target=\"_blank\" rel=\"noopener\">Essentiq<\/a>, iar noi vom dona 15% din veniturile realizate in\u00a0urma vanzarii acestuia catre organizatia Teach for Romania.<\/p>\n<p><strong>Castigatorul<\/strong> va fi <strong>creatorul<\/strong> unui <strong>Gel de dus &amp; sampon <a href=\"http:\/\/www.minuneanaturii.ro\/234_essentiq\" target=\"_blank\" rel=\"noopener\">Essentiq<\/a><\/strong> <strong>personalizat<\/strong>, participand si la alegerea noii\u00a0<strong>arome<\/strong>.<\/p>\n<p>Asteptam desenele voastre pe hartie alba A4, impreuna cu formularul de inscriere completat.<a href=\"https:\/\/i0.wp.com\/minuneanaturii.ro\/blog\/wp-content\/uploads\/2017\/01\/concurs-kids.jpg\"><img data-recalc-dims=\"1\" loading=\"lazy\" decoding=\"async\" class=\"alignnone wp-image-808 size-large\" src=\"https:\/\/i0.wp.com\/minuneanaturii.ro\/blog\/wp-content\/uploads\/2017\/01\/concurs-kids-1024x377.jpg?resize=860%2C317\" alt=\"concurs-kids\" width=\"860\" height=\"317\" srcset=\"https:\/\/i0.wp.com\/minuneanaturii.ro\/blog\/wp-content\/uploads\/2017\/01\/concurs-kids.jpg?resize=1024%2C377&amp;ssl=1 1024w, https:\/\/i0.wp.com\/minuneanaturii.ro\/blog\/wp-content\/uploads\/2017\/01\/concurs-kids.jpg?resize=300%2C110&amp;ssl=1 300w, https:\/\/i0.wp.com\/minuneanaturii.ro\/blog\/wp-content\/uploads\/2017\/01\/concurs-kids.jpg?resize=768%2C282&amp;ssl=1 768w, https:\/\/i0.wp.com\/minuneanaturii.ro\/blog\/wp-content\/uploads\/2017\/01\/concurs-kids.jpg?w=1270&amp;ssl=1 1270w\" sizes=\"auto, (max-width: 860px) 100vw, 860px\" \/><\/a><\/p>\n<p><strong>Ce trebuie sa faci:<\/strong><\/p>\n<ul>\n<li>fa un desen pe format A4 asa cum iti doresti si crezi ca ar arata bine pe un flacon de gel de dus si sampon<\/li>\n<li>completeaza <a href=\"http:\/\/minuneanaturii.ro\/blog\/wp-content\/uploads\/2017\/01\/Formular-inscriere-concurs-Kids-for-Kids-f.pdf\"><strong>formularul<\/strong><\/a><\/li>\n<li>transmite ambele documente conform posibilitatilor de mai jos<\/li>\n<\/ul>\n<p><strong>Mod de\u00a0transmitere:<\/strong><\/p>\n<ul>\n<li>colectare in urna speciala instalata in locatia <strong>Minunea Naturii din Shopping City Timisoara\u00a0<\/strong><\/li>\n<li>prin e-mail la contact@minuneanaturii.ro scanand desenul si <a href=\"http:\/\/minuneanaturii.ro\/blog\/wp-content\/uploads\/2017\/01\/Formular-inscriere-concurs-Kids-for-Kids-f.pdf\"><strong>formularul<\/strong> <\/a>de contact<\/li>\n<li><strong>Desenele pot fi depuse\u00a0sau trimise pana in 28.feb.2017.<\/strong><\/li>\n<\/ul>\n<p><a href=\"https:\/\/i0.wp.com\/minuneanaturii.ro\/blog\/wp-content\/uploads\/2017\/01\/concurs-kids-for-kids-essentiq-urna.jpg\"><img data-recalc-dims=\"1\" loading=\"lazy\" decoding=\"async\" class=\"alignnone wp-image-809 size-full\" src=\"https:\/\/i0.wp.com\/minuneanaturii.ro\/blog\/wp-content\/uploads\/2017\/01\/concurs-kids-for-kids-essentiq-urna.jpg?resize=960%2C768\" alt=\"concurs-kids-for-kids-essentiq-urna\" width=\"960\" height=\"768\" srcset=\"https:\/\/i0.wp.com\/minuneanaturii.ro\/blog\/wp-content\/uploads\/2017\/01\/concurs-kids-for-kids-essentiq-urna.jpg?w=960&amp;ssl=1 960w, https:\/\/i0.wp.com\/minuneanaturii.ro\/blog\/wp-content\/uploads\/2017\/01\/concurs-kids-for-kids-essentiq-urna.jpg?resize=300%2C240&amp;ssl=1 300w, https:\/\/i0.wp.com\/minuneanaturii.ro\/blog\/wp-content\/uploads\/2017\/01\/concurs-kids-for-kids-essentiq-urna.jpg?resize=768%2C614&amp;ssl=1 768w\" sizes=\"auto, (max-width: 960px) 100vw, 960px\" \/><\/a><\/p>\n<p>Desenul nu este conditionat de o tematica anume, copiii\u00a0avand libertatea de a transmite un desen pe orice tema ce va avea ca scop final constituirea etichetei pentru sticla unui nou gel de dus si sampon pentru copii, din gama Essentiq Kids.<\/p>\n<p><strong>Desenele pot fi depuse sau trimise pana in 28.feb.2017.<\/strong><\/p>\n<p>Le dorim mult succes si inspiratie micilor artisti!<\/p>\n<p><a href=\"https:\/\/i0.wp.com\/minuneanaturii.ro\/blog\/wp-content\/uploads\/2017\/01\/15909183_1303218136383964_1399405428_o.jpg\"><img data-recalc-dims=\"1\" loading=\"lazy\" decoding=\"async\" class=\"alignnone wp-image-816 size-large\" src=\"https:\/\/i0.wp.com\/minuneanaturii.ro\/blog\/wp-content\/uploads\/2017\/01\/15909183_1303218136383964_1399405428_o-1024x713.jpg?resize=860%2C599\" alt=\"15909183_1303218136383964_1399405428_o\" width=\"860\" height=\"599\" srcset=\"https:\/\/i0.wp.com\/minuneanaturii.ro\/blog\/wp-content\/uploads\/2017\/01\/15909183_1303218136383964_1399405428_o.jpg?resize=1024%2C713&amp;ssl=1 1024w, https:\/\/i0.wp.com\/minuneanaturii.ro\/blog\/wp-content\/uploads\/2017\/01\/15909183_1303218136383964_1399405428_o.jpg?resize=300%2C209&amp;ssl=1 300w, https:\/\/i0.wp.com\/minuneanaturii.ro\/blog\/wp-content\/uploads\/2017\/01\/15909183_1303218136383964_1399405428_o.jpg?resize=768%2C535&amp;ssl=1 768w, https:\/\/i0.wp.com\/minuneanaturii.ro\/blog\/wp-content\/uploads\/2017\/01\/15909183_1303218136383964_1399405428_o.jpg?w=1563&amp;ssl=1 1563w\" sizes=\"auto, (max-width: 860px) 100vw, 860px\" \/><\/a> <a href=\"http:\/\/www.minuneanaturii.ro\/234_essentiq\"><img data-recalc-dims=\"1\" loading=\"lazy\" decoding=\"async\" class=\"alignnone wp-image-817 size-large\" src=\"https:\/\/i0.wp.com\/minuneanaturii.ro\/blog\/wp-content\/uploads\/2017\/01\/15908979_1303219653050479_238286791_o-1024x667.jpg?resize=860%2C560\" alt=\"15908979_1303219653050479_238286791_o\" width=\"860\" height=\"560\" srcset=\"https:\/\/i0.wp.com\/minuneanaturii.ro\/blog\/wp-content\/uploads\/2017\/01\/15908979_1303219653050479_238286791_o.jpg?resize=1024%2C667&amp;ssl=1 1024w, https:\/\/i0.wp.com\/minuneanaturii.ro\/blog\/wp-content\/uploads\/2017\/01\/15908979_1303219653050479_238286791_o.jpg?resize=300%2C195&amp;ssl=1 300w, https:\/\/i0.wp.com\/minuneanaturii.ro\/blog\/wp-content\/uploads\/2017\/01\/15908979_1303219653050479_238286791_o.jpg?resize=768%2C500&amp;ssl=1 768w, https:\/\/i0.wp.com\/minuneanaturii.ro\/blog\/wp-content\/uploads\/2017\/01\/15908979_1303219653050479_238286791_o.jpg?w=1652&amp;ssl=1 1652w\" sizes=\"auto, (max-width: 860px) 100vw, 860px\" \/><\/a> <a href=\"https:\/\/i0.wp.com\/minuneanaturii.ro\/blog\/wp-content\/uploads\/2017\/01\/15902899_1303217616384016_1859272619_o.jpg\"><img data-recalc-dims=\"1\" loading=\"lazy\" decoding=\"async\" class=\"alignnone wp-image-818 size-large\" src=\"https:\/\/i0.wp.com\/minuneanaturii.ro\/blog\/wp-content\/uploads\/2017\/01\/15902899_1303217616384016_1859272619_o-1024x600.jpg?resize=860%2C504\" alt=\"15902899_1303217616384016_1859272619_o\" width=\"860\" height=\"504\" srcset=\"https:\/\/i0.wp.com\/minuneanaturii.ro\/blog\/wp-content\/uploads\/2017\/01\/15902899_1303217616384016_1859272619_o.jpg?resize=1024%2C600&amp;ssl=1 1024w, https:\/\/i0.wp.com\/minuneanaturii.ro\/blog\/wp-content\/uploads\/2017\/01\/15902899_1303217616384016_1859272619_o.jpg?resize=300%2C176&amp;ssl=1 300w, https:\/\/i0.wp.com\/minuneanaturii.ro\/blog\/wp-content\/uploads\/2017\/01\/15902899_1303217616384016_1859272619_o.jpg?resize=768%2C450&amp;ssl=1 768w, https:\/\/i0.wp.com\/minuneanaturii.ro\/blog\/wp-content\/uploads\/2017\/01\/15902899_1303217616384016_1859272619_o.jpg?w=1141&amp;ssl=1 1141w\" sizes=\"auto, (max-width: 860px) 100vw, 860px\" \/><\/a><\/p>\n","protected":false},"excerpt":{"rendered":"<p>Creeaza propriul tau gel de dus si sampon de la Essentiq.<br \/>\nCautam mici artisti! Daca ai pana in 10 ani, asteptam&#8230;<\/p>\n","protected":false},"author":101011,"featured_media":811,"comment_status":"open","ping_status":"closed","sticky":false,"template":"","format":"standard","meta":{"_jetpack_memberships_contains_paid_content":false,"footnotes":""},"categories":[1,86],"tags":[369,368,373,371,372,374,375,366,73,367,370,136,227],"class_list":["post-805","post","type-post","status-publish","format-standard","has-post-thumbnail","hentry","category-diverse","category-evenimente","tag-bioaleea","tag-bogalio","tag-castigator","tag-concurs-copii","tag-cosmetice-naturale","tag-desen","tag-design-eticheta","tag-essentiq","tag-farmacie-naturopata","tag-kids-for-kids","tag-sampon-si-gel-de-dus-copii","tag-shopping-city-timisoara","tag-shoppingcitytm"],"yoast_head":"<!-- This site is optimized with the Yoast SEO plugin v28.2 - https:\/\/yoast.com\/product\/yoast-seo-wordpress\/ -->\n<title>Essentiq si Minunea Naturii cauta mici artisti talentati - minuneanaturii.ro<\/title>\n<meta name=\"robots\" content=\"index, follow, max-snippet:-1, max-image-preview:large, max-video-preview:-1\" \/>\n<meta property=\"og:locale\" content=\"ro_RO\" \/>\n<meta property=\"og:type\" content=\"article\" \/>\n<meta property=\"og:title\" content=\"Essentiq si Minunea Naturii cauta mici artisti talentati - Blogul Minunea Naturii\" \/>\n<meta property=\"og:description\" content=\"Creeaza propriul tau gel de dus si sampon de la Essentiq. Cautam mici artisti! Daca ai pana in 10 ani, asteptam...\" \/>\n<meta property=\"og:url\" content=\"https:\/\/minuneanaturii.ro\/blog\/essentiq-si-minunea-naturii-cauta-mici-artisti-talentati\" \/>\n<meta property=\"og:site_name\" content=\"Blogul Minunea Naturii\" \/>\n<meta property=\"article:author\" content=\"https:\/\/www.facebook.com\/minuneanaturii\/\" \/>\n<meta property=\"article:published_time\" content=\"2017-01-07T05:21:29+00:00\" \/>\n<meta property=\"article:modified_time\" content=\"2024-07-12T14:37:40+00:00\" \/>\n<meta property=\"og:image\" content=\"https:\/\/minuneanaturii.ro\/blog\/wp-content\/uploads\/2017\/01\/Concurs-kids-for-kids.jpg\" \/>\n\t<meta property=\"og:image:width\" content=\"1946\" \/>\n\t<meta property=\"og:image:height\" content=\"1507\" \/>\n\t<meta property=\"og:image:type\" content=\"image\/jpeg\" \/>\n<meta name=\"author\" content=\"Farm. Anca si Adrian Ienin\" \/>\n<meta name=\"twitter:card\" content=\"summary_large_image\" \/>\n<meta name=\"twitter:label1\" content=\"Scris de\" \/>\n\t<meta name=\"twitter:data1\" content=\"Farm. Anca si Adrian Ienin\" \/>\n\t<meta name=\"twitter:label2\" content=\"Timp estimat pentru citire\" \/>\n\t<meta name=\"twitter:data2\" content=\"1 minut\" \/>\n<script type=\"application\/ld+json\" class=\"yoast-schema-graph\">{\"@context\":\"https:\\\/\\\/schema.org\",\"@graph\":[{\"@type\":\"Article\",\"@id\":\"https:\\\/\\\/minuneanaturii.ro\\\/blog\\\/essentiq-si-minunea-naturii-cauta-mici-artisti-talentati#article\",\"isPartOf\":{\"@id\":\"https:\\\/\\\/minuneanaturii.ro\\\/blog\\\/essentiq-si-minunea-naturii-cauta-mici-artisti-talentati\"},\"author\":{\"name\":\"Farm. Anca si Adrian Ienin\",\"@id\":\"https:\\\/\\\/minuneanaturii.ro\\\/blog\\\/#\\\/schema\\\/person\\\/f2d61b0d1b99f774c2026e5355657712\"},\"headline\":\"Essentiq si Minunea Naturii cauta mici artisti talentati\",\"datePublished\":\"2017-01-07T05:21:29+00:00\",\"dateModified\":\"2024-07-12T14:37:40+00:00\",\"mainEntityOfPage\":{\"@id\":\"https:\\\/\\\/minuneanaturii.ro\\\/blog\\\/essentiq-si-minunea-naturii-cauta-mici-artisti-talentati\"},\"wordCount\":262,\"commentCount\":0,\"image\":{\"@id\":\"https:\\\/\\\/minuneanaturii.ro\\\/blog\\\/essentiq-si-minunea-naturii-cauta-mici-artisti-talentati#primaryimage\"},\"thumbnailUrl\":\"https:\\\/\\\/i0.wp.com\\\/minuneanaturii.ro\\\/blog\\\/wp-content\\\/uploads\\\/2017\\\/01\\\/Concurs-kids-for-kids.jpg?fit=1946%2C1507&ssl=1\",\"keywords\":[\"bioaleea\",\"bogalio\",\"castigator\",\"concurs copii\",\"cosmetice naturale\",\"desen\",\"design eticheta\",\"Essentiq\",\"farmacie naturopata\",\"kids for kids\",\"sampon si gel de dus copii\",\"Shopping city Timisoara\",\"ShoppingCityTM\"],\"articleSection\":[\"Diverse\",\"Evenimente\"],\"inLanguage\":\"ro-RO\",\"potentialAction\":[{\"@type\":\"CommentAction\",\"name\":\"Comment\",\"target\":[\"https:\\\/\\\/minuneanaturii.ro\\\/blog\\\/essentiq-si-minunea-naturii-cauta-mici-artisti-talentati#respond\"]}]},{\"@type\":\"WebPage\",\"@id\":\"https:\\\/\\\/minuneanaturii.ro\\\/blog\\\/essentiq-si-minunea-naturii-cauta-mici-artisti-talentati\",\"url\":\"https:\\\/\\\/minuneanaturii.ro\\\/blog\\\/essentiq-si-minunea-naturii-cauta-mici-artisti-talentati\",\"name\":\"Essentiq si Minunea Naturii cauta mici artisti talentati - Blogul Minunea Naturii\",\"isPartOf\":{\"@id\":\"https:\\\/\\\/minuneanaturii.ro\\\/blog\\\/#website\"},\"primaryImageOfPage\":{\"@id\":\"https:\\\/\\\/minuneanaturii.ro\\\/blog\\\/essentiq-si-minunea-naturii-cauta-mici-artisti-talentati#primaryimage\"},\"image\":{\"@id\":\"https:\\\/\\\/minuneanaturii.ro\\\/blog\\\/essentiq-si-minunea-naturii-cauta-mici-artisti-talentati#primaryimage\"},\"thumbnailUrl\":\"https:\\\/\\\/i0.wp.com\\\/minuneanaturii.ro\\\/blog\\\/wp-content\\\/uploads\\\/2017\\\/01\\\/Concurs-kids-for-kids.jpg?fit=1946%2C1507&ssl=1\",\"datePublished\":\"2017-01-07T05:21:29+00:00\",\"dateModified\":\"2024-07-12T14:37:40+00:00\",\"author\":{\"@id\":\"https:\\\/\\\/minuneanaturii.ro\\\/blog\\\/#\\\/schema\\\/person\\\/f2d61b0d1b99f774c2026e5355657712\"},\"breadcrumb\":{\"@id\":\"https:\\\/\\\/minuneanaturii.ro\\\/blog\\\/essentiq-si-minunea-naturii-cauta-mici-artisti-talentati#breadcrumb\"},\"inLanguage\":\"ro-RO\",\"potentialAction\":[{\"@type\":\"ReadAction\",\"target\":[\"https:\\\/\\\/minuneanaturii.ro\\\/blog\\\/essentiq-si-minunea-naturii-cauta-mici-artisti-talentati\"]}]},{\"@type\":\"ImageObject\",\"inLanguage\":\"ro-RO\",\"@id\":\"https:\\\/\\\/minuneanaturii.ro\\\/blog\\\/essentiq-si-minunea-naturii-cauta-mici-artisti-talentati#primaryimage\",\"url\":\"https:\\\/\\\/i0.wp.com\\\/minuneanaturii.ro\\\/blog\\\/wp-content\\\/uploads\\\/2017\\\/01\\\/Concurs-kids-for-kids.jpg?fit=1946%2C1507&ssl=1\",\"contentUrl\":\"https:\\\/\\\/i0.wp.com\\\/minuneanaturii.ro\\\/blog\\\/wp-content\\\/uploads\\\/2017\\\/01\\\/Concurs-kids-for-kids.jpg?fit=1946%2C1507&ssl=1\",\"width\":1946,\"height\":1507},{\"@type\":\"BreadcrumbList\",\"@id\":\"https:\\\/\\\/minuneanaturii.ro\\\/blog\\\/essentiq-si-minunea-naturii-cauta-mici-artisti-talentati#breadcrumb\",\"itemListElement\":[{\"@type\":\"ListItem\",\"position\":1,\"name\":\"Prima pagin\u0103\",\"item\":\"https:\\\/\\\/minuneanaturii.ro\\\/blog\\\/\"},{\"@type\":\"ListItem\",\"position\":2,\"name\":\"Essentiq si Minunea Naturii cauta mici artisti talentati\"}]},{\"@type\":\"WebSite\",\"@id\":\"https:\\\/\\\/minuneanaturii.ro\\\/blog\\\/#website\",\"url\":\"https:\\\/\\\/minuneanaturii.ro\\\/blog\\\/\",\"name\":\"Blogul Minunea Naturii\",\"description\":\"informatii utile despre sanatate, alimentatie si tratemnte holistice\",\"potentialAction\":[{\"@type\":\"SearchAction\",\"target\":{\"@type\":\"EntryPoint\",\"urlTemplate\":\"https:\\\/\\\/minuneanaturii.ro\\\/blog\\\/?s={search_term_string}\"},\"query-input\":{\"@type\":\"PropertyValueSpecification\",\"valueRequired\":true,\"valueName\":\"search_term_string\"}}],\"inLanguage\":\"ro-RO\"},{\"@type\":\"Person\",\"@id\":\"https:\\\/\\\/minuneanaturii.ro\\\/blog\\\/#\\\/schema\\\/person\\\/f2d61b0d1b99f774c2026e5355657712\",\"name\":\"Farm. Anca si Adrian Ienin\",\"image\":{\"@type\":\"ImageObject\",\"inLanguage\":\"ro-RO\",\"@id\":\"https:\\\/\\\/secure.gravatar.com\\\/avatar\\\/ad4ecb84085c66eae03365f7a2f872d8fee2056710d75b48754261be4b5f8abd?s=96&d=mm&r=g\",\"url\":\"https:\\\/\\\/secure.gravatar.com\\\/avatar\\\/ad4ecb84085c66eae03365f7a2f872d8fee2056710d75b48754261be4b5f8abd?s=96&d=mm&r=g\",\"contentUrl\":\"https:\\\/\\\/secure.gravatar.com\\\/avatar\\\/ad4ecb84085c66eae03365f7a2f872d8fee2056710d75b48754261be4b5f8abd?s=96&d=mm&r=g\",\"caption\":\"Farm. Anca si Adrian Ienin\"},\"description\":\"Anca si Adrian Ienin, farmacisti naturopati si fondatori ai conceptului Minunea Naturii. Au transformat pasiunea pentru alimentatie, stil de viata sanatos si tratamente naturale intr-un concept dedicat sanatatii depline. Scriu articole documentate de ultimele studii in domeniu si din experienta directa cu pacientii. Cred in exemplul propriu si integritate, astfel informatia furnizata este credibila si autentica. Farm. Anca \u0219i Adrian Ienin sunt co-fondatorii conceptului Minunea Naturii \u0219i promotori ai unei viziuni integrative asupra s\u0103n\u0103t\u0103\u021bii, \u00een care \u0219tiin\u021ba modern\u0103 se \u00eent\u00e2lne\u0219te cu \u00een\u021belepciunea tradi\u021bional\u0103. Cu o experien\u021b\u0103 de peste un deceniu \u00een domeniul terapiilor naturale, nutri\u021biei func\u021bionale \u0219i suplimentelor de calitate, cei doi autori ofer\u0103 informa\u021bii valoroase, bine documentate \u0219i orientate spre rezultate reale \u00een echilibrarea organismului. Prin articolele \u0219i proiectele lor educa\u021bionale, Anca \u0219i Adrian \u00eencurajeaz\u0103 oamenii s\u0103 \u00ee\u0219i asume responsabilitatea pentru propria s\u0103n\u0103tate, s\u0103 \u00ee\u0219i dezvolte discern\u0103m\u00e2ntul \u00een alegerea produselor naturale \u0219i s\u0103 adopte un stil de via\u021b\u0103 con\u0219tient, \u00een armonie cu ritmurile corpului \u0219i ale naturii. Articolele lor \u00eembin\u0103 rigoarea \u0219tiin\u021bific\u0103 cu empatia practic\u0103, av\u00e2nd la baz\u0103 at\u00e2t cuno\u0219tin\u021be academice, c\u00e2t \u0219i experien\u021b\u0103 direct\u0103 cu mii de clien\u021bi \u0219i pacien\u021bi. Viziunea lor este una clar\u0103: s\u0103n\u0103tatea nu se reduce la absen\u021ba bolii, ci este un proces activ de echilibru fizic, emo\u021bional, mental \u0219i spiritual \u2013 un drum spre vitalitate, autonomie \u0219i sens.\",\"sameAs\":[\"https:\\\/\\\/www.minuneanaturii.ro\",\"https:\\\/\\\/www.facebook.com\\\/minuneanaturii\\\/\",\"https:\\\/\\\/www.instagram.com\\\/minuneanaturii\\\/\",\"https:\\\/\\\/www.linkedin.com\\\/company\\\/minunea-naturii\",\"https:\\\/\\\/www.youtube.com\\\/@MinuneaNaturii\"],\"url\":\"https:\\\/\\\/minuneanaturii.ro\\\/blog\\\/author\\\/ancasiadrianienin\"}]}<\/script>\n<!-- \/ Yoast SEO plugin. -->","yoast_head_json":{"title":"Essentiq si Minunea Naturii cauta mici artisti talentati - minuneanaturii.ro","robots":{"index":"index","follow":"follow","max-snippet":"max-snippet:-1","max-image-preview":"max-image-preview:large","max-video-preview":"max-video-preview:-1"},"og_locale":"ro_RO","og_type":"article","og_title":"Essentiq si Minunea Naturii cauta mici artisti talentati - Blogul Minunea Naturii","og_description":"Creeaza propriul tau gel de dus si sampon de la Essentiq. Cautam mici artisti! Daca ai pana in 10 ani, asteptam...","og_url":"https:\/\/minuneanaturii.ro\/blog\/essentiq-si-minunea-naturii-cauta-mici-artisti-talentati","og_site_name":"Blogul Minunea Naturii","article_author":"https:\/\/www.facebook.com\/minuneanaturii\/","article_published_time":"2017-01-07T05:21:29+00:00","article_modified_time":"2024-07-12T14:37:40+00:00","og_image":[{"width":1946,"height":1507,"url":"https:\/\/minuneanaturii.ro\/blog\/wp-content\/uploads\/2017\/01\/Concurs-kids-for-kids.jpg","type":"image\/jpeg"}],"author":"Farm. Anca si Adrian Ienin","twitter_card":"summary_large_image","twitter_misc":{"Scris de":"Farm. Anca si Adrian Ienin","Timp estimat pentru citire":"1 minut"},"schema":{"@context":"https:\/\/schema.org","@graph":[{"@type":"Article","@id":"https:\/\/minuneanaturii.ro\/blog\/essentiq-si-minunea-naturii-cauta-mici-artisti-talentati#article","isPartOf":{"@id":"https:\/\/minuneanaturii.ro\/blog\/essentiq-si-minunea-naturii-cauta-mici-artisti-talentati"},"author":{"name":"Farm. Anca si Adrian Ienin","@id":"https:\/\/minuneanaturii.ro\/blog\/#\/schema\/person\/f2d61b0d1b99f774c2026e5355657712"},"headline":"Essentiq si Minunea Naturii cauta mici artisti talentati","datePublished":"2017-01-07T05:21:29+00:00","dateModified":"2024-07-12T14:37:40+00:00","mainEntityOfPage":{"@id":"https:\/\/minuneanaturii.ro\/blog\/essentiq-si-minunea-naturii-cauta-mici-artisti-talentati"},"wordCount":262,"commentCount":0,"image":{"@id":"https:\/\/minuneanaturii.ro\/blog\/essentiq-si-minunea-naturii-cauta-mici-artisti-talentati#primaryimage"},"thumbnailUrl":"https:\/\/i0.wp.com\/minuneanaturii.ro\/blog\/wp-content\/uploads\/2017\/01\/Concurs-kids-for-kids.jpg?fit=1946%2C1507&ssl=1","keywords":["bioaleea","bogalio","castigator","concurs copii","cosmetice naturale","desen","design eticheta","Essentiq","farmacie naturopata","kids for kids","sampon si gel de dus copii","Shopping city Timisoara","ShoppingCityTM"],"articleSection":["Diverse","Evenimente"],"inLanguage":"ro-RO","potentialAction":[{"@type":"CommentAction","name":"Comment","target":["https:\/\/minuneanaturii.ro\/blog\/essentiq-si-minunea-naturii-cauta-mici-artisti-talentati#respond"]}]},{"@type":"WebPage","@id":"https:\/\/minuneanaturii.ro\/blog\/essentiq-si-minunea-naturii-cauta-mici-artisti-talentati","url":"https:\/\/minuneanaturii.ro\/blog\/essentiq-si-minunea-naturii-cauta-mici-artisti-talentati","name":"Essentiq si Minunea Naturii cauta mici artisti talentati - Blogul Minunea Naturii","isPartOf":{"@id":"https:\/\/minuneanaturii.ro\/blog\/#website"},"primaryImageOfPage":{"@id":"https:\/\/minuneanaturii.ro\/blog\/essentiq-si-minunea-naturii-cauta-mici-artisti-talentati#primaryimage"},"image":{"@id":"https:\/\/minuneanaturii.ro\/blog\/essentiq-si-minunea-naturii-cauta-mici-artisti-talentati#primaryimage"},"thumbnailUrl":"https:\/\/i0.wp.com\/minuneanaturii.ro\/blog\/wp-content\/uploads\/2017\/01\/Concurs-kids-for-kids.jpg?fit=1946%2C1507&ssl=1","datePublished":"2017-01-07T05:21:29+00:00","dateModified":"2024-07-12T14:37:40+00:00","author":{"@id":"https:\/\/minuneanaturii.ro\/blog\/#\/schema\/person\/f2d61b0d1b99f774c2026e5355657712"},"breadcrumb":{"@id":"https:\/\/minuneanaturii.ro\/blog\/essentiq-si-minunea-naturii-cauta-mici-artisti-talentati#breadcrumb"},"inLanguage":"ro-RO","potentialAction":[{"@type":"ReadAction","target":["https:\/\/minuneanaturii.ro\/blog\/essentiq-si-minunea-naturii-cauta-mici-artisti-talentati"]}]},{"@type":"ImageObject","inLanguage":"ro-RO","@id":"https:\/\/minuneanaturii.ro\/blog\/essentiq-si-minunea-naturii-cauta-mici-artisti-talentati#primaryimage","url":"https:\/\/i0.wp.com\/minuneanaturii.ro\/blog\/wp-content\/uploads\/2017\/01\/Concurs-kids-for-kids.jpg?fit=1946%2C1507&ssl=1","contentUrl":"https:\/\/i0.wp.com\/minuneanaturii.ro\/blog\/wp-content\/uploads\/2017\/01\/Concurs-kids-for-kids.jpg?fit=1946%2C1507&ssl=1","width":1946,"height":1507},{"@type":"BreadcrumbList","@id":"https:\/\/minuneanaturii.ro\/blog\/essentiq-si-minunea-naturii-cauta-mici-artisti-talentati#breadcrumb","itemListElement":[{"@type":"ListItem","position":1,"name":"Prima pagin\u0103","item":"https:\/\/minuneanaturii.ro\/blog\/"},{"@type":"ListItem","position":2,"name":"Essentiq si Minunea Naturii cauta mici artisti talentati"}]},{"@type":"WebSite","@id":"https:\/\/minuneanaturii.ro\/blog\/#website","url":"https:\/\/minuneanaturii.ro\/blog\/","name":"Blogul Minunea Naturii","description":"informatii utile despre sanatate, alimentatie si tratemnte holistice","potentialAction":[{"@type":"SearchAction","target":{"@type":"EntryPoint","urlTemplate":"https:\/\/minuneanaturii.ro\/blog\/?s={search_term_string}"},"query-input":{"@type":"PropertyValueSpecification","valueRequired":true,"valueName":"search_term_string"}}],"inLanguage":"ro-RO"},{"@type":"Person","@id":"https:\/\/minuneanaturii.ro\/blog\/#\/schema\/person\/f2d61b0d1b99f774c2026e5355657712","name":"Farm. Anca si Adrian Ienin","image":{"@type":"ImageObject","inLanguage":"ro-RO","@id":"https:\/\/secure.gravatar.com\/avatar\/ad4ecb84085c66eae03365f7a2f872d8fee2056710d75b48754261be4b5f8abd?s=96&d=mm&r=g","url":"https:\/\/secure.gravatar.com\/avatar\/ad4ecb84085c66eae03365f7a2f872d8fee2056710d75b48754261be4b5f8abd?s=96&d=mm&r=g","contentUrl":"https:\/\/secure.gravatar.com\/avatar\/ad4ecb84085c66eae03365f7a2f872d8fee2056710d75b48754261be4b5f8abd?s=96&d=mm&r=g","caption":"Farm. Anca si Adrian Ienin"},"description":"Anca si Adrian Ienin, farmacisti naturopati si fondatori ai conceptului Minunea Naturii. Au transformat pasiunea pentru alimentatie, stil de viata sanatos si tratamente naturale intr-un concept dedicat sanatatii depline. Scriu articole documentate de ultimele studii in domeniu si din experienta directa cu pacientii. Cred in exemplul propriu si integritate, astfel informatia furnizata este credibila si autentica. Farm. Anca \u0219i Adrian Ienin sunt co-fondatorii conceptului Minunea Naturii \u0219i promotori ai unei viziuni integrative asupra s\u0103n\u0103t\u0103\u021bii, \u00een care \u0219tiin\u021ba modern\u0103 se \u00eent\u00e2lne\u0219te cu \u00een\u021belepciunea tradi\u021bional\u0103. Cu o experien\u021b\u0103 de peste un deceniu \u00een domeniul terapiilor naturale, nutri\u021biei func\u021bionale \u0219i suplimentelor de calitate, cei doi autori ofer\u0103 informa\u021bii valoroase, bine documentate \u0219i orientate spre rezultate reale \u00een echilibrarea organismului. Prin articolele \u0219i proiectele lor educa\u021bionale, Anca \u0219i Adrian \u00eencurajeaz\u0103 oamenii s\u0103 \u00ee\u0219i asume responsabilitatea pentru propria s\u0103n\u0103tate, s\u0103 \u00ee\u0219i dezvolte discern\u0103m\u00e2ntul \u00een alegerea produselor naturale \u0219i s\u0103 adopte un stil de via\u021b\u0103 con\u0219tient, \u00een armonie cu ritmurile corpului \u0219i ale naturii. Articolele lor \u00eembin\u0103 rigoarea \u0219tiin\u021bific\u0103 cu empatia practic\u0103, av\u00e2nd la baz\u0103 at\u00e2t cuno\u0219tin\u021be academice, c\u00e2t \u0219i experien\u021b\u0103 direct\u0103 cu mii de clien\u021bi \u0219i pacien\u021bi. Viziunea lor este una clar\u0103: s\u0103n\u0103tatea nu se reduce la absen\u021ba bolii, ci este un proces activ de echilibru fizic, emo\u021bional, mental \u0219i spiritual \u2013 un drum spre vitalitate, autonomie \u0219i sens.","sameAs":["https:\/\/www.minuneanaturii.ro","https:\/\/www.facebook.com\/minuneanaturii\/","https:\/\/www.instagram.com\/minuneanaturii\/","https:\/\/www.linkedin.com\/company\/minunea-naturii","https:\/\/www.youtube.com\/@MinuneaNaturii"],"url":"https:\/\/minuneanaturii.ro\/blog\/author\/ancasiadrianienin"}]}},"jetpack_featured_media_url":"https:\/\/i0.wp.com\/minuneanaturii.ro\/blog\/wp-content\/uploads\/2017\/01\/Concurs-kids-for-kids.jpg?fit=1946%2C1507&ssl=1","jetpack_sharing_enabled":true,"_links":{"self":[{"href":"https:\/\/minuneanaturii.ro\/blog\/wp-json\/wp\/v2\/posts\/805","targetHints":{"allow":["GET"]}}],"collection":[{"href":"https:\/\/minuneanaturii.ro\/blog\/wp-json\/wp\/v2\/posts"}],"about":[{"href":"https:\/\/minuneanaturii.ro\/blog\/wp-json\/wp\/v2\/types\/post"}],"author":[{"embeddable":true,"href":"https:\/\/minuneanaturii.ro\/blog\/wp-json\/wp\/v2\/users\/101011"}],"replies":[{"embeddable":true,"href":"https:\/\/minuneanaturii.ro\/blog\/wp-json\/wp\/v2\/comments?post=805"}],"version-history":[{"count":9,"href":"https:\/\/minuneanaturii.ro\/blog\/wp-json\/wp\/v2\/posts\/805\/revisions"}],"predecessor-version":[{"id":2518,"href":"https:\/\/minuneanaturii.ro\/blog\/wp-json\/wp\/v2\/posts\/805\/revisions\/2518"}],"wp:featuredmedia":[{"embeddable":true,"href":"https:\/\/minuneanaturii.ro\/blog\/wp-json\/wp\/v2\/media\/811"}],"wp:attachment":[{"href":"https:\/\/minuneanaturii.ro\/blog\/wp-json\/wp\/v2\/media?parent=805"}],"wp:term":[{"taxonomy":"category","embeddable":true,"href":"https:\/\/minuneanaturii.ro\/blog\/wp-json\/wp\/v2\/categories?post=805"},{"taxonomy":"post_tag","embeddable":true,"href":"https:\/\/minuneanaturii.ro\/blog\/wp-json\/wp\/v2\/tags?post=805"}],"curies":[{"name":"wp","href":"https:\/\/api.w.org\/{rel}","templated":true}]}}