{"id":6449,"date":"2023-07-21T06:00:52","date_gmt":"2023-07-21T04:00:52","guid":{"rendered":"https:\/\/minuneanaturii.ro\/blog\/?p=6449"},"modified":"2024-07-12T16:34:30","modified_gmt":"2024-07-12T14:34:30","slug":"de-ce-o-vanataie-isi-schimba-culoarea-legitatea-383","status":"publish","type":"post","link":"https:\/\/minuneanaturii.ro\/blog\/de-ce-o-vanataie-isi-schimba-culoarea-legitatea-383","title":{"rendered":"De ce o v\u00e2n\u0103taie \u00ee\u0219i schimb\u0103 culoarea? (Legitatea #383)"},"content":{"rendered":"<p><span class=\" author-d-1gg9uz65z1iz85zgdz68zmqkz84zo2qovw8oz81zyz80zz84z3d9ez83zz72zz87zyz65z8cz85zh6gz72zz86z1z69z2z122zz83ziz89z\">Te-ai lovit de multe ori \u0219i ai f\u0103cut o v\u00e2n\u0103taie. Iar \u00een procesul de vindecare ai observat c\u0103 aceasta \u00ee\u0219i schimb\u0103 culoarea. De ce trece prin mov, verde, galben \u0219i alte nuan\u021be \u00eenainte s\u0103 dispar\u0103?<\/span><\/p>\n<p><span class=\" author-d-1gg9uz65z1iz85zgdz68zmqkz84zo2qovw8oz81zyz80zz84z3d9ez83zz72zz87zyz65z8cz85zh6gz72zz86z1z69z2z122zz83ziz89z\">C\u00e2nd apare o lovitur\u0103 apoi o v\u00e2n\u0103taie, capilarele sanguine sunt deteriorate. S\u00e2ngele curge din vasele de s\u00e2nge \u00een \u021besuturile moi din jur, de sub piele. Este ca o ran\u0103 \u00een interior, nu la suprafa\u021ba pielii.<\/span><\/p>\n<p><span class=\" author-d-1gg9uz65z1iz85zgdz68zmqkz84zo2qovw8oz81zyz80zz84z3d9ez83zz72zz87zyz65z8cz85zh6gz72zz86z1z69z2z122zz83ziz89z\">A\u0219a cum \u0219tii, s\u00e2ngele con\u021bine hemoglobin\u0103, molecula care \u00eei d\u0103 acea culoare ro\u0219ie specific\u0103.<\/span><\/p>\n<p><span class=\" author-d-1gg9uz65z1iz85zgdz68zmqkz84zo2qovw8oz81zyz80zz84z3d9ez83zz72zz87zyz65z8cz85zh6gz72zz86z1z69z2z122zz83ziz89z\">Revenind la lovitur\u0103, celulele albe, leucocitele, ajung la locul leziunii \u0219i \u00eenconjoar\u0103 locul hemoragiei, \u00eencep\u00e2nd procesul de distrugere \u0219i reciclare a celulelor sanguine.<\/span><\/p>\n<h2><span class=\" author-d-1gg9uz65z1iz85zgdz68zmqkz84zo2qovw8oz81zyz80zz84z3d9ez83zz72zz87zyz65z8cz85zh6gz72zz86z1z69z2z122zz83ziz89z\">In cazul v\u00e2n\u0103t\u0103ilor, din distrugerea hemoglobinei se genereaz\u0103 produ\u0219i de descompunere:<\/span><\/h2>\n<p><strong><span class=\" author-d-1gg9uz65z1iz85zgdz68zmqkz84zo2qovw8oz81zyz80zz84z3d9ez83zz72zz87zyz65z8cz85zh6gz72zz86z1z69z2z122zz83ziz89z\">biliverdin\u0103<\/span> <\/strong><span class=\" author-d-1gg9uz65z1iz85zgdz68zmqkz84zo2qovw8oz81zyz80zz84z3d9ez83zz72zz87zyz65z8cz85zh6gz72zz86z1z69z2z122zz83ziz89z h-lparen\">(pigment<\/span><span class=\" author-d-1gg9uz65z1iz85zgdz68zmqkz84zo2qovw8oz81zyz80zz84z3d9ez83zz72zz87zyz65z8cz85zh6gz72zz86z1z69z2z122zz83ziz89z\"> biliar verde) \u0219i <strong>bilirubin\u0103<\/strong><\/span> <span class=\" author-d-1gg9uz65z1iz85zgdz68zmqkz84zo2qovw8oz81zyz80zz84z3d9ez83zz72zz87zyz65z8cz85zh6gz72zz86z1z69z2z122zz83ziz89z h-lparen\">(pigment<\/span><span class=\" author-d-1gg9uz65z1iz85zgdz68zmqkz84zo2qovw8oz81zyz80zz84z3d9ez83zz72zz87zyz65z8cz85zh6gz72zz86z1z69z2z122zz83ziz89z\"> biliar galben-ro\u0219u).<\/span><\/p>\n<p><span class=\" author-d-1gg9uz65z1iz85zgdz68zmqkz84zo2qovw8oz81zyz80zz84z3d9ez83zz72zz87zyz65z8cz85zh6gz72zz86z1z69z2z122zz83ziz89z\">Iar combina\u021bia acestor compu\u0219i d\u0103 diverse nuan\u021be de galben-verde-ro\u0219u.<\/span><\/p>\n<p><span class=\" author-d-1gg9uz65z1iz85zgdz68zmqkz84zo2qovw8oz81zyz80zz84z3d9ez83zz72zz87zyz65z8cz85zh6gz72zz86z1z69z2z122zz83ziz89z\">Dar a\u0219a cum vindecarea unei v\u00e2n\u0103t\u0103i trece prin ni\u0219te etape, am putea spune, uimitoare, la fel \u0219i vindecarea de anumite afec\u021biuni poate \u00eensemna o acutizare a alteia.<\/span><\/p>\n<p><span class=\" author-d-1gg9uz65z1iz85zgdz68zmqkz84zo2qovw8oz81zyz80zz84z3d9ez83zz72zz87zyz65z8cz85zh6gz72zz86z1z69z2z122zz83ziz89z\">De exemplu:<\/span><\/p>\n<ul class=\"listtype-bullet listindent1 list-bullet1\">\n<li><span class=\" author-d-1gg9uz65z1iz85zgdz68zmqkz84zo2qovw8oz81zyz80zz84z3d9ez83zz72zz87zyz65z8cz85zh6gz72zz86z1z69z2z122zz83ziz89z\">febra \u00eenalt\u0103 care apare la o persoan\u0103 care nu a mai avut temperatur\u0103 de 10 ani, este un semn de vindecare<\/span><\/li>\n<li><span class=\" author-d-1gg9uz65z1iz85zgdz68zmqkz84zo2qovw8oz81zyz80zz84z3d9ez83zz72zz87zyz65z8cz85zh6gz72zz86z1z69z2z122zz83ziz89z\">st\u0103ri de grea\u021b\u0103 sau dureri de cap, care apar la schimbarea stilul de via\u021b\u0103, pot fi semnul unei detoxifieri<\/span><\/li>\n<li><span class=\" author-d-1gg9uz65z1iz85zgdz68zmqkz84zo2qovw8oz81zyz80zz84z3d9ez83zz72zz87zyz65z8cz85zh6gz72zz86z1z69z2z122zz83ziz89z\">o erup\u021bie masiv\u0103 pe piele la o persoan\u0103 cu astm bron\u0219ic sau paraziti intestinali, poate fi deasemenea un semn de vindecare<\/span><\/li>\n<li><span class=\" author-d-1gg9uz65z1iz85zgdz68zmqkz84zo2qovw8oz81zyz80zz84z3d9ez83zz72zz87zyz65z8cz85zh6gz72zz86z1z69z2z122zz83ziz89z\">etc.<\/span><\/li>\n<\/ul>\n<p><span class=\" author-d-1gg9uz65z1iz85zgdz68zmqkz84zo2qovw8oz81zyz80zz84z3d9ez83zz72zz87zyz65z8cz85zh6gz72zz86z1z69z2z122zz83ziz89z\">\u2026doar c\u0103 de obicei aceste simptome nu apar izolat, ci le lu\u0103m \u00een considerare doar atunci c\u00e2nd suntem \u00eentr-un proces inten\u021bionat de \u00eembun\u0103t\u0103\u021bire a st\u0103rii de s\u0103n\u0103tate.<\/span><\/p>\n<p>&nbsp;<\/p>\n<p><span class=\" author-d-1gg9uz65z1iz85zgdz68zmqkz84zo2qovw8oz81zyz80zz84z3d9ez83zz72zz87zyz65z8cz85zh6gz72zz86z1z69z2z122zz83ziz89z\"><i>Bucuro\u0219i s\u0103 te \u0219tim s\u0103n\u0103tos,<\/i><\/span><\/p>\n<p><span class=\"ace-all-bold-hthree\"><span class=\" author-d-1gg9uz65z1iz85zgdz68zmqkz84zo2qovw8oz81zyz80zz84z3d9ez83zz72zz87zyz65z8cz85zh6gz72zz86z1z69z2z122zz83ziz89z\"><b><i>Farm. Anca \u0219i Adrian Ienin<\/i><\/b><\/span><\/span><\/p>\n","protected":false},"excerpt":{"rendered":"<p>Te-ai lovit de multe ori \u0219i ai f\u0103cut o v\u00e2n\u0103taie. Iar \u00een procesul de vindecare ai observat c\u0103 aceasta \u00ee\u0219i schimb\u0103 culoarea. De ce trece prin mov, verde, galben \u0219i alte nuan\u021be \u00eenainte s\u0103 dispar\u0103? C\u00e2nd apare o lovitur\u0103 apoi o v\u00e2n\u0103taie, capilarele sanguine sunt deteriorate. S\u00e2ngele curge din vasele de s\u00e2nge \u00een \u021besuturile moi &#8230;<\/p>\n","protected":false},"author":101011,"featured_media":6441,"comment_status":"open","ping_status":"closed","sticky":false,"template":"","format":"standard","meta":{"_jetpack_memberships_contains_paid_content":false,"footnotes":""},"categories":[2341,5],"tags":[],"class_list":["post-6449","post","type-post","status-publish","format-standard","has-post-thumbnail","hentry","category-legitati","category-sfaturi-utile-tips-and-tricks"],"yoast_head":"<!-- This site is optimized with the Yoast SEO plugin v28.2 - https:\/\/yoast.com\/product\/yoast-seo-wordpress\/ -->\n<title>De ce o v\u00e2n\u0103taie \u00ee\u0219i schimb\u0103 culoarea? (Legitatea #383) - minuneanaturii.ro<\/title>\n<meta name=\"robots\" content=\"index, follow, max-snippet:-1, max-image-preview:large, max-video-preview:-1\" \/>\n<meta property=\"og:locale\" content=\"ro_RO\" \/>\n<meta property=\"og:type\" content=\"article\" \/>\n<meta property=\"og:title\" content=\"De ce o v\u00e2n\u0103taie \u00ee\u0219i schimb\u0103 culoarea? (Legitatea #383) - Blogul Minunea Naturii\" \/>\n<meta property=\"og:description\" content=\"Te-ai lovit de multe ori \u0219i ai f\u0103cut o v\u00e2n\u0103taie. Iar \u00een procesul de vindecare ai observat c\u0103 aceasta \u00ee\u0219i schimb\u0103 culoarea. De ce trece prin mov, verde, galben \u0219i alte nuan\u021be \u00ee\u2026\" \/>\n<meta property=\"og:url\" content=\"https:\/\/minuneanaturii.ro\/blog\/de-ce-o-vanataie-isi-schimba-culoarea-legitatea-383\" \/>\n<meta property=\"og:site_name\" content=\"Blogul Minunea Naturii\" \/>\n<meta property=\"article:author\" content=\"https:\/\/www.facebook.com\/minuneanaturii\/\" \/>\n<meta property=\"article:published_time\" content=\"2023-07-21T04:00:52+00:00\" \/>\n<meta property=\"article:modified_time\" content=\"2024-07-12T14:34:30+00:00\" \/>\n<meta property=\"og:image\" content=\"https:\/\/minuneanaturii.ro\/blog\/wp-content\/uploads\/2023\/07\/383.jpeg\" \/>\n\t<meta property=\"og:image:width\" content=\"1080\" \/>\n\t<meta property=\"og:image:height\" content=\"1080\" \/>\n\t<meta property=\"og:image:type\" content=\"image\/jpeg\" \/>\n<meta name=\"author\" content=\"Farm. Anca si Adrian Ienin\" \/>\n<meta name=\"twitter:card\" content=\"summary_large_image\" \/>\n<meta name=\"twitter:label1\" content=\"Scris de\" \/>\n\t<meta name=\"twitter:data1\" content=\"Farm. Anca si Adrian Ienin\" \/>\n\t<meta name=\"twitter:label2\" content=\"Timp estimat pentru citire\" \/>\n\t<meta name=\"twitter:data2\" content=\"2 minute\" \/>\n<script type=\"application\/ld+json\" class=\"yoast-schema-graph\">{\"@context\":\"https:\\\/\\\/schema.org\",\"@graph\":[{\"@type\":\"Article\",\"@id\":\"https:\\\/\\\/minuneanaturii.ro\\\/blog\\\/de-ce-o-vanataie-isi-schimba-culoarea-legitatea-383#article\",\"isPartOf\":{\"@id\":\"https:\\\/\\\/minuneanaturii.ro\\\/blog\\\/de-ce-o-vanataie-isi-schimba-culoarea-legitatea-383\"},\"author\":{\"name\":\"Farm. Anca si Adrian Ienin\",\"@id\":\"https:\\\/\\\/minuneanaturii.ro\\\/blog\\\/#\\\/schema\\\/person\\\/f2d61b0d1b99f774c2026e5355657712\"},\"headline\":\"De ce o v\u00e2n\u0103taie \u00ee\u0219i schimb\u0103 culoarea? (Legitatea #383)\",\"datePublished\":\"2023-07-21T04:00:52+00:00\",\"dateModified\":\"2024-07-12T14:34:30+00:00\",\"mainEntityOfPage\":{\"@id\":\"https:\\\/\\\/minuneanaturii.ro\\\/blog\\\/de-ce-o-vanataie-isi-schimba-culoarea-legitatea-383\"},\"wordCount\":318,\"commentCount\":0,\"image\":{\"@id\":\"https:\\\/\\\/minuneanaturii.ro\\\/blog\\\/de-ce-o-vanataie-isi-schimba-culoarea-legitatea-383#primaryimage\"},\"thumbnailUrl\":\"https:\\\/\\\/i0.wp.com\\\/minuneanaturii.ro\\\/blog\\\/wp-content\\\/uploads\\\/2023\\\/07\\\/383.jpeg?fit=1080%2C1080&ssl=1\",\"articleSection\":[\"Legitati\",\"Sfaturi utile - Tips and Tricks\"],\"inLanguage\":\"ro-RO\",\"potentialAction\":[{\"@type\":\"CommentAction\",\"name\":\"Comment\",\"target\":[\"https:\\\/\\\/minuneanaturii.ro\\\/blog\\\/de-ce-o-vanataie-isi-schimba-culoarea-legitatea-383#respond\"]}]},{\"@type\":\"WebPage\",\"@id\":\"https:\\\/\\\/minuneanaturii.ro\\\/blog\\\/de-ce-o-vanataie-isi-schimba-culoarea-legitatea-383\",\"url\":\"https:\\\/\\\/minuneanaturii.ro\\\/blog\\\/de-ce-o-vanataie-isi-schimba-culoarea-legitatea-383\",\"name\":\"De ce o v\u00e2n\u0103taie \u00ee\u0219i schimb\u0103 culoarea? (Legitatea #383) - Blogul Minunea Naturii\",\"isPartOf\":{\"@id\":\"https:\\\/\\\/minuneanaturii.ro\\\/blog\\\/#website\"},\"primaryImageOfPage\":{\"@id\":\"https:\\\/\\\/minuneanaturii.ro\\\/blog\\\/de-ce-o-vanataie-isi-schimba-culoarea-legitatea-383#primaryimage\"},\"image\":{\"@id\":\"https:\\\/\\\/minuneanaturii.ro\\\/blog\\\/de-ce-o-vanataie-isi-schimba-culoarea-legitatea-383#primaryimage\"},\"thumbnailUrl\":\"https:\\\/\\\/i0.wp.com\\\/minuneanaturii.ro\\\/blog\\\/wp-content\\\/uploads\\\/2023\\\/07\\\/383.jpeg?fit=1080%2C1080&ssl=1\",\"datePublished\":\"2023-07-21T04:00:52+00:00\",\"dateModified\":\"2024-07-12T14:34:30+00:00\",\"author\":{\"@id\":\"https:\\\/\\\/minuneanaturii.ro\\\/blog\\\/#\\\/schema\\\/person\\\/f2d61b0d1b99f774c2026e5355657712\"},\"breadcrumb\":{\"@id\":\"https:\\\/\\\/minuneanaturii.ro\\\/blog\\\/de-ce-o-vanataie-isi-schimba-culoarea-legitatea-383#breadcrumb\"},\"inLanguage\":\"ro-RO\",\"potentialAction\":[{\"@type\":\"ReadAction\",\"target\":[\"https:\\\/\\\/minuneanaturii.ro\\\/blog\\\/de-ce-o-vanataie-isi-schimba-culoarea-legitatea-383\"]}]},{\"@type\":\"ImageObject\",\"inLanguage\":\"ro-RO\",\"@id\":\"https:\\\/\\\/minuneanaturii.ro\\\/blog\\\/de-ce-o-vanataie-isi-schimba-culoarea-legitatea-383#primaryimage\",\"url\":\"https:\\\/\\\/i0.wp.com\\\/minuneanaturii.ro\\\/blog\\\/wp-content\\\/uploads\\\/2023\\\/07\\\/383.jpeg?fit=1080%2C1080&ssl=1\",\"contentUrl\":\"https:\\\/\\\/i0.wp.com\\\/minuneanaturii.ro\\\/blog\\\/wp-content\\\/uploads\\\/2023\\\/07\\\/383.jpeg?fit=1080%2C1080&ssl=1\",\"width\":1080,\"height\":1080,\"caption\":\"De ce o v\u00e2n\u0103taie \u00ee\u0219i schimb\u0103 culoarea? (Legitatea #383)\"},{\"@type\":\"BreadcrumbList\",\"@id\":\"https:\\\/\\\/minuneanaturii.ro\\\/blog\\\/de-ce-o-vanataie-isi-schimba-culoarea-legitatea-383#breadcrumb\",\"itemListElement\":[{\"@type\":\"ListItem\",\"position\":1,\"name\":\"Prima pagin\u0103\",\"item\":\"https:\\\/\\\/minuneanaturii.ro\\\/blog\\\/\"},{\"@type\":\"ListItem\",\"position\":2,\"name\":\"De ce o v\u00e2n\u0103taie \u00ee\u0219i schimb\u0103 culoarea? (Legitatea #383)\"}]},{\"@type\":\"WebSite\",\"@id\":\"https:\\\/\\\/minuneanaturii.ro\\\/blog\\\/#website\",\"url\":\"https:\\\/\\\/minuneanaturii.ro\\\/blog\\\/\",\"name\":\"Blogul Minunea Naturii\",\"description\":\"informatii utile despre sanatate, alimentatie si tratemnte holistice\",\"potentialAction\":[{\"@type\":\"SearchAction\",\"target\":{\"@type\":\"EntryPoint\",\"urlTemplate\":\"https:\\\/\\\/minuneanaturii.ro\\\/blog\\\/?s={search_term_string}\"},\"query-input\":{\"@type\":\"PropertyValueSpecification\",\"valueRequired\":true,\"valueName\":\"search_term_string\"}}],\"inLanguage\":\"ro-RO\"},{\"@type\":\"Person\",\"@id\":\"https:\\\/\\\/minuneanaturii.ro\\\/blog\\\/#\\\/schema\\\/person\\\/f2d61b0d1b99f774c2026e5355657712\",\"name\":\"Farm. Anca si Adrian Ienin\",\"image\":{\"@type\":\"ImageObject\",\"inLanguage\":\"ro-RO\",\"@id\":\"https:\\\/\\\/secure.gravatar.com\\\/avatar\\\/ad4ecb84085c66eae03365f7a2f872d8fee2056710d75b48754261be4b5f8abd?s=96&d=mm&r=g\",\"url\":\"https:\\\/\\\/secure.gravatar.com\\\/avatar\\\/ad4ecb84085c66eae03365f7a2f872d8fee2056710d75b48754261be4b5f8abd?s=96&d=mm&r=g\",\"contentUrl\":\"https:\\\/\\\/secure.gravatar.com\\\/avatar\\\/ad4ecb84085c66eae03365f7a2f872d8fee2056710d75b48754261be4b5f8abd?s=96&d=mm&r=g\",\"caption\":\"Farm. Anca si Adrian Ienin\"},\"description\":\"Anca si Adrian Ienin, farmacisti naturopati si fondatori ai conceptului Minunea Naturii. Au transformat pasiunea pentru alimentatie, stil de viata sanatos si tratamente naturale intr-un concept dedicat sanatatii depline. Scriu articole documentate de ultimele studii in domeniu si din experienta directa cu pacientii. Cred in exemplul propriu si integritate, astfel informatia furnizata este credibila si autentica. Farm. Anca \u0219i Adrian Ienin sunt co-fondatorii conceptului Minunea Naturii \u0219i promotori ai unei viziuni integrative asupra s\u0103n\u0103t\u0103\u021bii, \u00een care \u0219tiin\u021ba modern\u0103 se \u00eent\u00e2lne\u0219te cu \u00een\u021belepciunea tradi\u021bional\u0103. Cu o experien\u021b\u0103 de peste un deceniu \u00een domeniul terapiilor naturale, nutri\u021biei func\u021bionale \u0219i suplimentelor de calitate, cei doi autori ofer\u0103 informa\u021bii valoroase, bine documentate \u0219i orientate spre rezultate reale \u00een echilibrarea organismului. Prin articolele \u0219i proiectele lor educa\u021bionale, Anca \u0219i Adrian \u00eencurajeaz\u0103 oamenii s\u0103 \u00ee\u0219i asume responsabilitatea pentru propria s\u0103n\u0103tate, s\u0103 \u00ee\u0219i dezvolte discern\u0103m\u00e2ntul \u00een alegerea produselor naturale \u0219i s\u0103 adopte un stil de via\u021b\u0103 con\u0219tient, \u00een armonie cu ritmurile corpului \u0219i ale naturii. Articolele lor \u00eembin\u0103 rigoarea \u0219tiin\u021bific\u0103 cu empatia practic\u0103, av\u00e2nd la baz\u0103 at\u00e2t cuno\u0219tin\u021be academice, c\u00e2t \u0219i experien\u021b\u0103 direct\u0103 cu mii de clien\u021bi \u0219i pacien\u021bi. Viziunea lor este una clar\u0103: s\u0103n\u0103tatea nu se reduce la absen\u021ba bolii, ci este un proces activ de echilibru fizic, emo\u021bional, mental \u0219i spiritual \u2013 un drum spre vitalitate, autonomie \u0219i sens.\",\"sameAs\":[\"https:\\\/\\\/www.minuneanaturii.ro\",\"https:\\\/\\\/www.facebook.com\\\/minuneanaturii\\\/\",\"https:\\\/\\\/www.instagram.com\\\/minuneanaturii\\\/\",\"https:\\\/\\\/www.linkedin.com\\\/company\\\/minunea-naturii\",\"https:\\\/\\\/www.youtube.com\\\/@MinuneaNaturii\"],\"url\":\"https:\\\/\\\/minuneanaturii.ro\\\/blog\\\/author\\\/ancasiadrianienin\"}]}<\/script>\n<!-- \/ Yoast SEO plugin. -->","yoast_head_json":{"title":"De ce o v\u00e2n\u0103taie \u00ee\u0219i schimb\u0103 culoarea? (Legitatea #383) - minuneanaturii.ro","robots":{"index":"index","follow":"follow","max-snippet":"max-snippet:-1","max-image-preview":"max-image-preview:large","max-video-preview":"max-video-preview:-1"},"og_locale":"ro_RO","og_type":"article","og_title":"De ce o v\u00e2n\u0103taie \u00ee\u0219i schimb\u0103 culoarea? (Legitatea #383) - Blogul Minunea Naturii","og_description":"Te-ai lovit de multe ori \u0219i ai f\u0103cut o v\u00e2n\u0103taie. Iar \u00een procesul de vindecare ai observat c\u0103 aceasta \u00ee\u0219i schimb\u0103 culoarea. De ce trece prin mov, verde, galben \u0219i alte nuan\u021be \u00ee\u2026","og_url":"https:\/\/minuneanaturii.ro\/blog\/de-ce-o-vanataie-isi-schimba-culoarea-legitatea-383","og_site_name":"Blogul Minunea Naturii","article_author":"https:\/\/www.facebook.com\/minuneanaturii\/","article_published_time":"2023-07-21T04:00:52+00:00","article_modified_time":"2024-07-12T14:34:30+00:00","og_image":[{"width":1080,"height":1080,"url":"https:\/\/minuneanaturii.ro\/blog\/wp-content\/uploads\/2023\/07\/383.jpeg","type":"image\/jpeg"}],"author":"Farm. Anca si Adrian Ienin","twitter_card":"summary_large_image","twitter_misc":{"Scris de":"Farm. Anca si Adrian Ienin","Timp estimat pentru citire":"2 minute"},"schema":{"@context":"https:\/\/schema.org","@graph":[{"@type":"Article","@id":"https:\/\/minuneanaturii.ro\/blog\/de-ce-o-vanataie-isi-schimba-culoarea-legitatea-383#article","isPartOf":{"@id":"https:\/\/minuneanaturii.ro\/blog\/de-ce-o-vanataie-isi-schimba-culoarea-legitatea-383"},"author":{"name":"Farm. Anca si Adrian Ienin","@id":"https:\/\/minuneanaturii.ro\/blog\/#\/schema\/person\/f2d61b0d1b99f774c2026e5355657712"},"headline":"De ce o v\u00e2n\u0103taie \u00ee\u0219i schimb\u0103 culoarea? (Legitatea #383)","datePublished":"2023-07-21T04:00:52+00:00","dateModified":"2024-07-12T14:34:30+00:00","mainEntityOfPage":{"@id":"https:\/\/minuneanaturii.ro\/blog\/de-ce-o-vanataie-isi-schimba-culoarea-legitatea-383"},"wordCount":318,"commentCount":0,"image":{"@id":"https:\/\/minuneanaturii.ro\/blog\/de-ce-o-vanataie-isi-schimba-culoarea-legitatea-383#primaryimage"},"thumbnailUrl":"https:\/\/i0.wp.com\/minuneanaturii.ro\/blog\/wp-content\/uploads\/2023\/07\/383.jpeg?fit=1080%2C1080&ssl=1","articleSection":["Legitati","Sfaturi utile - Tips and Tricks"],"inLanguage":"ro-RO","potentialAction":[{"@type":"CommentAction","name":"Comment","target":["https:\/\/minuneanaturii.ro\/blog\/de-ce-o-vanataie-isi-schimba-culoarea-legitatea-383#respond"]}]},{"@type":"WebPage","@id":"https:\/\/minuneanaturii.ro\/blog\/de-ce-o-vanataie-isi-schimba-culoarea-legitatea-383","url":"https:\/\/minuneanaturii.ro\/blog\/de-ce-o-vanataie-isi-schimba-culoarea-legitatea-383","name":"De ce o v\u00e2n\u0103taie \u00ee\u0219i schimb\u0103 culoarea? (Legitatea #383) - Blogul Minunea Naturii","isPartOf":{"@id":"https:\/\/minuneanaturii.ro\/blog\/#website"},"primaryImageOfPage":{"@id":"https:\/\/minuneanaturii.ro\/blog\/de-ce-o-vanataie-isi-schimba-culoarea-legitatea-383#primaryimage"},"image":{"@id":"https:\/\/minuneanaturii.ro\/blog\/de-ce-o-vanataie-isi-schimba-culoarea-legitatea-383#primaryimage"},"thumbnailUrl":"https:\/\/i0.wp.com\/minuneanaturii.ro\/blog\/wp-content\/uploads\/2023\/07\/383.jpeg?fit=1080%2C1080&ssl=1","datePublished":"2023-07-21T04:00:52+00:00","dateModified":"2024-07-12T14:34:30+00:00","author":{"@id":"https:\/\/minuneanaturii.ro\/blog\/#\/schema\/person\/f2d61b0d1b99f774c2026e5355657712"},"breadcrumb":{"@id":"https:\/\/minuneanaturii.ro\/blog\/de-ce-o-vanataie-isi-schimba-culoarea-legitatea-383#breadcrumb"},"inLanguage":"ro-RO","potentialAction":[{"@type":"ReadAction","target":["https:\/\/minuneanaturii.ro\/blog\/de-ce-o-vanataie-isi-schimba-culoarea-legitatea-383"]}]},{"@type":"ImageObject","inLanguage":"ro-RO","@id":"https:\/\/minuneanaturii.ro\/blog\/de-ce-o-vanataie-isi-schimba-culoarea-legitatea-383#primaryimage","url":"https:\/\/i0.wp.com\/minuneanaturii.ro\/blog\/wp-content\/uploads\/2023\/07\/383.jpeg?fit=1080%2C1080&ssl=1","contentUrl":"https:\/\/i0.wp.com\/minuneanaturii.ro\/blog\/wp-content\/uploads\/2023\/07\/383.jpeg?fit=1080%2C1080&ssl=1","width":1080,"height":1080,"caption":"De ce o v\u00e2n\u0103taie \u00ee\u0219i schimb\u0103 culoarea? (Legitatea #383)"},{"@type":"BreadcrumbList","@id":"https:\/\/minuneanaturii.ro\/blog\/de-ce-o-vanataie-isi-schimba-culoarea-legitatea-383#breadcrumb","itemListElement":[{"@type":"ListItem","position":1,"name":"Prima pagin\u0103","item":"https:\/\/minuneanaturii.ro\/blog\/"},{"@type":"ListItem","position":2,"name":"De ce o v\u00e2n\u0103taie \u00ee\u0219i schimb\u0103 culoarea? (Legitatea #383)"}]},{"@type":"WebSite","@id":"https:\/\/minuneanaturii.ro\/blog\/#website","url":"https:\/\/minuneanaturii.ro\/blog\/","name":"Blogul Minunea Naturii","description":"informatii utile despre sanatate, alimentatie si tratemnte holistice","potentialAction":[{"@type":"SearchAction","target":{"@type":"EntryPoint","urlTemplate":"https:\/\/minuneanaturii.ro\/blog\/?s={search_term_string}"},"query-input":{"@type":"PropertyValueSpecification","valueRequired":true,"valueName":"search_term_string"}}],"inLanguage":"ro-RO"},{"@type":"Person","@id":"https:\/\/minuneanaturii.ro\/blog\/#\/schema\/person\/f2d61b0d1b99f774c2026e5355657712","name":"Farm. Anca si Adrian Ienin","image":{"@type":"ImageObject","inLanguage":"ro-RO","@id":"https:\/\/secure.gravatar.com\/avatar\/ad4ecb84085c66eae03365f7a2f872d8fee2056710d75b48754261be4b5f8abd?s=96&d=mm&r=g","url":"https:\/\/secure.gravatar.com\/avatar\/ad4ecb84085c66eae03365f7a2f872d8fee2056710d75b48754261be4b5f8abd?s=96&d=mm&r=g","contentUrl":"https:\/\/secure.gravatar.com\/avatar\/ad4ecb84085c66eae03365f7a2f872d8fee2056710d75b48754261be4b5f8abd?s=96&d=mm&r=g","caption":"Farm. Anca si Adrian Ienin"},"description":"Anca si Adrian Ienin, farmacisti naturopati si fondatori ai conceptului Minunea Naturii. Au transformat pasiunea pentru alimentatie, stil de viata sanatos si tratamente naturale intr-un concept dedicat sanatatii depline. Scriu articole documentate de ultimele studii in domeniu si din experienta directa cu pacientii. Cred in exemplul propriu si integritate, astfel informatia furnizata este credibila si autentica. Farm. Anca \u0219i Adrian Ienin sunt co-fondatorii conceptului Minunea Naturii \u0219i promotori ai unei viziuni integrative asupra s\u0103n\u0103t\u0103\u021bii, \u00een care \u0219tiin\u021ba modern\u0103 se \u00eent\u00e2lne\u0219te cu \u00een\u021belepciunea tradi\u021bional\u0103. Cu o experien\u021b\u0103 de peste un deceniu \u00een domeniul terapiilor naturale, nutri\u021biei func\u021bionale \u0219i suplimentelor de calitate, cei doi autori ofer\u0103 informa\u021bii valoroase, bine documentate \u0219i orientate spre rezultate reale \u00een echilibrarea organismului. Prin articolele \u0219i proiectele lor educa\u021bionale, Anca \u0219i Adrian \u00eencurajeaz\u0103 oamenii s\u0103 \u00ee\u0219i asume responsabilitatea pentru propria s\u0103n\u0103tate, s\u0103 \u00ee\u0219i dezvolte discern\u0103m\u00e2ntul \u00een alegerea produselor naturale \u0219i s\u0103 adopte un stil de via\u021b\u0103 con\u0219tient, \u00een armonie cu ritmurile corpului \u0219i ale naturii. Articolele lor \u00eembin\u0103 rigoarea \u0219tiin\u021bific\u0103 cu empatia practic\u0103, av\u00e2nd la baz\u0103 at\u00e2t cuno\u0219tin\u021be academice, c\u00e2t \u0219i experien\u021b\u0103 direct\u0103 cu mii de clien\u021bi \u0219i pacien\u021bi. Viziunea lor este una clar\u0103: s\u0103n\u0103tatea nu se reduce la absen\u021ba bolii, ci este un proces activ de echilibru fizic, emo\u021bional, mental \u0219i spiritual \u2013 un drum spre vitalitate, autonomie \u0219i sens.","sameAs":["https:\/\/www.minuneanaturii.ro","https:\/\/www.facebook.com\/minuneanaturii\/","https:\/\/www.instagram.com\/minuneanaturii\/","https:\/\/www.linkedin.com\/company\/minunea-naturii","https:\/\/www.youtube.com\/@MinuneaNaturii"],"url":"https:\/\/minuneanaturii.ro\/blog\/author\/ancasiadrianienin"}]}},"jetpack_featured_media_url":"https:\/\/i0.wp.com\/minuneanaturii.ro\/blog\/wp-content\/uploads\/2023\/07\/383.jpeg?fit=1080%2C1080&ssl=1","jetpack_sharing_enabled":true,"_links":{"self":[{"href":"https:\/\/minuneanaturii.ro\/blog\/wp-json\/wp\/v2\/posts\/6449","targetHints":{"allow":["GET"]}}],"collection":[{"href":"https:\/\/minuneanaturii.ro\/blog\/wp-json\/wp\/v2\/posts"}],"about":[{"href":"https:\/\/minuneanaturii.ro\/blog\/wp-json\/wp\/v2\/types\/post"}],"author":[{"embeddable":true,"href":"https:\/\/minuneanaturii.ro\/blog\/wp-json\/wp\/v2\/users\/101011"}],"replies":[{"embeddable":true,"href":"https:\/\/minuneanaturii.ro\/blog\/wp-json\/wp\/v2\/comments?post=6449"}],"version-history":[{"count":1,"href":"https:\/\/minuneanaturii.ro\/blog\/wp-json\/wp\/v2\/posts\/6449\/revisions"}],"predecessor-version":[{"id":6450,"href":"https:\/\/minuneanaturii.ro\/blog\/wp-json\/wp\/v2\/posts\/6449\/revisions\/6450"}],"wp:featuredmedia":[{"embeddable":true,"href":"https:\/\/minuneanaturii.ro\/blog\/wp-json\/wp\/v2\/media\/6441"}],"wp:attachment":[{"href":"https:\/\/minuneanaturii.ro\/blog\/wp-json\/wp\/v2\/media?parent=6449"}],"wp:term":[{"taxonomy":"category","embeddable":true,"href":"https:\/\/minuneanaturii.ro\/blog\/wp-json\/wp\/v2\/categories?post=6449"},{"taxonomy":"post_tag","embeddable":true,"href":"https:\/\/minuneanaturii.ro\/blog\/wp-json\/wp\/v2\/tags?post=6449"}],"curies":[{"name":"wp","href":"https:\/\/api.w.org\/{rel}","templated":true}]}}