{"id":6364,"date":"2023-05-20T05:08:42","date_gmt":"2023-05-20T03:08:42","guid":{"rendered":"https:\/\/minuneanaturii.ro\/blog\/?p=6364"},"modified":"2025-08-22T12:23:00","modified_gmt":"2025-08-22T10:23:00","slug":"caderea-parului-si-feritina-rezerva-de-fier-legitatea-339","status":"publish","type":"post","link":"https:\/\/minuneanaturii.ro\/blog\/caderea-parului-si-feritina-rezerva-de-fier-legitatea-339","title":{"rendered":"C\u0103derea p\u0103rului din cauza feritinei sc\u0103zute: simptome, cauze \u0219i remedii ( Legitatea #339)"},"content":{"rendered":"<div id=\"ez-toc-container\" class=\"ez-toc-v2_0_87 ez-toc-wrap-left counter-hierarchy ez-toc-counter ez-toc-white ez-toc-container-direction\">\n<div class=\"ez-toc-title-container\">\n<p class=\"ez-toc-title\" style=\"cursor:inherit\">Continut articol<\/p>\n<span class=\"ez-toc-title-toggle\"><\/span><\/div>\n<nav><ul class='ez-toc-list ez-toc-list-level-1 ' ><li class='ez-toc-page-1 ez-toc-heading-level-2'><a class=\"ez-toc-link ez-toc-heading-1\" href=\"#\" data-href=\"https:\/\/minuneanaturii.ro\/blog\/caderea-parului-si-feritina-rezerva-de-fier-legitatea-339\/#Ce_este_feritina_si_ce_rol_joaca_in_organism\" >Ce este feritina \u0219i ce rol joac\u0103 \u00een organism?<\/a><\/li><li class='ez-toc-page-1 ez-toc-heading-level-2'><a class=\"ez-toc-link ez-toc-heading-2\" href=\"#\" data-href=\"https:\/\/minuneanaturii.ro\/blog\/caderea-parului-si-feritina-rezerva-de-fier-legitatea-339\/#Ce_se_intampla_cand_ai_feritina_mica\" >Ce se \u00eent\u00e2mpl\u0103 c\u00e2nd ai feritina mic\u0103?<\/a><\/li><li class='ez-toc-page-1 ez-toc-heading-level-2'><a class=\"ez-toc-link ez-toc-heading-3\" href=\"#\" data-href=\"https:\/\/minuneanaturii.ro\/blog\/caderea-parului-si-feritina-rezerva-de-fier-legitatea-339\/#Cum_afecteaza_deficitul_de_feritina_caderea_parului\" >Cum afecteaz\u0103 deficitul de feritin\u0103 c\u0103derea p\u0103rului?<\/a><ul class='ez-toc-list-level-3' ><li class='ez-toc-heading-level-3'><a class=\"ez-toc-link ez-toc-heading-4\" href=\"#\" data-href=\"https:\/\/minuneanaturii.ro\/blog\/caderea-parului-si-feritina-rezerva-de-fier-legitatea-339\/#Simptomele_unui_deficit_de_feritina\" >Simptomele unui deficit de feritin\u0103<\/a><\/li><\/ul><\/li><li class='ez-toc-page-1 ez-toc-heading-level-2'><a class=\"ez-toc-link ez-toc-heading-5\" href=\"#\" data-href=\"https:\/\/minuneanaturii.ro\/blog\/caderea-parului-si-feritina-rezerva-de-fier-legitatea-339\/#Caderea_parului_%E2%80%93_cauze_frecvente_dincolo_de_feritina\" >C\u0103derea p\u0103rului \u2013 cauze frecvente (dincolo de feritin\u0103)<\/a><\/li><li class='ez-toc-page-1 ez-toc-heading-level-2'><a class=\"ez-toc-link ez-toc-heading-6\" href=\"#\" data-href=\"https:\/\/minuneanaturii.ro\/blog\/caderea-parului-si-feritina-rezerva-de-fier-legitatea-339\/#Cum_opresti_caderea_parului_%E2%80%93_solutii_eficiente\" >Cum opre\u0219ti c\u0103derea p\u0103rului \u2013 solu\u021bii eficiente<\/a><ul class='ez-toc-list-level-3' ><li class='ez-toc-heading-level-3'><a class=\"ez-toc-link ez-toc-heading-7\" href=\"#\" data-href=\"https:\/\/minuneanaturii.ro\/blog\/caderea-parului-si-feritina-rezerva-de-fier-legitatea-339\/#Tratament_pentru_caderea_parului_cauzata_de_feritina_scazuta\" >Tratament pentru c\u0103derea p\u0103rului cauzat\u0103 de feritin\u0103 sc\u0103zut\u0103<\/a><\/li><\/ul><\/li><li class='ez-toc-page-1 ez-toc-heading-level-2'><a class=\"ez-toc-link ez-toc-heading-8\" href=\"#\" data-href=\"https:\/\/minuneanaturii.ro\/blog\/caderea-parului-si-feritina-rezerva-de-fier-legitatea-339\/#Vitaminele_care_ajuta_la_prevenirea_caderii_parului\" >Vitaminele care ajut\u0103 la prevenirea c\u0103derii p\u0103rului<\/a><\/li><li class='ez-toc-page-1 ez-toc-heading-level-2'><a class=\"ez-toc-link ez-toc-heading-9\" href=\"#\" data-href=\"https:\/\/minuneanaturii.ro\/blog\/caderea-parului-si-feritina-rezerva-de-fier-legitatea-339\/#Cum_iti_cresti_nivelul_de_feritina_pentru_a_preveni_caderea_parului\" >Cum \u00ee\u021bi cre\u0219ti nivelul de feritin\u0103 pentru a preveni c\u0103derea p\u0103rului<\/a><\/li><li class='ez-toc-page-1 ez-toc-heading-level-2'><a class=\"ez-toc-link ez-toc-heading-10\" href=\"#\" data-href=\"https:\/\/minuneanaturii.ro\/blog\/caderea-parului-si-feritina-rezerva-de-fier-legitatea-339\/#Intrebari_frecvente_despre_fier_feritina_si_caderea_parului\" >\u00centreb\u0103ri frecvente despre fier, feritin\u0103 \u0219i c\u0103derea p\u0103rului<\/a><ul class='ez-toc-list-level-3' ><li class='ez-toc-heading-level-3'><a class=\"ez-toc-link ez-toc-heading-11\" href=\"#\" data-href=\"https:\/\/minuneanaturii.ro\/blog\/caderea-parului-si-feritina-rezerva-de-fier-legitatea-339\/#Ce_este_feritina_pe_scurt\" >Ce este feritina, pe scurt?<\/a><\/li><li class='ez-toc-page-1 ez-toc-heading-level-3'><a class=\"ez-toc-link ez-toc-heading-12\" href=\"#\" data-href=\"https:\/\/minuneanaturii.ro\/blog\/caderea-parului-si-feritina-rezerva-de-fier-legitatea-339\/#Ce_se_intampla_cand_ai_feritina_mica-2\" >Ce se \u00eent\u00e2mpl\u0103 c\u00e2nd ai feritina mic\u0103?<\/a><\/li><li class='ez-toc-page-1 ez-toc-heading-level-3'><a class=\"ez-toc-link ez-toc-heading-13\" href=\"#\" data-href=\"https:\/\/minuneanaturii.ro\/blog\/caderea-parului-si-feritina-rezerva-de-fier-legitatea-339\/#Cum_opresc_caderea_parului_cat_mai_repede\" >Cum opresc c\u0103derea p\u0103rului c\u00e2t mai repede?<\/a><\/li><li class='ez-toc-page-1 ez-toc-heading-level-3'><a class=\"ez-toc-link ez-toc-heading-14\" href=\"#\" data-href=\"https:\/\/minuneanaturii.ro\/blog\/caderea-parului-si-feritina-rezerva-de-fier-legitatea-339\/#Care_este_tratamentul_pentru_caderea_parului_cauzata_de_feritina_scazuta\" >Care este tratamentul pentru c\u0103derea p\u0103rului cauzat\u0103 de feritin\u0103 sc\u0103zut\u0103?<\/a><\/li><li class='ez-toc-page-1 ez-toc-heading-level-3'><a class=\"ez-toc-link ez-toc-heading-15\" href=\"#\" data-href=\"https:\/\/minuneanaturii.ro\/blog\/caderea-parului-si-feritina-rezerva-de-fier-legitatea-339\/#Ce_vitamine_sunt_utile_pentru_caderea_parului\" >Ce vitamine sunt utile pentru c\u0103derea p\u0103rului?<\/a><\/li><li class='ez-toc-page-1 ez-toc-heading-level-3'><a class=\"ez-toc-link ez-toc-heading-16\" href=\"#\" data-href=\"https:\/\/minuneanaturii.ro\/blog\/caderea-parului-si-feritina-rezerva-de-fier-legitatea-339\/#Poate_exista_feritina_%E2%80%9Enormala%E2%80%9D_si_totusi_cadere_de_par\" >Poate exista feritin\u0103 \u201enormal\u0103\u201d \u0219i totu\u0219i c\u0103dere de p\u0103r?<\/a><\/li><li class='ez-toc-page-1 ez-toc-heading-level-3'><a class=\"ez-toc-link ez-toc-heading-17\" href=\"#\" data-href=\"https:\/\/minuneanaturii.ro\/blog\/caderea-parului-si-feritina-rezerva-de-fier-legitatea-339\/#In_cat_timp_creste_feritina\" >\u00cen c\u00e2t timp cre\u0219te feritina?<\/a><\/li><li class='ez-toc-page-1 ez-toc-heading-level-3'><a class=\"ez-toc-link ez-toc-heading-18\" href=\"#\" data-href=\"https:\/\/minuneanaturii.ro\/blog\/caderea-parului-si-feritina-rezerva-de-fier-legitatea-339\/#Pot_folosi_in_paralel_produse_pentru_scalp\" >Pot folosi \u00een paralel produse pentru scalp?<\/a><\/li><\/ul><\/li><li class='ez-toc-page-1 ez-toc-heading-level-2'><a class=\"ez-toc-link ez-toc-heading-19\" href=\"#\" data-href=\"https:\/\/minuneanaturii.ro\/blog\/caderea-parului-si-feritina-rezerva-de-fier-legitatea-339\/#Care_e_nivelul_optim_al_rezervei_de_fier_feritina\" >Care e nivelul optim al rezervei de fier, feritina<\/a><\/li><li class='ez-toc-page-1 ez-toc-heading-level-2'><a class=\"ez-toc-link ez-toc-heading-20\" href=\"#\" data-href=\"https:\/\/minuneanaturii.ro\/blog\/caderea-parului-si-feritina-rezerva-de-fier-legitatea-339\/#Concluzie_ingrijirea_parului_si_mentinerea_unui_nivel_optim_de_feritina\" >Concluzie: \u00eengrijirea p\u0103rului \u0219i men\u021binerea unui nivel optim de feritin\u0103<\/a><\/li><\/ul><\/nav><\/div>\n<p><strong>Observi c\u0103 peria se umple mai repede, iar coada sau volumul nu mai sunt ca \u00eenainte?\u00a0<\/strong><strong>Te-ai g\u00e2ndit vreodat\u0103 c\u0103 poate fi o leg\u0103tur\u0103 \u00eentre c\u0103derea p\u0103rului \u0219i rezerva de fier sau feritina?<\/strong><\/p>\n<p>Una dintre cele mai frecvente cauze \u201einvizibile\u201d este <strong>feritina sc\u0103zut\u0103<\/strong> \u2013 adic\u0103 rezerva de fier a organismului. Chiar dac\u0103 hemoglobina este \u201enormal\u0103\u201d, <em>feritina mic\u0103<\/em> poate declan\u0219a <strong>efluviu telogen<\/strong> (c\u0103derea difuz\u0103 a p\u0103rului), oboseal\u0103 \u0219i unghii fragile. \u00cen cele ce urmeaz\u0103, g\u0103se\u0219ti o explica\u021bie clar\u0103 \u0219i un plan practic: evalu\u0103ri, alimenta\u021bie, suplimente \u0219i \u00eengrijire corect\u0103 a scalpului \u0219i firului de p\u0103r.<\/p>\n<h2><span class=\"ez-toc-section\" id=\"Ce_este_feritina_si_ce_rol_joaca_in_organism\"><\/span><strong>Ce este feritina \u0219i ce rol joac\u0103 \u00een organism?<\/strong><span class=\"ez-toc-section-end\"><\/span><\/h2>\n<p><strong>Feritina<\/strong> este proteina care depoziteaz\u0103 fierul \u00een ficat, splin\u0103, m\u0103duva osoas\u0103 \u0219i mu\u0219chi.<\/p>\n<p>Pe l\u00e2ng\u0103 hemoglobina, care poate refleta o\u00a0 <a href=\"https:\/\/minuneanaturii.ro\/blog\/anemia-si-carenta-de-fier-cauze-si-remedii-naturale\"><strong>anemie<\/strong><\/a>, analiza de s\u00e2nge pentru <strong>feritin\u0103<\/strong> indic\u0103 <strong><em>rezerva de fier<\/em><\/strong> \u2013 nu doar fierul circulant. Fierul este esen\u021bial pentru:<\/p>\n<ul>\n<li>transportul oxigenului \u00een \u021besuturi (prin hemoglobin\u0103),<\/li>\n<li>produc\u021bia de energie la nivel celular,<\/li>\n<li>sinteza ADN-ului \u0219i diviziunea rapid\u0103 a celulelor (inclusiv <strong>celulele matricei firului de p\u0103r<\/strong>).<\/li>\n<\/ul>\n<p>De aceea, o rezerv\u0103 insuficient\u0103 (feritin\u0103 mic\u0103) afecteaz\u0103 \u021besuturile cu ritm rapid de regenerare \u2013 \u00een special foliculii pilo\u0219i.<\/p>\n<h2><span class=\"ez-toc-section\" id=\"Ce_se_intampla_cand_ai_feritina_mica\"><\/span><strong>Ce se \u00eent\u00e2mpl\u0103 c\u00e2nd ai feritina mic\u0103?<\/strong><span class=\"ez-toc-section-end\"><\/span><\/h2>\n<p>C\u00e2nd rezervele sunt reduse, <strong>organismul prioritizeaz\u0103 organele vitale<\/strong>. P\u0103rul devine \u201eop\u021bional\u201d, intr\u0103 mai repede \u00een faza de c\u0103dere (telogen) \u0219i cre\u0219te mai lent.<\/p>\n<p>Practic po\u021bi resim\u021bi:<\/p>\n<ul>\n<li><strong>c\u0103derea difuz\u0103 a p\u0103rului<\/strong> (se vede pe tot scalpul, nu pe o singur\u0103 zon\u0103),<\/li>\n<li>fire sub\u021biate, fragile, care se rup u\u0219or,<\/li>\n<li>oboseal\u0103, epuizare la efort minim, palpita\u021bii u\u0219oare,<\/li>\n<li>piele \u0219i unghii uscate sau casante,<\/li>\n<li>ame\u021beli, dureri de cap, sensibilitate la frig.<\/li>\n<\/ul>\n<blockquote><p><strong>Aten\u021bie:<\/strong> feritina este \u0219i <em>marker de inflama\u021bie<\/em>. O infec\u021bie sau inflama\u021bie activ\u0103 o poate cre\u0219te \u201efals\u201d \u2013 motiv pentru care interpretarea corect\u0103 se face \u00eempreun\u0103 cu un specialist \u0219i, ideal, corelat cu al\u021bi markeri (<strong>hemogram\u0103, fier seric, satura\u021bie transferin\u0103, CRP<\/strong>).<\/p><\/blockquote>\n<h2><span class=\"ez-toc-section\" id=\"Cum_afecteaza_deficitul_de_feritina_caderea_parului\"><\/span><strong>Cum afecteaz\u0103 deficitul de feritin\u0103 c\u0103derea p\u0103rului?<\/strong><span class=\"ez-toc-section-end\"><\/span><\/h2>\n<p>Firul de p\u0103r cre\u0219te dintr-o matrice celular\u0103 foarte activ\u0103. F\u0103r\u0103 suficient fier, scade produc\u021bia de energie \u0219i sintezele necesare pentru un ritm normal de cre\u0219tere.<\/p>\n<p>Consecin\u021ba este <strong>scurtarea fazei de cre\u0219tere (anagen)<\/strong> \u0219i trecerea prematur\u0103 \u00een faza de c\u0103dere (telogen) \u2013 fenomen numit <em>efluviu telogen<\/em>.<\/p>\n<h3><span class=\"ez-toc-section\" id=\"Simptomele_unui_deficit_de_feritina\"><\/span><strong>Simptomele unui deficit de feritin\u0103<\/strong><span class=\"ez-toc-section-end\"><\/span><\/h3>\n<ul>\n<li>c\u0103r\u0103ri care par mai \u201elate\u201d \u0219i volum redus;<\/li>\n<li>p\u0103r tern, lipsit de luciu;<\/li>\n<li>c\u0103dere mai accentuat\u0103 la sp\u0103lat sau periat;<\/li>\n<li>crampele musculare \u0219i oboseala apar mai frecvent; somn nelini\u0219tit;<\/li>\n<li>poft\u0103 neobi\u0219nuit\u0103 pentru ghea\u021b\u0103 (pica) sau apetit oscilant.<\/li>\n<\/ul>\n<h2><span class=\"ez-toc-section\" id=\"Caderea_parului_%E2%80%93_cauze_frecvente_dincolo_de_feritina\"><\/span><strong>C\u0103derea p\u0103rului \u2013 cauze frecvente (dincolo de feritin\u0103)<\/strong><span class=\"ez-toc-section-end\"><\/span><\/h2>\n<ul>\n<li><strong>Dezechilibre tiroidiene<\/strong> (hipo\/hipertiroidism);<\/li>\n<li><strong>Postpartum<\/strong> \u0219i al\u0103ptare (variabil hormonal + deficit de nutrien\u021bi);<\/li>\n<li><strong>Stres acut sau cronic<\/strong> (cre\u0219te cortizolul, influen\u021beaz\u0103 ciclul firului de p\u0103r);<\/li>\n<li><strong>Diete restrictive<\/strong> sau vegetarism\/veganism neplanificat (aport redus de fier, B12, zinc, proteine);<\/li>\n<li><strong>Deficien\u021be nutri\u021bionale<\/strong>: zinc, vitamina D, B12, folat, proteine;<\/li>\n<li><strong>Afec\u021biuni ale scalpului<\/strong> (seboree, dermatit\u0103, infec\u021bii fungice);<\/li>\n<li><strong>Medicamente<\/strong> (retinoizi, anticoagulante, unele antidepresive \u2013 discut\u0103 cu medicul);<\/li>\n<li><strong>Trac\u021biune mecanic\u0103<\/strong> (cozi str\u00e2nse, extensii), styling termic excesiv.<\/li>\n<\/ul>\n<h2><span class=\"ez-toc-section\" id=\"Cum_opresti_caderea_parului_%E2%80%93_solutii_eficiente\"><\/span><strong>Cum opre\u0219ti c\u0103derea p\u0103rului \u2013 solu\u021bii eficiente<\/strong><span class=\"ez-toc-section-end\"><\/span><\/h2>\n<ol>\n<li><strong>F\u0103 evaluarea corect\u0103<\/strong>: hemogram\u0103 complet\u0103, feritin\u0103, fier seric, satura\u021bie transferin\u0103, TIBC, CRP; TSH \u0219i, dup\u0103 caz, FT4\/FT3; vitamina D; B12 \u0219i folat; zinc. Interpretarea se face medical, \u021bin\u00e2nd cont de simptome \u0219i context (menstrua\u021bii abundente, sarcin\u0103, diet\u0103, inflama\u021bie).<\/li>\n<li><strong>Optimizeaz\u0103 alimenta\u021bia<\/strong>: proteine complete la fiecare mas\u0103; surse de fier <em>hem<\/em> (organe, vit\u0103, miel, pe\u0219te) \u0219i <em>non-hem<\/em> (leguminoase, frunze verzi, semin\u021be, cacao), combinate cu vitamina C (ardei, citrice) pentru a <em>cre\u0219te absorb\u021bia<\/em>. Limiteaz\u0103 ceaiul negru, cafeaua \u0219i lactatele la 2\u20133 ore distan\u021b\u0103 de mesele\/suplimentele cu fier.<\/li>\n<li><strong>Suplimentele potrivite<\/strong> (dup\u0103 interpretare):\n<ul>\n<li>Forme bine tolerate: <em>fier bisglicinat<\/em>, <em>fier feros \u00een doze frac\u021bionate<\/em> sau <em>lactoferrin\u0103<\/em> \u2013 util\u0103 mai ales c\u00e2nd toleran\u021ba la fierul clasic este redus\u0103.<br \/>\nVezi <strong><a href=\"https:\/\/www.minuneanaturii.ro\/fier\/lactoferrin-lactoferina-250mg-60cps-jarrow-secom-pret-oferta_.html\" target=\"_blank\" rel=\"nofollow noopener\">suplimente pentru caren\u021be de fier<\/a><\/strong> cu eficien\u021b\u0103 bun\u0103.<\/li>\n<li>Co-factorii: <strong>vitamina C<\/strong> (sus\u021bine absorb\u021bia), <strong>vitamina B12 \u0219i folatul<\/strong> (eritropoiez\u0103), <strong>zinc<\/strong> \u0219i <strong>vitamina D<\/strong> (piele\/scalp, imunitate).<\/li>\n<li>Evit\u0103 administrarea concomitent\u0103 cu <strong>calciu, ceai negru, cafea<\/strong> sau <strong>inhibitori ai pompei de protoni<\/strong> (scad absorb\u021bia).<\/li>\n<\/ul>\n<\/li>\n<li><strong>\u00cengrijirea scalpului<\/strong>: igien\u0103 bl\u00e2nd\u0103, masaj al scalpului 3\u20135 minute\/zi (favorizeaz\u0103 microcircula\u021bia), evit\u0103 coafurile str\u00e2nse \u0219i c\u0103ldura excesiv\u0103. Exploreaz\u0103 <strong><a href=\"https:\/\/www.minuneanaturii.ro\/cosmetice-naturale\" target=\"_blank\" rel=\"nofollow noopener\">gama de cosmetice naturale<\/a> <\/strong>\u0219i <strong><a href=\"https:\/\/www.minuneanaturii.ro\/par-piele-unghii\" target=\"_blank\" rel=\"nofollow noopener\">produse pentru \u00eengrijirea p\u0103rului<\/a><\/strong>.<\/li>\n<li><strong>Topice adjuvante<\/strong>: lo\u021biuni tonice\/uleiuri pentru scalp bogate \u00een plante stimulatoare sau biotin\u0103. Exemplu: <strong><a href=\"https:\/\/www.minuneanaturii.ro\/ulei-de-par-natural\/ulei-pentru-stimularea-cresterii-parului-cu-biotin-75-ml-difeel-pret-oferta_.html\" target=\"_blank\" rel=\"nofollow noopener\">ulei pentru stimularea cre\u0219terii p\u0103rului<\/a><\/strong>.<\/li>\n<li><strong>Monitorizare<\/strong>: repet\u0103 analizele la 8\u201312 s\u0103pt\u0103m\u00e2ni \u0219i ajusteaz\u0103 dozele. Rezervele se refac gradual; chiar dup\u0103 oprirea c\u0103derii, men\u021binerea tratamentului \u00eenc\u0103 2\u20133 luni sus\u021bine cre\u0219terea unui nou \u201eval\u201d de fire.<\/li>\n<\/ol>\n<h3><span class=\"ez-toc-section\" id=\"Tratament_pentru_caderea_parului_cauzata_de_feritina_scazuta\"><\/span><strong>Tratament pentru c\u0103derea p\u0103rului cauzat\u0103 de feritin\u0103 sc\u0103zut\u0103<\/strong><span class=\"ez-toc-section-end\"><\/span><\/h3>\n<p>Tratamentul corect <strong>abordeaz\u0103 cauza<\/strong> \u0219i reconstruie\u0219te rezerva:<\/p>\n<ul>\n<li><strong>Corectarea pierderilor<\/strong>: menstrua\u021bii abundente (consulta\u021bie ginecologic\u0103), s\u00e2nger\u0103ri digestive (investiga\u021bii), dona\u021bii frecvente de s\u00e2nge.<\/li>\n<li><strong>Refacerea rezervei<\/strong>: aport alimentar + <em>suplimente de fier<\/em> \u00een forma \u0219i doza potrivit\u0103 (conform recomand\u0103rii medicale). <em>Lactoferrina<\/em> poate fi util\u0103 ca monoterapie sau \u00een asociere c\u00e2nd toleran\u021ba la fierul elementar este sc\u0103zut\u0103.<\/li>\n<li><strong>Strategie de administrare<\/strong>: doze frac\u021bionate sau administrare \u00een zile alternative (reduce efectele gastrointestinale \u0219i poate \u00eembun\u0103t\u0103\u021bi utilizarea fierului, prin modularea hepcidinei). Asocierea cu vitamina C este, de regul\u0103, benefic\u0103.<\/li>\n<li><strong>R\u0103bdare<\/strong>: p\u0103rul are un ciclu lent. Chiar dac\u0103 <em>c\u0103derea<\/em> se reduce \u00een c\u00e2teva s\u0103pt\u0103m\u00e2ni, <em>densitatea<\/em> vizibil\u0103 se \u00eembun\u0103t\u0103\u021be\u0219te \u00een 3\u20136 luni.<\/li>\n<\/ul>\n<h2><span class=\"ez-toc-section\" id=\"Vitaminele_care_ajuta_la_prevenirea_caderii_parului\"><\/span><strong>Vitaminele care ajut\u0103 la prevenirea c\u0103derii p\u0103rului<\/strong><span class=\"ez-toc-section-end\"><\/span><\/h2>\n<ul>\n<li><strong>Vitamina C<\/strong>: cre\u0219te absorb\u021bia fierului non-hem \u0219i sus\u021bine sinteza de colagen (structura firului).<\/li>\n<li><strong>Vitaminele B12 \u0219i folatul<\/strong>: esen\u021biale pentru formarea eritrocitelor \u0219i oxigenarea foliculilor.<\/li>\n<li><strong>Vitamina D<\/strong>: implicat\u0103 \u00een ciclul foliculului pilar \u0219i \u00een imunitatea scalpului.<\/li>\n<li><strong>Zinc<\/strong>: cofactor pentru keratinizare; deficitul se asociaz\u0103 cu dermatit\u0103 \u0219i c\u0103dere difuz\u0103.<\/li>\n<li><strong>Biotin\u0103<\/strong>: util\u0103 \u00een deficit; nu este \u201emagic\u0103\u201d la valori normale \u2013 de aceea evaluarea este important\u0103.<\/li>\n<li><strong>Cupru<\/strong>: cofactor \u00een metabolismul fierului; <em>aten\u021bie<\/em> la suplimentare f\u0103r\u0103 indica\u021bie (excesul poate fi d\u0103un\u0103tor).<\/li>\n<\/ul>\n<h2><span class=\"ez-toc-section\" id=\"Cum_iti_cresti_nivelul_de_feritina_pentru_a_preveni_caderea_parului\"><\/span><strong>Cum \u00ee\u021bi cre\u0219ti nivelul de feritin\u0103 pentru a preveni c\u0103derea p\u0103rului<\/strong><span class=\"ez-toc-section-end\"><\/span><\/h2>\n<ol>\n<li><strong>M\u0103n\u00e2nc\u0103 \u201einteligent\u201d pentru fier<\/strong>:\n<ul>\n<li><strong>Surse hem<\/strong> (absorb\u021bie superioar\u0103): ficat, carne ro\u0219ie slab\u0103, pe\u0219te\/fructe de mare.<\/li>\n<li><strong>Surse non-hem<\/strong>: linte, n\u0103ut, fasole, tofu, spanac, kale, semin\u021be de dovleac, susan, spirulin\u0103, cacao.<\/li>\n<li>Combin\u0103 cu <strong>vitamina C<\/strong> (citrice, c\u0103tin\u0103, ardei, kiwi) \u0219i g\u0103te\u0219te \u00een vase de font\u0103 (poate cre\u0219te u\u0219or aportul).<\/li>\n<\/ul>\n<\/li>\n<li><strong>Elimin\u0103 inhibitorii \u00een fereastra de absorb\u021bie<\/strong> (2\u20133 ore \u00eenainte\/dup\u0103): cafea, ceai negru\/verde, cacao, lactate bogate \u00een calciu, suplimente cu calciu\/magneziu luate simultan cu fierul.<\/li>\n<li><strong>Suplimenteaz\u0103 corect<\/strong>: alege o form\u0103 bine tolerat\u0103 de fier (de ex. bisglicinat sau lactoferrin\u0103) \u0219i dozeaz\u0103 conform recomand\u0103rii specialistului. <strong><a href=\"https:\/\/www.minuneanaturii.ro\/fier\/lactoferrin-lactoferina-250mg-60cps-jarrow-secom-pret-oferta_.html\" target=\"_blank\" rel=\"nofollow noopener\">Vezi op\u021biuni de lactoferrin\u0103<\/a><\/strong>.<\/li>\n<li><strong>Ai grij\u0103 de intestin<\/strong>: disbioza, gastrita hipoacid\u0103 sau SIBO pot reduce absorb\u021bia; probioticele \u0219i o diet\u0103 antiinflamatoare pot ajuta.<\/li>\n<li><strong>Verific\u0103 \u0219i trateaz\u0103 cauzele de pierdere<\/strong>: menstrua\u021bii abundente, hemoroizi, pierderi oculte \u2013 adresate medical.<\/li>\n<\/ol>\n<h2><span class=\"ez-toc-section\" id=\"Intrebari_frecvente_despre_fier_feritina_si_caderea_parului\"><\/span><strong>\u00centreb\u0103ri frecvente despre fier, feritin\u0103 \u0219i c\u0103derea p\u0103rului<\/strong><span class=\"ez-toc-section-end\"><\/span><\/h2>\n<p>\u00cencerc\u0103m s\u0103 r\u0103spundem la cele mai frecvente \u00eentreb\u0103ri, dar le a\u0219tept\u0103m \u0219i pe ale tale \u00een comentarii<\/p>\n<h3><span class=\"ez-toc-section\" id=\"Ce_este_feritina_pe_scurt\"><\/span><strong>Ce este feritina, pe scurt?<\/strong><span class=\"ez-toc-section-end\"><\/span><\/h3>\n<p>Feritina este proteina de depozit pentru fier. Spre deosebire de fierul \u201edin s\u00e2nge\u201d, feritina arat\u0103 <em>rezerva<\/em> total\u0103 \u2013 esen\u021bial\u0103 pentru \u021besuturi cu ritm rapid de regenerare, precum p\u0103rul.<\/p>\n<h3><span class=\"ez-toc-section\" id=\"Ce_se_intampla_cand_ai_feritina_mica-2\"><\/span><strong>Ce se \u00eent\u00e2mpl\u0103 c\u00e2nd ai feritina mic\u0103?<\/strong><span class=\"ez-toc-section-end\"><\/span><\/h3>\n<p>Organismul aloc\u0103 resursele c\u0103tre organele vitale. P\u0103rul trece prematur \u00een faza de c\u0103dere, apar oboseala, unghiile fragile \u0219i toleran\u021ba sc\u0103zut\u0103 la efort.<\/p>\n<h3><span class=\"ez-toc-section\" id=\"Cum_opresc_caderea_parului_cat_mai_repede\"><\/span><strong>Cum opresc c\u0103derea p\u0103rului c\u00e2t mai repede?<\/strong><span class=\"ez-toc-section-end\"><\/span><\/h3>\n<p>F\u0103 analize (inclusiv feritin\u0103), optimizeaz\u0103 alimenta\u021bia, ia suplimente potrivite (fier + cofactori), \u00eengrije\u0219te scalpul bl\u00e2nd \u0219i monitorizeaz\u0103 la 8\u201312 s\u0103pt\u0103m\u00e2ni. Evit\u0103 stylingul agresiv \u0219i deficitul de proteine.<\/p>\n<h3><span class=\"ez-toc-section\" id=\"Care_este_tratamentul_pentru_caderea_parului_cauzata_de_feritina_scazuta\"><\/span><strong>Care este tratamentul pentru c\u0103derea p\u0103rului cauzat\u0103 de feritin\u0103 sc\u0103zut\u0103?<\/strong><span class=\"ez-toc-section-end\"><\/span><\/h3>\n<p>Corectezi cauza pierderii de <strong>fier<\/strong> + refaci rezerva prin alimenta\u021bie \u0219i suplimente bine tolerate (ex. bisglicinat, lactoferrin\u0103), cu asociere de vitamina C. R\u0103bdare 3\u20136 luni pentru vizibilitate la nivelul densit\u0103\u021bii.<\/p>\n<h3><span class=\"ez-toc-section\" id=\"Ce_vitamine_sunt_utile_pentru_caderea_parului\"><\/span><strong>Ce vitamine sunt utile pentru c\u0103derea p\u0103rului?<\/strong><span class=\"ez-toc-section-end\"><\/span><\/h3>\n<p>Vitamina C, complexul B (\u00een special B12 \u0219i folat), vitamina D \u0219i zinc. Biotina ajut\u0103 \u00een deficit, dar nu este universal\u0103.<\/p>\n<h3><span class=\"ez-toc-section\" id=\"Poate_exista_feritina_%E2%80%9Enormala%E2%80%9D_si_totusi_cadere_de_par\"><\/span><strong>Poate exista feritin\u0103 \u201enormal\u0103\u201d \u0219i totu\u0219i c\u0103dere de p\u0103r?<\/strong><span class=\"ez-toc-section-end\"><\/span><\/h3>\n<p>Da. C\u0103derea p\u0103rului e multifactorial\u0103: tiroid\u0103, stres, deficit proteic, zinc, vitamina D, afec\u021biuni ale scalpului, medicamente. De aceea evaluarea este complet\u0103, nu doar feritin\u0103.<\/p>\n<h3><span class=\"ez-toc-section\" id=\"In_cat_timp_creste_feritina\"><\/span><strong>\u00cen c\u00e2t timp cre\u0219te feritina?<\/strong><span class=\"ez-toc-section-end\"><\/span><\/h3>\n<p>Depinde de deficit \u0219i cauz\u0103. \u00cen general, \u00eembun\u0103t\u0103\u021birile apar \u00een c\u00e2teva s\u0103pt\u0103m\u00e2ni, dar reumplerea depozitelor poate dura 3\u20136 luni. Analizele de control ghideaz\u0103 durata.<\/p>\n<h3><span class=\"ez-toc-section\" id=\"Pot_folosi_in_paralel_produse_pentru_scalp\"><\/span><strong>Pot folosi \u00een paralel produse pentru scalp?<\/strong><span class=\"ez-toc-section-end\"><\/span><\/h3>\n<p>Da, produse bl\u00e2nde \u0219i seruri\/uleiuri stimulatoare pot sprijini microcircula\u021bia local\u0103. Vezi <strong><a href=\"https:\/\/www.minuneanaturii.ro\/par-piele-unghii\" target=\"_blank\" rel=\"nofollow noopener\">produse pentru \u00eengrijirea p\u0103rului<\/a> <\/strong>\u0219i<strong> <a href=\"https:\/\/www.minuneanaturii.ro\/ulei-de-par-natural\/ulei-pentru-stimularea-cresterii-parului-cu-biotin-75-ml-difeel-pret-oferta_.html\" target=\"_blank\" rel=\"nofollow noopener\">uleiul cu biotin\u0103<\/a><\/strong>.<\/p>\n<p><b>Dar ce leg\u0103tur\u0103 are feritina cu antiacidele?<\/b><\/p>\n<p>Pentru a fi absorbit din alimente, fierul are nevoie de prezen\u021ba unui acid, iar <a href=\"https:\/\/minuneanaturii.ro\/blog\/antiacidele-determina-carente-de-vitamine-sau-minerale-legitatea-334\"><strong>antiacidele<\/strong><\/a> sau suplimentele de calciu luate \u00een apropiere de ora mesei pot s\u0103 reduc\u0103 absorb\u021bia fierului, indiferent c\u0103 este din alimente sau din suplimente.<\/p>\n<p>De fapt, oricine are probleme cu c\u0103derea p\u0103rului \u0219i ia inhibitoare de pompe de protoni (medicamente de tipul omeprazol) sau medicamente antiacide, ar fi bine s\u0103-\u0219i verifice nivelul de feritin\u0103.<\/p>\n<p>Mai sunt \u0219i alte elemente care pot s\u0103 aib\u0103 un impact \u00een nivelul fierului \u0219i absorb\u021biei lui, cum ar fi: taninul din ceai \u0219i cafea, <a href=\"https:\/\/minuneanaturii.ro\/blog\/mancarea-poate-contine-antinutrienti-legitatea-351\"><strong>fita\u021bii<\/strong><\/a> din arahide, leguminoase, cereale crude sau albu\u0219ul de ou.<\/p>\n<h2><span class=\"ez-toc-section\" id=\"Care_e_nivelul_optim_al_rezervei_de_fier_feritina\"><\/span><strong>Care e nivelul optim al rezervei de fier, feritina<\/strong><span class=\"ez-toc-section-end\"><\/span><\/h2>\n<p><strong>Nivelul feritinei la femei este cuprins \u00eentre 12 \u0219i 150 de nanograme per mililitru<\/strong>, un interval mult prea larg pentru a fi relevant.<\/p>\n<p>Dar de fapt, este necesar un nivel minim de 40 ng\/ml pentru oprirea c\u0103derii p\u0103rului \u0219i un nivel de minim 70 ng\/ml pentru regenerarea acestuia. Ca s\u0103 nu mai spunem c\u0103 nivelul optim minim de feritin\u0103 pentru o bun\u0103 func\u021bionare a glandei tiroide variaz\u0103 \u00eentre 90 \u0219i 110.<\/p>\n<p>Intervalul foarte larg al feritinei \u201enormale\u201d poate induce \u00een eroare atunci c\u00e2nd dorim s\u0103 depist\u0103m o cauz\u0103 a unei afec\u021biuni! Dar acela\u0219i lucru este valabil \u0219i pentru alte tipuri de analize, cum ar fi de exemplu insulinemia.<\/p>\n<hr \/>\n<h2><span class=\"ez-toc-section\" id=\"Concluzie_ingrijirea_parului_si_mentinerea_unui_nivel_optim_de_feritina\"><\/span><strong>Concluzie: \u00eengrijirea p\u0103rului \u0219i men\u021binerea unui nivel optim de feritin\u0103<\/strong><span class=\"ez-toc-section-end\"><\/span><\/h2>\n<p><strong>C\u0103derea difuz\u0103 a p\u0103rului<\/strong> are adesea la baz\u0103 <strong>feritina sc\u0103zut\u0103<\/strong>. Vestea bun\u0103: problema este <em>reversibil\u0103<\/em> c\u00e2nd identifici cauza, refaci rezervele de fier \u0219i sus\u021bii scalpul cu o rutin\u0103 bl\u00e2nd\u0103. Combin\u0103 evaluarea corect\u0103, alimenta\u021bia inteligent\u0103, suplimente bine alese \u0219i <strong><a href=\"https:\/\/www.minuneanaturii.ro\/cosmetice-naturale\" target=\"_blank\" rel=\"nofollow noopener\">cosmetice naturale<\/a> <\/strong>pentru un plan coerent. Dac\u0103 ai menstrua\u021bii abundente, e\u0219ti \u00een perioada postpartum, urmezi diete restrictive sau te \u0219tii cu afec\u021biuni digestive, discut\u0103 cu medicul\/farmacistul pentru un protocol personalizat.<\/p>\n<p>&nbsp;<\/p>\n<p><i>Bucuro\u0219i s\u0103 te \u0219tim s\u0103n\u0103tos,<\/i><\/p>\n<p><b><i>Farm. Anca \u0219i Adrian Ienin<\/i><\/b><\/p>\n<hr \/>\n<p>Surse:<\/p>\n<p>&#8211; https:\/\/www.ncbi.nlm.nih.gov\/pmc\/articles\/PMC9805541\/<br \/>\n&#8211; https:\/\/www.dovepress.com\/the-diagnostic-value-of-serum-ferritin-for-telogen-effluvium-a-cross-s-peer-reviewed-fulltext-article-CCID<br \/>\n&#8211; https:\/\/mmed.mosuljournals.com\/article_178698_298a1b3bfe3e5b54485803551d762814.pdf<br \/>\n&#8211; https:\/\/www.researchgate.net\/publication\/326475251_A_Study_of_Serum_Ferritin_Level_in_Female_Patient_with_Alopecia\/fulltext\/5b770799a6fdcc5f8b4dacfb\/A-Study-of-Serum-Ferritin-Level-in-Female-Patient-with-Alopecia.pdf<\/p>\n","protected":false},"excerpt":{"rendered":"<p>Observi c\u0103 peria se umple mai repede, iar coada sau volumul nu mai sunt ca \u00eenainte?\u00a0Te-ai g\u00e2ndit vreodat\u0103 c\u0103 poate fi o leg\u0103tur\u0103 \u00eentre c\u0103derea p\u0103rului \u0219i rezerva de fier sau feritina? Una dintre cele mai frecvente cauze \u201einvizibile\u201d este feritina sc\u0103zut\u0103 \u2013 adic\u0103 rezerva de fier a organismului. Chiar dac\u0103 hemoglobina este \u201enormal\u0103\u201d, feritina &#8230;<\/p>\n","protected":false},"author":101011,"featured_media":6303,"comment_status":"open","ping_status":"closed","sticky":false,"template":"","format":"standard","meta":{"_jetpack_memberships_contains_paid_content":false,"footnotes":""},"categories":[2341,414,5],"tags":[],"class_list":["post-6364","post","type-post","status-publish","format-standard","has-post-thumbnail","hentry","category-legitati","category-sanatate","category-sfaturi-utile-tips-and-tricks"],"yoast_head":"<!-- This site is optimized with the Yoast SEO plugin v28.2 - https:\/\/yoast.com\/product\/yoast-seo-wordpress\/ -->\n<title>Caderea parului din cauza feritinei scazute: Simptome si remedii- minuneanaturii.ro<\/title>\n<meta name=\"robots\" content=\"index, follow, max-snippet:-1, max-image-preview:large, max-video-preview:-1\" \/>\n<meta property=\"og:locale\" content=\"ro_RO\" \/>\n<meta property=\"og:type\" content=\"article\" \/>\n<meta property=\"og:title\" content=\"Caderea parului din cauza feritinei scazute: Simptome si remedii\" \/>\n<meta property=\"og:description\" content=\"Afla cum deficitul de feritina influenteaza caderea parului si ce remedii eficente exista pentru a creste nivelul de feritina si a preveni aceasta problema\" \/>\n<meta property=\"og:url\" content=\"https:\/\/minuneanaturii.ro\/blog\/caderea-parului-si-feritina-rezerva-de-fier-legitatea-339\" \/>\n<meta property=\"og:site_name\" content=\"Blogul Minunea Naturii\" \/>\n<meta property=\"article:author\" content=\"https:\/\/www.facebook.com\/minuneanaturii\/\" \/>\n<meta property=\"article:published_time\" content=\"2023-05-20T03:08:42+00:00\" \/>\n<meta property=\"article:modified_time\" content=\"2025-08-22T10:23:00+00:00\" \/>\n<meta property=\"og:image\" content=\"https:\/\/minuneanaturii.ro\/blog\/wp-content\/uploads\/2023\/05\/339.png\" \/>\n\t<meta property=\"og:image:width\" content=\"1080\" \/>\n\t<meta property=\"og:image:height\" content=\"1080\" \/>\n\t<meta property=\"og:image:type\" content=\"image\/png\" \/>\n<meta name=\"author\" content=\"Farm. Anca si Adrian Ienin\" \/>\n<meta name=\"twitter:card\" content=\"summary_large_image\" \/>\n<meta name=\"twitter:label1\" content=\"Scris de\" \/>\n\t<meta name=\"twitter:data1\" content=\"Farm. Anca si Adrian Ienin\" \/>\n\t<meta name=\"twitter:label2\" content=\"Timp estimat pentru citire\" \/>\n\t<meta name=\"twitter:data2\" content=\"9 minute\" \/>\n<script type=\"application\/ld+json\" class=\"yoast-schema-graph\">{\"@context\":\"https:\\\/\\\/schema.org\",\"@graph\":[{\"@type\":\"Article\",\"@id\":\"https:\\\/\\\/minuneanaturii.ro\\\/blog\\\/caderea-parului-si-feritina-rezerva-de-fier-legitatea-339#article\",\"isPartOf\":{\"@id\":\"https:\\\/\\\/minuneanaturii.ro\\\/blog\\\/caderea-parului-si-feritina-rezerva-de-fier-legitatea-339\"},\"author\":{\"name\":\"Farm. Anca si Adrian Ienin\",\"@id\":\"https:\\\/\\\/minuneanaturii.ro\\\/blog\\\/#\\\/schema\\\/person\\\/f2d61b0d1b99f774c2026e5355657712\"},\"headline\":\"C\u0103derea p\u0103rului din cauza feritinei sc\u0103zute: simptome, cauze \u0219i remedii ( Legitatea #339)\",\"datePublished\":\"2023-05-20T03:08:42+00:00\",\"dateModified\":\"2025-08-22T10:23:00+00:00\",\"mainEntityOfPage\":{\"@id\":\"https:\\\/\\\/minuneanaturii.ro\\\/blog\\\/caderea-parului-si-feritina-rezerva-de-fier-legitatea-339\"},\"wordCount\":1934,\"commentCount\":2,\"image\":{\"@id\":\"https:\\\/\\\/minuneanaturii.ro\\\/blog\\\/caderea-parului-si-feritina-rezerva-de-fier-legitatea-339#primaryimage\"},\"thumbnailUrl\":\"https:\\\/\\\/i0.wp.com\\\/minuneanaturii.ro\\\/blog\\\/wp-content\\\/uploads\\\/2023\\\/05\\\/339.png?fit=1080%2C1080&ssl=1\",\"articleSection\":[\"Legitati\",\"Sanatate\",\"Sfaturi utile - Tips and Tricks\"],\"inLanguage\":\"ro-RO\",\"potentialAction\":[{\"@type\":\"CommentAction\",\"name\":\"Comment\",\"target\":[\"https:\\\/\\\/minuneanaturii.ro\\\/blog\\\/caderea-parului-si-feritina-rezerva-de-fier-legitatea-339#respond\"]}]},{\"@type\":\"WebPage\",\"@id\":\"https:\\\/\\\/minuneanaturii.ro\\\/blog\\\/caderea-parului-si-feritina-rezerva-de-fier-legitatea-339\",\"url\":\"https:\\\/\\\/minuneanaturii.ro\\\/blog\\\/caderea-parului-si-feritina-rezerva-de-fier-legitatea-339\",\"name\":\"Caderea parului din cauza feritinei scazute: Simptome si remedii\",\"isPartOf\":{\"@id\":\"https:\\\/\\\/minuneanaturii.ro\\\/blog\\\/#website\"},\"primaryImageOfPage\":{\"@id\":\"https:\\\/\\\/minuneanaturii.ro\\\/blog\\\/caderea-parului-si-feritina-rezerva-de-fier-legitatea-339#primaryimage\"},\"image\":{\"@id\":\"https:\\\/\\\/minuneanaturii.ro\\\/blog\\\/caderea-parului-si-feritina-rezerva-de-fier-legitatea-339#primaryimage\"},\"thumbnailUrl\":\"https:\\\/\\\/i0.wp.com\\\/minuneanaturii.ro\\\/blog\\\/wp-content\\\/uploads\\\/2023\\\/05\\\/339.png?fit=1080%2C1080&ssl=1\",\"datePublished\":\"2023-05-20T03:08:42+00:00\",\"dateModified\":\"2025-08-22T10:23:00+00:00\",\"author\":{\"@id\":\"https:\\\/\\\/minuneanaturii.ro\\\/blog\\\/#\\\/schema\\\/person\\\/f2d61b0d1b99f774c2026e5355657712\"},\"description\":\"Afla cum deficitul de feritina influenteaza caderea parului si ce remedii eficente exista pentru a creste nivelul de feritina si a preveni aceasta problema\",\"breadcrumb\":{\"@id\":\"https:\\\/\\\/minuneanaturii.ro\\\/blog\\\/caderea-parului-si-feritina-rezerva-de-fier-legitatea-339#breadcrumb\"},\"inLanguage\":\"ro-RO\",\"potentialAction\":[{\"@type\":\"ReadAction\",\"target\":[\"https:\\\/\\\/minuneanaturii.ro\\\/blog\\\/caderea-parului-si-feritina-rezerva-de-fier-legitatea-339\"]}]},{\"@type\":\"ImageObject\",\"inLanguage\":\"ro-RO\",\"@id\":\"https:\\\/\\\/minuneanaturii.ro\\\/blog\\\/caderea-parului-si-feritina-rezerva-de-fier-legitatea-339#primaryimage\",\"url\":\"https:\\\/\\\/i0.wp.com\\\/minuneanaturii.ro\\\/blog\\\/wp-content\\\/uploads\\\/2023\\\/05\\\/339.png?fit=1080%2C1080&ssl=1\",\"contentUrl\":\"https:\\\/\\\/i0.wp.com\\\/minuneanaturii.ro\\\/blog\\\/wp-content\\\/uploads\\\/2023\\\/05\\\/339.png?fit=1080%2C1080&ssl=1\",\"width\":1080,\"height\":1080,\"caption\":\"C\u0103derea p\u0103rului \u0219i rezerva de fier! ( Legitatea #339)\"},{\"@type\":\"BreadcrumbList\",\"@id\":\"https:\\\/\\\/minuneanaturii.ro\\\/blog\\\/caderea-parului-si-feritina-rezerva-de-fier-legitatea-339#breadcrumb\",\"itemListElement\":[{\"@type\":\"ListItem\",\"position\":1,\"name\":\"Prima pagin\u0103\",\"item\":\"https:\\\/\\\/minuneanaturii.ro\\\/blog\\\/\"},{\"@type\":\"ListItem\",\"position\":2,\"name\":\"C\u0103derea p\u0103rului din cauza feritinei sc\u0103zute: simptome, cauze \u0219i remedii ( Legitatea #339)\"}]},{\"@type\":\"WebSite\",\"@id\":\"https:\\\/\\\/minuneanaturii.ro\\\/blog\\\/#website\",\"url\":\"https:\\\/\\\/minuneanaturii.ro\\\/blog\\\/\",\"name\":\"Blogul Minunea Naturii\",\"description\":\"informatii utile despre sanatate, alimentatie si tratemnte holistice\",\"potentialAction\":[{\"@type\":\"SearchAction\",\"target\":{\"@type\":\"EntryPoint\",\"urlTemplate\":\"https:\\\/\\\/minuneanaturii.ro\\\/blog\\\/?s={search_term_string}\"},\"query-input\":{\"@type\":\"PropertyValueSpecification\",\"valueRequired\":true,\"valueName\":\"search_term_string\"}}],\"inLanguage\":\"ro-RO\"},{\"@type\":\"Person\",\"@id\":\"https:\\\/\\\/minuneanaturii.ro\\\/blog\\\/#\\\/schema\\\/person\\\/f2d61b0d1b99f774c2026e5355657712\",\"name\":\"Farm. Anca si Adrian Ienin\",\"image\":{\"@type\":\"ImageObject\",\"inLanguage\":\"ro-RO\",\"@id\":\"https:\\\/\\\/secure.gravatar.com\\\/avatar\\\/ad4ecb84085c66eae03365f7a2f872d8fee2056710d75b48754261be4b5f8abd?s=96&d=mm&r=g\",\"url\":\"https:\\\/\\\/secure.gravatar.com\\\/avatar\\\/ad4ecb84085c66eae03365f7a2f872d8fee2056710d75b48754261be4b5f8abd?s=96&d=mm&r=g\",\"contentUrl\":\"https:\\\/\\\/secure.gravatar.com\\\/avatar\\\/ad4ecb84085c66eae03365f7a2f872d8fee2056710d75b48754261be4b5f8abd?s=96&d=mm&r=g\",\"caption\":\"Farm. Anca si Adrian Ienin\"},\"description\":\"Anca si Adrian Ienin, farmacisti naturopati si fondatori ai conceptului Minunea Naturii. Au transformat pasiunea pentru alimentatie, stil de viata sanatos si tratamente naturale intr-un concept dedicat sanatatii depline. Scriu articole documentate de ultimele studii in domeniu si din experienta directa cu pacientii. Cred in exemplul propriu si integritate, astfel informatia furnizata este credibila si autentica. Farm. Anca \u0219i Adrian Ienin sunt co-fondatorii conceptului Minunea Naturii \u0219i promotori ai unei viziuni integrative asupra s\u0103n\u0103t\u0103\u021bii, \u00een care \u0219tiin\u021ba modern\u0103 se \u00eent\u00e2lne\u0219te cu \u00een\u021belepciunea tradi\u021bional\u0103. Cu o experien\u021b\u0103 de peste un deceniu \u00een domeniul terapiilor naturale, nutri\u021biei func\u021bionale \u0219i suplimentelor de calitate, cei doi autori ofer\u0103 informa\u021bii valoroase, bine documentate \u0219i orientate spre rezultate reale \u00een echilibrarea organismului. Prin articolele \u0219i proiectele lor educa\u021bionale, Anca \u0219i Adrian \u00eencurajeaz\u0103 oamenii s\u0103 \u00ee\u0219i asume responsabilitatea pentru propria s\u0103n\u0103tate, s\u0103 \u00ee\u0219i dezvolte discern\u0103m\u00e2ntul \u00een alegerea produselor naturale \u0219i s\u0103 adopte un stil de via\u021b\u0103 con\u0219tient, \u00een armonie cu ritmurile corpului \u0219i ale naturii. Articolele lor \u00eembin\u0103 rigoarea \u0219tiin\u021bific\u0103 cu empatia practic\u0103, av\u00e2nd la baz\u0103 at\u00e2t cuno\u0219tin\u021be academice, c\u00e2t \u0219i experien\u021b\u0103 direct\u0103 cu mii de clien\u021bi \u0219i pacien\u021bi. Viziunea lor este una clar\u0103: s\u0103n\u0103tatea nu se reduce la absen\u021ba bolii, ci este un proces activ de echilibru fizic, emo\u021bional, mental \u0219i spiritual \u2013 un drum spre vitalitate, autonomie \u0219i sens.\",\"sameAs\":[\"https:\\\/\\\/www.minuneanaturii.ro\",\"https:\\\/\\\/www.facebook.com\\\/minuneanaturii\\\/\",\"https:\\\/\\\/www.instagram.com\\\/minuneanaturii\\\/\",\"https:\\\/\\\/www.linkedin.com\\\/company\\\/minunea-naturii\",\"https:\\\/\\\/www.youtube.com\\\/@MinuneaNaturii\"],\"url\":\"https:\\\/\\\/minuneanaturii.ro\\\/blog\\\/author\\\/ancasiadrianienin\"}]}<\/script>\n<!-- \/ Yoast SEO plugin. -->","yoast_head_json":{"title":"Caderea parului din cauza feritinei scazute: Simptome si remedii- minuneanaturii.ro","robots":{"index":"index","follow":"follow","max-snippet":"max-snippet:-1","max-image-preview":"max-image-preview:large","max-video-preview":"max-video-preview:-1"},"og_locale":"ro_RO","og_type":"article","og_title":"Caderea parului din cauza feritinei scazute: Simptome si remedii","og_description":"Afla cum deficitul de feritina influenteaza caderea parului si ce remedii eficente exista pentru a creste nivelul de feritina si a preveni aceasta problema","og_url":"https:\/\/minuneanaturii.ro\/blog\/caderea-parului-si-feritina-rezerva-de-fier-legitatea-339","og_site_name":"Blogul Minunea Naturii","article_author":"https:\/\/www.facebook.com\/minuneanaturii\/","article_published_time":"2023-05-20T03:08:42+00:00","article_modified_time":"2025-08-22T10:23:00+00:00","og_image":[{"width":1080,"height":1080,"url":"https:\/\/minuneanaturii.ro\/blog\/wp-content\/uploads\/2023\/05\/339.png","type":"image\/png"}],"author":"Farm. Anca si Adrian Ienin","twitter_card":"summary_large_image","twitter_misc":{"Scris de":"Farm. Anca si Adrian Ienin","Timp estimat pentru citire":"9 minute"},"schema":{"@context":"https:\/\/schema.org","@graph":[{"@type":"Article","@id":"https:\/\/minuneanaturii.ro\/blog\/caderea-parului-si-feritina-rezerva-de-fier-legitatea-339#article","isPartOf":{"@id":"https:\/\/minuneanaturii.ro\/blog\/caderea-parului-si-feritina-rezerva-de-fier-legitatea-339"},"author":{"name":"Farm. Anca si Adrian Ienin","@id":"https:\/\/minuneanaturii.ro\/blog\/#\/schema\/person\/f2d61b0d1b99f774c2026e5355657712"},"headline":"C\u0103derea p\u0103rului din cauza feritinei sc\u0103zute: simptome, cauze \u0219i remedii ( Legitatea #339)","datePublished":"2023-05-20T03:08:42+00:00","dateModified":"2025-08-22T10:23:00+00:00","mainEntityOfPage":{"@id":"https:\/\/minuneanaturii.ro\/blog\/caderea-parului-si-feritina-rezerva-de-fier-legitatea-339"},"wordCount":1934,"commentCount":2,"image":{"@id":"https:\/\/minuneanaturii.ro\/blog\/caderea-parului-si-feritina-rezerva-de-fier-legitatea-339#primaryimage"},"thumbnailUrl":"https:\/\/i0.wp.com\/minuneanaturii.ro\/blog\/wp-content\/uploads\/2023\/05\/339.png?fit=1080%2C1080&ssl=1","articleSection":["Legitati","Sanatate","Sfaturi utile - Tips and Tricks"],"inLanguage":"ro-RO","potentialAction":[{"@type":"CommentAction","name":"Comment","target":["https:\/\/minuneanaturii.ro\/blog\/caderea-parului-si-feritina-rezerva-de-fier-legitatea-339#respond"]}]},{"@type":"WebPage","@id":"https:\/\/minuneanaturii.ro\/blog\/caderea-parului-si-feritina-rezerva-de-fier-legitatea-339","url":"https:\/\/minuneanaturii.ro\/blog\/caderea-parului-si-feritina-rezerva-de-fier-legitatea-339","name":"Caderea parului din cauza feritinei scazute: Simptome si remedii","isPartOf":{"@id":"https:\/\/minuneanaturii.ro\/blog\/#website"},"primaryImageOfPage":{"@id":"https:\/\/minuneanaturii.ro\/blog\/caderea-parului-si-feritina-rezerva-de-fier-legitatea-339#primaryimage"},"image":{"@id":"https:\/\/minuneanaturii.ro\/blog\/caderea-parului-si-feritina-rezerva-de-fier-legitatea-339#primaryimage"},"thumbnailUrl":"https:\/\/i0.wp.com\/minuneanaturii.ro\/blog\/wp-content\/uploads\/2023\/05\/339.png?fit=1080%2C1080&ssl=1","datePublished":"2023-05-20T03:08:42+00:00","dateModified":"2025-08-22T10:23:00+00:00","author":{"@id":"https:\/\/minuneanaturii.ro\/blog\/#\/schema\/person\/f2d61b0d1b99f774c2026e5355657712"},"description":"Afla cum deficitul de feritina influenteaza caderea parului si ce remedii eficente exista pentru a creste nivelul de feritina si a preveni aceasta problema","breadcrumb":{"@id":"https:\/\/minuneanaturii.ro\/blog\/caderea-parului-si-feritina-rezerva-de-fier-legitatea-339#breadcrumb"},"inLanguage":"ro-RO","potentialAction":[{"@type":"ReadAction","target":["https:\/\/minuneanaturii.ro\/blog\/caderea-parului-si-feritina-rezerva-de-fier-legitatea-339"]}]},{"@type":"ImageObject","inLanguage":"ro-RO","@id":"https:\/\/minuneanaturii.ro\/blog\/caderea-parului-si-feritina-rezerva-de-fier-legitatea-339#primaryimage","url":"https:\/\/i0.wp.com\/minuneanaturii.ro\/blog\/wp-content\/uploads\/2023\/05\/339.png?fit=1080%2C1080&ssl=1","contentUrl":"https:\/\/i0.wp.com\/minuneanaturii.ro\/blog\/wp-content\/uploads\/2023\/05\/339.png?fit=1080%2C1080&ssl=1","width":1080,"height":1080,"caption":"C\u0103derea p\u0103rului \u0219i rezerva de fier! ( Legitatea #339)"},{"@type":"BreadcrumbList","@id":"https:\/\/minuneanaturii.ro\/blog\/caderea-parului-si-feritina-rezerva-de-fier-legitatea-339#breadcrumb","itemListElement":[{"@type":"ListItem","position":1,"name":"Prima pagin\u0103","item":"https:\/\/minuneanaturii.ro\/blog\/"},{"@type":"ListItem","position":2,"name":"C\u0103derea p\u0103rului din cauza feritinei sc\u0103zute: simptome, cauze \u0219i remedii ( Legitatea #339)"}]},{"@type":"WebSite","@id":"https:\/\/minuneanaturii.ro\/blog\/#website","url":"https:\/\/minuneanaturii.ro\/blog\/","name":"Blogul Minunea Naturii","description":"informatii utile despre sanatate, alimentatie si tratemnte holistice","potentialAction":[{"@type":"SearchAction","target":{"@type":"EntryPoint","urlTemplate":"https:\/\/minuneanaturii.ro\/blog\/?s={search_term_string}"},"query-input":{"@type":"PropertyValueSpecification","valueRequired":true,"valueName":"search_term_string"}}],"inLanguage":"ro-RO"},{"@type":"Person","@id":"https:\/\/minuneanaturii.ro\/blog\/#\/schema\/person\/f2d61b0d1b99f774c2026e5355657712","name":"Farm. Anca si Adrian Ienin","image":{"@type":"ImageObject","inLanguage":"ro-RO","@id":"https:\/\/secure.gravatar.com\/avatar\/ad4ecb84085c66eae03365f7a2f872d8fee2056710d75b48754261be4b5f8abd?s=96&d=mm&r=g","url":"https:\/\/secure.gravatar.com\/avatar\/ad4ecb84085c66eae03365f7a2f872d8fee2056710d75b48754261be4b5f8abd?s=96&d=mm&r=g","contentUrl":"https:\/\/secure.gravatar.com\/avatar\/ad4ecb84085c66eae03365f7a2f872d8fee2056710d75b48754261be4b5f8abd?s=96&d=mm&r=g","caption":"Farm. Anca si Adrian Ienin"},"description":"Anca si Adrian Ienin, farmacisti naturopati si fondatori ai conceptului Minunea Naturii. Au transformat pasiunea pentru alimentatie, stil de viata sanatos si tratamente naturale intr-un concept dedicat sanatatii depline. Scriu articole documentate de ultimele studii in domeniu si din experienta directa cu pacientii. Cred in exemplul propriu si integritate, astfel informatia furnizata este credibila si autentica. Farm. Anca \u0219i Adrian Ienin sunt co-fondatorii conceptului Minunea Naturii \u0219i promotori ai unei viziuni integrative asupra s\u0103n\u0103t\u0103\u021bii, \u00een care \u0219tiin\u021ba modern\u0103 se \u00eent\u00e2lne\u0219te cu \u00een\u021belepciunea tradi\u021bional\u0103. Cu o experien\u021b\u0103 de peste un deceniu \u00een domeniul terapiilor naturale, nutri\u021biei func\u021bionale \u0219i suplimentelor de calitate, cei doi autori ofer\u0103 informa\u021bii valoroase, bine documentate \u0219i orientate spre rezultate reale \u00een echilibrarea organismului. Prin articolele \u0219i proiectele lor educa\u021bionale, Anca \u0219i Adrian \u00eencurajeaz\u0103 oamenii s\u0103 \u00ee\u0219i asume responsabilitatea pentru propria s\u0103n\u0103tate, s\u0103 \u00ee\u0219i dezvolte discern\u0103m\u00e2ntul \u00een alegerea produselor naturale \u0219i s\u0103 adopte un stil de via\u021b\u0103 con\u0219tient, \u00een armonie cu ritmurile corpului \u0219i ale naturii. Articolele lor \u00eembin\u0103 rigoarea \u0219tiin\u021bific\u0103 cu empatia practic\u0103, av\u00e2nd la baz\u0103 at\u00e2t cuno\u0219tin\u021be academice, c\u00e2t \u0219i experien\u021b\u0103 direct\u0103 cu mii de clien\u021bi \u0219i pacien\u021bi. Viziunea lor este una clar\u0103: s\u0103n\u0103tatea nu se reduce la absen\u021ba bolii, ci este un proces activ de echilibru fizic, emo\u021bional, mental \u0219i spiritual \u2013 un drum spre vitalitate, autonomie \u0219i sens.","sameAs":["https:\/\/www.minuneanaturii.ro","https:\/\/www.facebook.com\/minuneanaturii\/","https:\/\/www.instagram.com\/minuneanaturii\/","https:\/\/www.linkedin.com\/company\/minunea-naturii","https:\/\/www.youtube.com\/@MinuneaNaturii"],"url":"https:\/\/minuneanaturii.ro\/blog\/author\/ancasiadrianienin"}]}},"jetpack_featured_media_url":"https:\/\/i0.wp.com\/minuneanaturii.ro\/blog\/wp-content\/uploads\/2023\/05\/339.png?fit=1080%2C1080&ssl=1","jetpack_sharing_enabled":true,"_links":{"self":[{"href":"https:\/\/minuneanaturii.ro\/blog\/wp-json\/wp\/v2\/posts\/6364","targetHints":{"allow":["GET"]}}],"collection":[{"href":"https:\/\/minuneanaturii.ro\/blog\/wp-json\/wp\/v2\/posts"}],"about":[{"href":"https:\/\/minuneanaturii.ro\/blog\/wp-json\/wp\/v2\/types\/post"}],"author":[{"embeddable":true,"href":"https:\/\/minuneanaturii.ro\/blog\/wp-json\/wp\/v2\/users\/101011"}],"replies":[{"embeddable":true,"href":"https:\/\/minuneanaturii.ro\/blog\/wp-json\/wp\/v2\/comments?post=6364"}],"version-history":[{"count":4,"href":"https:\/\/minuneanaturii.ro\/blog\/wp-json\/wp\/v2\/posts\/6364\/revisions"}],"predecessor-version":[{"id":9215,"href":"https:\/\/minuneanaturii.ro\/blog\/wp-json\/wp\/v2\/posts\/6364\/revisions\/9215"}],"wp:featuredmedia":[{"embeddable":true,"href":"https:\/\/minuneanaturii.ro\/blog\/wp-json\/wp\/v2\/media\/6303"}],"wp:attachment":[{"href":"https:\/\/minuneanaturii.ro\/blog\/wp-json\/wp\/v2\/media?parent=6364"}],"wp:term":[{"taxonomy":"category","embeddable":true,"href":"https:\/\/minuneanaturii.ro\/blog\/wp-json\/wp\/v2\/categories?post=6364"},{"taxonomy":"post_tag","embeddable":true,"href":"https:\/\/minuneanaturii.ro\/blog\/wp-json\/wp\/v2\/tags?post=6364"}],"curies":[{"name":"wp","href":"https:\/\/api.w.org\/{rel}","templated":true}]}}