{"id":6245,"date":"2023-04-26T05:49:50","date_gmt":"2023-04-26T03:49:50","guid":{"rendered":"https:\/\/minuneanaturii.ro\/blog\/?p=6245"},"modified":"2024-07-12T16:34:51","modified_gmt":"2024-07-12T14:34:51","slug":"optimistul-este-placut-dar-ignorat-pesimistul-este-neplacut-dar-luat-in-seama-legitatea-321","status":"publish","type":"post","link":"https:\/\/minuneanaturii.ro\/blog\/optimistul-este-placut-dar-ignorat-pesimistul-este-neplacut-dar-luat-in-seama-legitatea-321","title":{"rendered":"Optimistul este pl\u0103cut dar ignorat, pesimistul este nepl\u0103cut dar luat \u00een seam\u0103 (Legitatea #321)"},"content":{"rendered":"<p><span class=\" author-d-1gg9uz65z1iz85zgdz68zmqkz84zo2qovw8oz81zyz80zz84z3d9ez83zz72zz87zyz65z8cz85zh6gz72zz86z1z69z2z122zz83ziz89z\">Te-ai g\u00e2ndit vreodat\u0103 c\u0103 optimistul este pl\u0103cut dar ignorat, pe cand pesimistul este neplacut dar mereu luat \u00een considerare.<\/span><\/p>\n<p><span class=\" author-d-1gg9uz65z1iz85zgdz68zmqkz84zo2qovw8oz81zyz80zz84z3d9ez83zz72zz87zyz65z8cz85zh6gz72zz86z1z69z2z122zz83ziz89z\">O sa \u00eencepem aceasta legitate cu ceva ce aparent nu are leg\u0103tur\u0103 cu s\u0103n\u0103tatea, dar cite\u0219te p\u00e2n\u0103 la final.<\/span><\/p>\n<p><span class=\" author-d-1gg9uz65z1iz85zgdz68zmqkz84zo2qovw8oz81zyz80zz84z3d9ez83zz72zz87zyz65z8cz85zh6gz72zz86z1z69z2z122zz83ziz89z\">Ne-a atras aten\u021bia un articol ap\u0103rut pe prima pagina din New York Times, cel mai prestigios ziar financiar din lume, undeva \u00een 2008, \u00een timpul acelei mari crize economice, care spunea cam a\u0219a:<\/span><\/p>\n<p><span class=\" author-d-1gg9uz65z1iz85zgdz68zmqkz84zo2qovw8oz81zyz80zz84z3d9ez83zz72zz87zyz65z8cz85zh6gz72zz86z1z69z2z122zz83ziz89z\">\u201e<\/span><span class=\" author-d-1gg9uz65z1iz85zgdz68zmqkz84zo2qovw8oz81zyz80zz84z3d9ez83zz72zz87zyz65z8cz85zh6gz72zz86z1z69z2z122zz83ziz89z\"><i>Spre sf\u00e5r\u0219itul lui iunie 2010 sau \u00eenceputul lui iulie, America se va diviza \u00een \u0219ase p\u0103r\u0163i Alaska revenind sub domina\u0163ie ruseasc\u0103, California va forma nucleul a\u0219a-numitei, Republici Californiene \u0219i va face parte din China sau va fi sub influen\u021ba chinezilor. Texas va fi epicentrul<\/i><\/span><i> <\/i><span class=\" author-d-1gg9uz65z1iz85zgdz68zmqkz84zo2qovw8oz81zyz80zz84z3d9ez83zz72zz87zyz65z8cz85zh6gz72zz86z1z69z2z122zz83ziz89z h-bdquo\"><i>\u201eRepublicii<\/i><\/span><span class=\" author-d-1gg9uz65z1iz85zgdz68zmqkz84zo2qovw8oz81zyz80zz84z3d9ez83zz72zz87zyz65z8cz85zh6gz72zz86z1z69z2z122zz83ziz89z\"><i> Texas\u201d, un grup de state vor fi integrate \u00een Mexic sau vor fi sub influen\u021ba mexicanilor. Washington D.C., si New York vor face parte din<\/i><\/span><i> <\/i><span class=\" author-d-1gg9uz65z1iz85zgdz68zmqkz84zo2qovw8oz81zyz80zz84z3d9ez83zz72zz87zyz65z8cz85zh6gz72zz86z1z69z2z122zz83ziz89z h-bdquo\"><i>\u201eAmerica<\/i><\/span><span class=\" author-d-1gg9uz65z1iz85zgdz68zmqkz84zo2qovw8oz81zyz80zz84z3d9ez83zz72zz87zyz65z8cz85zh6gz72zz86z1z69z2z122zz83ziz89z\"><i> Atlantic\u0103\u201d, care s-ar putea s\u0103 adere la Uniunea European\u0103. Canada va lua un grup de state nordice denumite Republica American\u0103 Central-Nordic\u0103. Hawaii va fi un protector al Japoniei sau al Chinei dac\u0103 nu va fi \u00eencadrat\u0103 \u00een Rusia.<\/i><\/span><span class=\" author-d-1gg9uz65z1iz85zgdz68zmqkz84zo2qovw8oz81zyz80zz84z3d9ez83zz72zz87zyz65z8cz85zh6gz72zz86z1z69z2z122zz83ziz89z\">&#8222;<\/span><\/p>\n<p><span class=\" author-d-1gg9uz65z1iz85zgdz68zmqkz84zo2qovw8oz81zyz80zz84z3d9ez83zz72zz87zyz65z8cz85zh6gz72zz86z1z69z2z122zz83ziz89z\">De\u0219i erau ni\u0219te aiureli de fapt, au ajuns pe prima pagin\u0103 a celui mai prestigios cotidian financiar din lume.<\/span><\/p>\n<p><span class=\" author-d-1gg9uz65z1iz85zgdz68zmqkz84zo2qovw8oz81zyz80zz84z3d9ez83zz72zz87zyz65z8cz85zh6gz72zz86z1z69z2z122zz83ziz89z\">\u00cen schimb dac\u0103 cel mai apreciat academician japonez ar fi scris in 1945 urm\u0103toarele:<\/span><\/p>\n<p><span class=\" author-d-1gg9uz65z1iz85zgdz68zmqkz84zo2qovw8oz81zyz80zz84z3d9ez83zz72zz87zyz65z8cz85zh6gz72zz86z1z69z2z122zz83ziz89z\">\u201e<\/span><span class=\" author-d-1gg9uz65z1iz85zgdz68zmqkz84zo2qovw8oz81zyz80zz84z3d9ez83zz72zz87zyz65z8cz85zh6gz72zz86z1z69z2z122zz83ziz89z\"><i>De\u0219i iarna din 1946 v\u0103 provoca o foamete cumplit\u0103 care va limita consumul alimentelor la mai pu\u021bin de 800 de calorii pe cap de locuitor pe zi, \u00een timpul genera\u021biei viitoare economia va cre\u0219te de aproape 15 ori fa\u021b\u0103 de cum era \u00eenaintea r\u0103zboiului. Speran\u021ba noastr\u0103 de via\u021b\u0103 aproape c\u0103 se va dubla, iar bursa de valori va genera c\u00e2\u0219tiguri cum rar s-au mai v\u0103zut \u00een vreo \u021bar\u0103. Timp de 40 de ani rata \u0219omajului nu va dep\u0103\u0219i 6%, vom deveni lider mondial \u00een inova\u021bii electronice \u0219i sisteme manageriale corporatiste. \u00cen cur\u00e2nd vom deveni at\u00e2t de boga\u021bi \u00eenc\u00e2t vom de\u021bine unele dintre cele mai valoroase imobile din Statele Unite. \u0218i apropo americanii vor fi cei mai importan\u021bi alia\u021bi ai no\u0219tri \u0219i vor \u00eencerca s\u0103 ne copieze strategiile economice.\u201d<\/i><\/span><\/p>\n<p><span class=\" author-d-1gg9uz65z1iz85zgdz68zmqkz84zo2qovw8oz81zyz80zz84z3d9ez83zz72zz87zyz65z8cz85zh6gz72zz86z1z69z2z122zz83ziz89z\">Cu siguran\u021b\u0103 toat\u0103 lumea ar fi r\u00e2s \u0219i acea persoan\u0103 ar fi fost poate chiar alungat\u0103 din camer\u0103, de\u0219i tot ce scrie mai sus despre Japonia s-a \u00eent\u00e2mplat cu adev\u0103rat.<\/span><\/p>\n<p><span class=\" author-d-1gg9uz65z1iz85zgdz68zmqkz84zo2qovw8oz81zyz80zz84z3d9ez83zz72zz87zyz65z8cz85zh6gz72zz86z1z69z2z122zz83ziz89z\"><strong>Acum revenind la s\u0103n\u0103tate<\/strong>, ne este mai u\u0219or s\u0103 credem \u00eentr-un pesimist care ne spune c\u0103 dac\u0103 nu ne punem masc\u0103 pe fa\u021b\u0103 vom muri, dec\u00e2t \u00eentr-o persoan\u0103 care ne spune c\u0103 dac\u0103 m\u00e2nc\u0103m o salat\u0103 \u00een fiecare zi vom avea o s\u0103n\u0103tate mult mai bun\u0103 dec\u00e2t \u00een prezent.<\/span><\/p>\n<p><span class=\" author-d-1gg9uz65z1iz85zgdz68zmqkz84zo2qovw8oz81zyz80zz84z3d9ez83zz72zz87zyz65z8cz85zh6gz72zz86z1z69z2z122zz83ziz89z\">Este mai greu pentru cineva s\u0103 cread\u0103 ceva r\u0103u dec\u00e2t ceva ce pare absurd de bun.<\/span><\/p>\n<h2><span class=\" author-d-1gg9uz65z1iz85zgdz68zmqkz84zo2qovw8oz81zyz80zz84z3d9ez83zz72zz87zyz65z8cz85zh6gz72zz86z1z69z2z122zz83ziz89z\">Spune-i unui om c\u0103 totul va merge excelent \u0219i fie te va ignora, fie \u00ee\u021bi va arunca o privire sceptic\u0103. Spune-i aceluia\u0219i om c\u0103 este \u00een pericol \u0219i \u00ee\u021bi va acorda toat\u0103 aten\u021bia lui!<\/span><\/h2>\n<p><strong><span class=\" author-d-1gg9uz65z1iz85zgdz68zmqkz84zo2qovw8oz81zyz80zz84z3d9ez83zz72zz87zyz65z8cz85zh6gz72zz86z1z69z2z122zz83ziz89z\">A\u0219adar pe acest principiu \u00ee\u021bi las doar dou\u0103 lec\u021bii pot s\u0103 le crezi sau s\u0103 le ignori:<\/span><\/strong><\/p>\n<p><span class=\" author-d-1gg9uz65z1iz85zgdz68zmqkz84zo2qovw8oz81zyz80zz84z3d9ez83zz72zz87zyz65z8cz85zh6gz72zz86z1z69z2z122zz83ziz89z\">1. Dac\u0103 nu te preocup\u0103 s\u0103n\u0103tatea ta cu siguran\u021b\u0103 ve\u021bi ajunge bolnav \u0219i suferind!<\/span><\/p>\n<p><span class=\" author-d-1gg9uz65z1iz85zgdz68zmqkz84zo2qovw8oz81zyz80zz84z3d9ez83zz72zz87zyz65z8cz85zh6gz72zz86z1z69z2z122zz83ziz89z\">2. Indiferent ce boal\u0103 ai dob\u00e2ndit, exist\u0103 o speran\u021b\u0103 \u0219i o solu\u021bie ca s\u0103 po\u021bi s\u0103 duci o via\u021b\u0103 mai bun\u0103!<\/span><\/p>\n<p>&nbsp;<\/p>\n<p><span class=\" author-d-1gg9uz65z1iz85zgdz68zmqkz84zo2qovw8oz81zyz80zz84z3d9ez83zz72zz87zyz65z8cz85zh6gz72zz86z1z69z2z122zz83ziz89z\"><i>Bucuro\u0219i s\u0103 te \u0219tim s\u0103n\u0103tos,<\/i><\/span><\/p>\n<p><span class=\"ace-all-bold-hthree\"><span class=\" author-d-1gg9uz65z1iz85zgdz68zmqkz84zo2qovw8oz81zyz80zz84z3d9ez83zz72zz87zyz65z8cz85zh6gz72zz86z1z69z2z122zz83ziz89z\"><b><i>Farm. Anca \u0219i Adrian Ienin<\/i><\/b><\/span><\/span><\/p>\n","protected":false},"excerpt":{"rendered":"<p>Te-ai g\u00e2ndit vreodat\u0103 c\u0103 optimistul este pl\u0103cut dar ignorat, pe cand pesimistul este neplacut dar mereu luat \u00een considerare. O sa \u00eencepem aceasta legitate cu ceva ce aparent nu are leg\u0103tur\u0103 cu s\u0103n\u0103tatea, dar cite\u0219te p\u00e2n\u0103 la final. Ne-a atras aten\u021bia un articol ap\u0103rut pe prima pagina din New York Times, cel mai prestigios ziar &#8230;<\/p>\n","protected":false},"author":101011,"featured_media":6239,"comment_status":"open","ping_status":"closed","sticky":false,"template":"","format":"standard","meta":{"_jetpack_memberships_contains_paid_content":false,"footnotes":""},"categories":[2341,5],"tags":[],"class_list":["post-6245","post","type-post","status-publish","format-standard","has-post-thumbnail","hentry","category-legitati","category-sfaturi-utile-tips-and-tricks"],"yoast_head":"<!-- This site is optimized with the Yoast SEO plugin v28.2 - https:\/\/yoast.com\/product\/yoast-seo-wordpress\/ -->\n<title>Optimistul este pl\u0103cut dar ignorat, pesimistul este nepl\u0103cut dar luat \u00een seam\u0103 (Legitatea #321) - minuneanaturii.ro<\/title>\n<meta name=\"robots\" content=\"index, follow, max-snippet:-1, max-image-preview:large, max-video-preview:-1\" \/>\n<meta property=\"og:locale\" content=\"ro_RO\" \/>\n<meta property=\"og:type\" content=\"article\" \/>\n<meta property=\"og:title\" content=\"Optimistul este pl\u0103cut dar ignorat, pesimistul este nepl\u0103cut dar luat \u00een seam\u0103 (Legitatea #321) - Blogul Minunea Naturii\" \/>\n<meta property=\"og:description\" content=\"Te-ai g\u00e2ndit vreodat\u0103 c\u0103 optimistul este pl\u0103cut dar ignorat, pe cand pesimistul este neplacut dar mereu luat \u00een considerare. O sa \u00eencepem aceasta legitate cu ceva ce aparent n\u2026\" \/>\n<meta property=\"og:url\" content=\"https:\/\/minuneanaturii.ro\/blog\/optimistul-este-placut-dar-ignorat-pesimistul-este-neplacut-dar-luat-in-seama-legitatea-321\" \/>\n<meta property=\"og:site_name\" content=\"Blogul Minunea Naturii\" \/>\n<meta property=\"article:author\" content=\"https:\/\/www.facebook.com\/minuneanaturii\/\" \/>\n<meta property=\"article:published_time\" content=\"2023-04-26T03:49:50+00:00\" \/>\n<meta property=\"article:modified_time\" content=\"2024-07-12T14:34:51+00:00\" \/>\n<meta property=\"og:image\" content=\"https:\/\/minuneanaturii.ro\/blog\/wp-content\/uploads\/2023\/04\/321.png\" \/>\n\t<meta property=\"og:image:width\" content=\"1080\" \/>\n\t<meta property=\"og:image:height\" content=\"1080\" \/>\n\t<meta property=\"og:image:type\" content=\"image\/png\" \/>\n<meta name=\"author\" content=\"Farm. Anca si Adrian Ienin\" \/>\n<meta name=\"twitter:card\" content=\"summary_large_image\" \/>\n<meta name=\"twitter:label1\" content=\"Scris de\" \/>\n\t<meta name=\"twitter:data1\" content=\"Farm. Anca si Adrian Ienin\" \/>\n\t<meta name=\"twitter:label2\" content=\"Timp estimat pentru citire\" \/>\n\t<meta name=\"twitter:data2\" content=\"3 minute\" \/>\n<script type=\"application\/ld+json\" class=\"yoast-schema-graph\">{\"@context\":\"https:\\\/\\\/schema.org\",\"@graph\":[{\"@type\":\"Article\",\"@id\":\"https:\\\/\\\/minuneanaturii.ro\\\/blog\\\/optimistul-este-placut-dar-ignorat-pesimistul-este-neplacut-dar-luat-in-seama-legitatea-321#article\",\"isPartOf\":{\"@id\":\"https:\\\/\\\/minuneanaturii.ro\\\/blog\\\/optimistul-este-placut-dar-ignorat-pesimistul-este-neplacut-dar-luat-in-seama-legitatea-321\"},\"author\":{\"name\":\"Farm. Anca si Adrian Ienin\",\"@id\":\"https:\\\/\\\/minuneanaturii.ro\\\/blog\\\/#\\\/schema\\\/person\\\/f2d61b0d1b99f774c2026e5355657712\"},\"headline\":\"Optimistul este pl\u0103cut dar ignorat, pesimistul este nepl\u0103cut dar luat \u00een seam\u0103 (Legitatea #321)\",\"datePublished\":\"2023-04-26T03:49:50+00:00\",\"dateModified\":\"2024-07-12T14:34:51+00:00\",\"mainEntityOfPage\":{\"@id\":\"https:\\\/\\\/minuneanaturii.ro\\\/blog\\\/optimistul-este-placut-dar-ignorat-pesimistul-este-neplacut-dar-luat-in-seama-legitatea-321\"},\"wordCount\":606,\"commentCount\":0,\"image\":{\"@id\":\"https:\\\/\\\/minuneanaturii.ro\\\/blog\\\/optimistul-este-placut-dar-ignorat-pesimistul-este-neplacut-dar-luat-in-seama-legitatea-321#primaryimage\"},\"thumbnailUrl\":\"https:\\\/\\\/i0.wp.com\\\/minuneanaturii.ro\\\/blog\\\/wp-content\\\/uploads\\\/2023\\\/04\\\/321.png?fit=1080%2C1080&ssl=1\",\"articleSection\":[\"Legitati\",\"Sfaturi utile - Tips and Tricks\"],\"inLanguage\":\"ro-RO\",\"potentialAction\":[{\"@type\":\"CommentAction\",\"name\":\"Comment\",\"target\":[\"https:\\\/\\\/minuneanaturii.ro\\\/blog\\\/optimistul-este-placut-dar-ignorat-pesimistul-este-neplacut-dar-luat-in-seama-legitatea-321#respond\"]}]},{\"@type\":\"WebPage\",\"@id\":\"https:\\\/\\\/minuneanaturii.ro\\\/blog\\\/optimistul-este-placut-dar-ignorat-pesimistul-este-neplacut-dar-luat-in-seama-legitatea-321\",\"url\":\"https:\\\/\\\/minuneanaturii.ro\\\/blog\\\/optimistul-este-placut-dar-ignorat-pesimistul-este-neplacut-dar-luat-in-seama-legitatea-321\",\"name\":\"Optimistul este pl\u0103cut dar ignorat, pesimistul este nepl\u0103cut dar luat \u00een seam\u0103 (Legitatea #321) - Blogul Minunea Naturii\",\"isPartOf\":{\"@id\":\"https:\\\/\\\/minuneanaturii.ro\\\/blog\\\/#website\"},\"primaryImageOfPage\":{\"@id\":\"https:\\\/\\\/minuneanaturii.ro\\\/blog\\\/optimistul-este-placut-dar-ignorat-pesimistul-este-neplacut-dar-luat-in-seama-legitatea-321#primaryimage\"},\"image\":{\"@id\":\"https:\\\/\\\/minuneanaturii.ro\\\/blog\\\/optimistul-este-placut-dar-ignorat-pesimistul-este-neplacut-dar-luat-in-seama-legitatea-321#primaryimage\"},\"thumbnailUrl\":\"https:\\\/\\\/i0.wp.com\\\/minuneanaturii.ro\\\/blog\\\/wp-content\\\/uploads\\\/2023\\\/04\\\/321.png?fit=1080%2C1080&ssl=1\",\"datePublished\":\"2023-04-26T03:49:50+00:00\",\"dateModified\":\"2024-07-12T14:34:51+00:00\",\"author\":{\"@id\":\"https:\\\/\\\/minuneanaturii.ro\\\/blog\\\/#\\\/schema\\\/person\\\/f2d61b0d1b99f774c2026e5355657712\"},\"breadcrumb\":{\"@id\":\"https:\\\/\\\/minuneanaturii.ro\\\/blog\\\/optimistul-este-placut-dar-ignorat-pesimistul-este-neplacut-dar-luat-in-seama-legitatea-321#breadcrumb\"},\"inLanguage\":\"ro-RO\",\"potentialAction\":[{\"@type\":\"ReadAction\",\"target\":[\"https:\\\/\\\/minuneanaturii.ro\\\/blog\\\/optimistul-este-placut-dar-ignorat-pesimistul-este-neplacut-dar-luat-in-seama-legitatea-321\"]}]},{\"@type\":\"ImageObject\",\"inLanguage\":\"ro-RO\",\"@id\":\"https:\\\/\\\/minuneanaturii.ro\\\/blog\\\/optimistul-este-placut-dar-ignorat-pesimistul-este-neplacut-dar-luat-in-seama-legitatea-321#primaryimage\",\"url\":\"https:\\\/\\\/i0.wp.com\\\/minuneanaturii.ro\\\/blog\\\/wp-content\\\/uploads\\\/2023\\\/04\\\/321.png?fit=1080%2C1080&ssl=1\",\"contentUrl\":\"https:\\\/\\\/i0.wp.com\\\/minuneanaturii.ro\\\/blog\\\/wp-content\\\/uploads\\\/2023\\\/04\\\/321.png?fit=1080%2C1080&ssl=1\",\"width\":1080,\"height\":1080,\"caption\":\"Optimistul este pl\u0103cut dar ignorat, pesimistul este nepl\u0103cut dar luat \u00een seam\u0103 (Legitatea #321)\"},{\"@type\":\"BreadcrumbList\",\"@id\":\"https:\\\/\\\/minuneanaturii.ro\\\/blog\\\/optimistul-este-placut-dar-ignorat-pesimistul-este-neplacut-dar-luat-in-seama-legitatea-321#breadcrumb\",\"itemListElement\":[{\"@type\":\"ListItem\",\"position\":1,\"name\":\"Prima pagin\u0103\",\"item\":\"https:\\\/\\\/minuneanaturii.ro\\\/blog\\\/\"},{\"@type\":\"ListItem\",\"position\":2,\"name\":\"Optimistul este pl\u0103cut dar ignorat, pesimistul este nepl\u0103cut dar luat \u00een seam\u0103 (Legitatea #321)\"}]},{\"@type\":\"WebSite\",\"@id\":\"https:\\\/\\\/minuneanaturii.ro\\\/blog\\\/#website\",\"url\":\"https:\\\/\\\/minuneanaturii.ro\\\/blog\\\/\",\"name\":\"Blogul Minunea Naturii\",\"description\":\"informatii utile despre sanatate, alimentatie si tratemnte holistice\",\"potentialAction\":[{\"@type\":\"SearchAction\",\"target\":{\"@type\":\"EntryPoint\",\"urlTemplate\":\"https:\\\/\\\/minuneanaturii.ro\\\/blog\\\/?s={search_term_string}\"},\"query-input\":{\"@type\":\"PropertyValueSpecification\",\"valueRequired\":true,\"valueName\":\"search_term_string\"}}],\"inLanguage\":\"ro-RO\"},{\"@type\":\"Person\",\"@id\":\"https:\\\/\\\/minuneanaturii.ro\\\/blog\\\/#\\\/schema\\\/person\\\/f2d61b0d1b99f774c2026e5355657712\",\"name\":\"Farm. Anca si Adrian Ienin\",\"image\":{\"@type\":\"ImageObject\",\"inLanguage\":\"ro-RO\",\"@id\":\"https:\\\/\\\/secure.gravatar.com\\\/avatar\\\/ad4ecb84085c66eae03365f7a2f872d8fee2056710d75b48754261be4b5f8abd?s=96&d=mm&r=g\",\"url\":\"https:\\\/\\\/secure.gravatar.com\\\/avatar\\\/ad4ecb84085c66eae03365f7a2f872d8fee2056710d75b48754261be4b5f8abd?s=96&d=mm&r=g\",\"contentUrl\":\"https:\\\/\\\/secure.gravatar.com\\\/avatar\\\/ad4ecb84085c66eae03365f7a2f872d8fee2056710d75b48754261be4b5f8abd?s=96&d=mm&r=g\",\"caption\":\"Farm. Anca si Adrian Ienin\"},\"description\":\"Anca si Adrian Ienin, farmacisti naturopati si fondatori ai conceptului Minunea Naturii. Au transformat pasiunea pentru alimentatie, stil de viata sanatos si tratamente naturale intr-un concept dedicat sanatatii depline. Scriu articole documentate de ultimele studii in domeniu si din experienta directa cu pacientii. Cred in exemplul propriu si integritate, astfel informatia furnizata este credibila si autentica. Farm. Anca \u0219i Adrian Ienin sunt co-fondatorii conceptului Minunea Naturii \u0219i promotori ai unei viziuni integrative asupra s\u0103n\u0103t\u0103\u021bii, \u00een care \u0219tiin\u021ba modern\u0103 se \u00eent\u00e2lne\u0219te cu \u00een\u021belepciunea tradi\u021bional\u0103. Cu o experien\u021b\u0103 de peste un deceniu \u00een domeniul terapiilor naturale, nutri\u021biei func\u021bionale \u0219i suplimentelor de calitate, cei doi autori ofer\u0103 informa\u021bii valoroase, bine documentate \u0219i orientate spre rezultate reale \u00een echilibrarea organismului. Prin articolele \u0219i proiectele lor educa\u021bionale, Anca \u0219i Adrian \u00eencurajeaz\u0103 oamenii s\u0103 \u00ee\u0219i asume responsabilitatea pentru propria s\u0103n\u0103tate, s\u0103 \u00ee\u0219i dezvolte discern\u0103m\u00e2ntul \u00een alegerea produselor naturale \u0219i s\u0103 adopte un stil de via\u021b\u0103 con\u0219tient, \u00een armonie cu ritmurile corpului \u0219i ale naturii. Articolele lor \u00eembin\u0103 rigoarea \u0219tiin\u021bific\u0103 cu empatia practic\u0103, av\u00e2nd la baz\u0103 at\u00e2t cuno\u0219tin\u021be academice, c\u00e2t \u0219i experien\u021b\u0103 direct\u0103 cu mii de clien\u021bi \u0219i pacien\u021bi. Viziunea lor este una clar\u0103: s\u0103n\u0103tatea nu se reduce la absen\u021ba bolii, ci este un proces activ de echilibru fizic, emo\u021bional, mental \u0219i spiritual \u2013 un drum spre vitalitate, autonomie \u0219i sens.\",\"sameAs\":[\"https:\\\/\\\/www.minuneanaturii.ro\",\"https:\\\/\\\/www.facebook.com\\\/minuneanaturii\\\/\",\"https:\\\/\\\/www.instagram.com\\\/minuneanaturii\\\/\",\"https:\\\/\\\/www.linkedin.com\\\/company\\\/minunea-naturii\",\"https:\\\/\\\/www.youtube.com\\\/@MinuneaNaturii\"],\"url\":\"https:\\\/\\\/minuneanaturii.ro\\\/blog\\\/author\\\/ancasiadrianienin\"}]}<\/script>\n<!-- \/ Yoast SEO plugin. -->","yoast_head_json":{"title":"Optimistul este pl\u0103cut dar ignorat, pesimistul este nepl\u0103cut dar luat \u00een seam\u0103 (Legitatea #321) - minuneanaturii.ro","robots":{"index":"index","follow":"follow","max-snippet":"max-snippet:-1","max-image-preview":"max-image-preview:large","max-video-preview":"max-video-preview:-1"},"og_locale":"ro_RO","og_type":"article","og_title":"Optimistul este pl\u0103cut dar ignorat, pesimistul este nepl\u0103cut dar luat \u00een seam\u0103 (Legitatea #321) - Blogul Minunea Naturii","og_description":"Te-ai g\u00e2ndit vreodat\u0103 c\u0103 optimistul este pl\u0103cut dar ignorat, pe cand pesimistul este neplacut dar mereu luat \u00een considerare. O sa \u00eencepem aceasta legitate cu ceva ce aparent n\u2026","og_url":"https:\/\/minuneanaturii.ro\/blog\/optimistul-este-placut-dar-ignorat-pesimistul-este-neplacut-dar-luat-in-seama-legitatea-321","og_site_name":"Blogul Minunea Naturii","article_author":"https:\/\/www.facebook.com\/minuneanaturii\/","article_published_time":"2023-04-26T03:49:50+00:00","article_modified_time":"2024-07-12T14:34:51+00:00","og_image":[{"width":1080,"height":1080,"url":"https:\/\/minuneanaturii.ro\/blog\/wp-content\/uploads\/2023\/04\/321.png","type":"image\/png"}],"author":"Farm. Anca si Adrian Ienin","twitter_card":"summary_large_image","twitter_misc":{"Scris de":"Farm. Anca si Adrian Ienin","Timp estimat pentru citire":"3 minute"},"schema":{"@context":"https:\/\/schema.org","@graph":[{"@type":"Article","@id":"https:\/\/minuneanaturii.ro\/blog\/optimistul-este-placut-dar-ignorat-pesimistul-este-neplacut-dar-luat-in-seama-legitatea-321#article","isPartOf":{"@id":"https:\/\/minuneanaturii.ro\/blog\/optimistul-este-placut-dar-ignorat-pesimistul-este-neplacut-dar-luat-in-seama-legitatea-321"},"author":{"name":"Farm. Anca si Adrian Ienin","@id":"https:\/\/minuneanaturii.ro\/blog\/#\/schema\/person\/f2d61b0d1b99f774c2026e5355657712"},"headline":"Optimistul este pl\u0103cut dar ignorat, pesimistul este nepl\u0103cut dar luat \u00een seam\u0103 (Legitatea #321)","datePublished":"2023-04-26T03:49:50+00:00","dateModified":"2024-07-12T14:34:51+00:00","mainEntityOfPage":{"@id":"https:\/\/minuneanaturii.ro\/blog\/optimistul-este-placut-dar-ignorat-pesimistul-este-neplacut-dar-luat-in-seama-legitatea-321"},"wordCount":606,"commentCount":0,"image":{"@id":"https:\/\/minuneanaturii.ro\/blog\/optimistul-este-placut-dar-ignorat-pesimistul-este-neplacut-dar-luat-in-seama-legitatea-321#primaryimage"},"thumbnailUrl":"https:\/\/i0.wp.com\/minuneanaturii.ro\/blog\/wp-content\/uploads\/2023\/04\/321.png?fit=1080%2C1080&ssl=1","articleSection":["Legitati","Sfaturi utile - Tips and Tricks"],"inLanguage":"ro-RO","potentialAction":[{"@type":"CommentAction","name":"Comment","target":["https:\/\/minuneanaturii.ro\/blog\/optimistul-este-placut-dar-ignorat-pesimistul-este-neplacut-dar-luat-in-seama-legitatea-321#respond"]}]},{"@type":"WebPage","@id":"https:\/\/minuneanaturii.ro\/blog\/optimistul-este-placut-dar-ignorat-pesimistul-este-neplacut-dar-luat-in-seama-legitatea-321","url":"https:\/\/minuneanaturii.ro\/blog\/optimistul-este-placut-dar-ignorat-pesimistul-este-neplacut-dar-luat-in-seama-legitatea-321","name":"Optimistul este pl\u0103cut dar ignorat, pesimistul este nepl\u0103cut dar luat \u00een seam\u0103 (Legitatea #321) - Blogul Minunea Naturii","isPartOf":{"@id":"https:\/\/minuneanaturii.ro\/blog\/#website"},"primaryImageOfPage":{"@id":"https:\/\/minuneanaturii.ro\/blog\/optimistul-este-placut-dar-ignorat-pesimistul-este-neplacut-dar-luat-in-seama-legitatea-321#primaryimage"},"image":{"@id":"https:\/\/minuneanaturii.ro\/blog\/optimistul-este-placut-dar-ignorat-pesimistul-este-neplacut-dar-luat-in-seama-legitatea-321#primaryimage"},"thumbnailUrl":"https:\/\/i0.wp.com\/minuneanaturii.ro\/blog\/wp-content\/uploads\/2023\/04\/321.png?fit=1080%2C1080&ssl=1","datePublished":"2023-04-26T03:49:50+00:00","dateModified":"2024-07-12T14:34:51+00:00","author":{"@id":"https:\/\/minuneanaturii.ro\/blog\/#\/schema\/person\/f2d61b0d1b99f774c2026e5355657712"},"breadcrumb":{"@id":"https:\/\/minuneanaturii.ro\/blog\/optimistul-este-placut-dar-ignorat-pesimistul-este-neplacut-dar-luat-in-seama-legitatea-321#breadcrumb"},"inLanguage":"ro-RO","potentialAction":[{"@type":"ReadAction","target":["https:\/\/minuneanaturii.ro\/blog\/optimistul-este-placut-dar-ignorat-pesimistul-este-neplacut-dar-luat-in-seama-legitatea-321"]}]},{"@type":"ImageObject","inLanguage":"ro-RO","@id":"https:\/\/minuneanaturii.ro\/blog\/optimistul-este-placut-dar-ignorat-pesimistul-este-neplacut-dar-luat-in-seama-legitatea-321#primaryimage","url":"https:\/\/i0.wp.com\/minuneanaturii.ro\/blog\/wp-content\/uploads\/2023\/04\/321.png?fit=1080%2C1080&ssl=1","contentUrl":"https:\/\/i0.wp.com\/minuneanaturii.ro\/blog\/wp-content\/uploads\/2023\/04\/321.png?fit=1080%2C1080&ssl=1","width":1080,"height":1080,"caption":"Optimistul este pl\u0103cut dar ignorat, pesimistul este nepl\u0103cut dar luat \u00een seam\u0103 (Legitatea #321)"},{"@type":"BreadcrumbList","@id":"https:\/\/minuneanaturii.ro\/blog\/optimistul-este-placut-dar-ignorat-pesimistul-este-neplacut-dar-luat-in-seama-legitatea-321#breadcrumb","itemListElement":[{"@type":"ListItem","position":1,"name":"Prima pagin\u0103","item":"https:\/\/minuneanaturii.ro\/blog\/"},{"@type":"ListItem","position":2,"name":"Optimistul este pl\u0103cut dar ignorat, pesimistul este nepl\u0103cut dar luat \u00een seam\u0103 (Legitatea #321)"}]},{"@type":"WebSite","@id":"https:\/\/minuneanaturii.ro\/blog\/#website","url":"https:\/\/minuneanaturii.ro\/blog\/","name":"Blogul Minunea Naturii","description":"informatii utile despre sanatate, alimentatie si tratemnte holistice","potentialAction":[{"@type":"SearchAction","target":{"@type":"EntryPoint","urlTemplate":"https:\/\/minuneanaturii.ro\/blog\/?s={search_term_string}"},"query-input":{"@type":"PropertyValueSpecification","valueRequired":true,"valueName":"search_term_string"}}],"inLanguage":"ro-RO"},{"@type":"Person","@id":"https:\/\/minuneanaturii.ro\/blog\/#\/schema\/person\/f2d61b0d1b99f774c2026e5355657712","name":"Farm. Anca si Adrian Ienin","image":{"@type":"ImageObject","inLanguage":"ro-RO","@id":"https:\/\/secure.gravatar.com\/avatar\/ad4ecb84085c66eae03365f7a2f872d8fee2056710d75b48754261be4b5f8abd?s=96&d=mm&r=g","url":"https:\/\/secure.gravatar.com\/avatar\/ad4ecb84085c66eae03365f7a2f872d8fee2056710d75b48754261be4b5f8abd?s=96&d=mm&r=g","contentUrl":"https:\/\/secure.gravatar.com\/avatar\/ad4ecb84085c66eae03365f7a2f872d8fee2056710d75b48754261be4b5f8abd?s=96&d=mm&r=g","caption":"Farm. Anca si Adrian Ienin"},"description":"Anca si Adrian Ienin, farmacisti naturopati si fondatori ai conceptului Minunea Naturii. Au transformat pasiunea pentru alimentatie, stil de viata sanatos si tratamente naturale intr-un concept dedicat sanatatii depline. Scriu articole documentate de ultimele studii in domeniu si din experienta directa cu pacientii. Cred in exemplul propriu si integritate, astfel informatia furnizata este credibila si autentica. Farm. Anca \u0219i Adrian Ienin sunt co-fondatorii conceptului Minunea Naturii \u0219i promotori ai unei viziuni integrative asupra s\u0103n\u0103t\u0103\u021bii, \u00een care \u0219tiin\u021ba modern\u0103 se \u00eent\u00e2lne\u0219te cu \u00een\u021belepciunea tradi\u021bional\u0103. Cu o experien\u021b\u0103 de peste un deceniu \u00een domeniul terapiilor naturale, nutri\u021biei func\u021bionale \u0219i suplimentelor de calitate, cei doi autori ofer\u0103 informa\u021bii valoroase, bine documentate \u0219i orientate spre rezultate reale \u00een echilibrarea organismului. Prin articolele \u0219i proiectele lor educa\u021bionale, Anca \u0219i Adrian \u00eencurajeaz\u0103 oamenii s\u0103 \u00ee\u0219i asume responsabilitatea pentru propria s\u0103n\u0103tate, s\u0103 \u00ee\u0219i dezvolte discern\u0103m\u00e2ntul \u00een alegerea produselor naturale \u0219i s\u0103 adopte un stil de via\u021b\u0103 con\u0219tient, \u00een armonie cu ritmurile corpului \u0219i ale naturii. Articolele lor \u00eembin\u0103 rigoarea \u0219tiin\u021bific\u0103 cu empatia practic\u0103, av\u00e2nd la baz\u0103 at\u00e2t cuno\u0219tin\u021be academice, c\u00e2t \u0219i experien\u021b\u0103 direct\u0103 cu mii de clien\u021bi \u0219i pacien\u021bi. Viziunea lor este una clar\u0103: s\u0103n\u0103tatea nu se reduce la absen\u021ba bolii, ci este un proces activ de echilibru fizic, emo\u021bional, mental \u0219i spiritual \u2013 un drum spre vitalitate, autonomie \u0219i sens.","sameAs":["https:\/\/www.minuneanaturii.ro","https:\/\/www.facebook.com\/minuneanaturii\/","https:\/\/www.instagram.com\/minuneanaturii\/","https:\/\/www.linkedin.com\/company\/minunea-naturii","https:\/\/www.youtube.com\/@MinuneaNaturii"],"url":"https:\/\/minuneanaturii.ro\/blog\/author\/ancasiadrianienin"}]}},"jetpack_featured_media_url":"https:\/\/i0.wp.com\/minuneanaturii.ro\/blog\/wp-content\/uploads\/2023\/04\/321.png?fit=1080%2C1080&ssl=1","jetpack_sharing_enabled":true,"_links":{"self":[{"href":"https:\/\/minuneanaturii.ro\/blog\/wp-json\/wp\/v2\/posts\/6245","targetHints":{"allow":["GET"]}}],"collection":[{"href":"https:\/\/minuneanaturii.ro\/blog\/wp-json\/wp\/v2\/posts"}],"about":[{"href":"https:\/\/minuneanaturii.ro\/blog\/wp-json\/wp\/v2\/types\/post"}],"author":[{"embeddable":true,"href":"https:\/\/minuneanaturii.ro\/blog\/wp-json\/wp\/v2\/users\/101011"}],"replies":[{"embeddable":true,"href":"https:\/\/minuneanaturii.ro\/blog\/wp-json\/wp\/v2\/comments?post=6245"}],"version-history":[{"count":1,"href":"https:\/\/minuneanaturii.ro\/blog\/wp-json\/wp\/v2\/posts\/6245\/revisions"}],"predecessor-version":[{"id":6246,"href":"https:\/\/minuneanaturii.ro\/blog\/wp-json\/wp\/v2\/posts\/6245\/revisions\/6246"}],"wp:featuredmedia":[{"embeddable":true,"href":"https:\/\/minuneanaturii.ro\/blog\/wp-json\/wp\/v2\/media\/6239"}],"wp:attachment":[{"href":"https:\/\/minuneanaturii.ro\/blog\/wp-json\/wp\/v2\/media?parent=6245"}],"wp:term":[{"taxonomy":"category","embeddable":true,"href":"https:\/\/minuneanaturii.ro\/blog\/wp-json\/wp\/v2\/categories?post=6245"},{"taxonomy":"post_tag","embeddable":true,"href":"https:\/\/minuneanaturii.ro\/blog\/wp-json\/wp\/v2\/tags?post=6245"}],"curies":[{"name":"wp","href":"https:\/\/api.w.org\/{rel}","templated":true}]}}