{"id":6071,"date":"2023-02-09T06:34:10","date_gmt":"2023-02-09T04:34:10","guid":{"rendered":"https:\/\/minuneanaturii.ro\/blog\/?p=6071"},"modified":"2024-07-12T16:35:10","modified_gmt":"2024-07-12T14:35:10","slug":"ne-ridicam-nu-ne-coboram-la-nivelul-copiilor-legitatea-269","status":"publish","type":"post","link":"https:\/\/minuneanaturii.ro\/blog\/ne-ridicam-nu-ne-coboram-la-nivelul-copiilor-legitatea-269","title":{"rendered":"Ne ridic\u0103m, nu ne cobor\u00e2m la nivelul copiilor (Legitatea #269)"},"content":{"rendered":"<p><span class=\" author-d-1gg9uz65z1iz85zgdz68zmqkz84zo2qovw8oz81zyz80zz84z3d9ez83zz72zz87zyz65z8cz85zh6gz72zz86z1z69z2z122zz83ziz89z\">Dac\u0103 \u00ee\u021bi dore\u0219ti s\u0103 fii un observator fin, vei observa un fenomen foarte interesant: copiii declan\u0219eaz\u0103 p\u0103rin\u021bilor cele mai puternice emo\u021bii, at\u00e2t de bucurie, c\u00e2t \u0219i de iritare sau nervozitate.<\/span><\/p>\n<p><span class=\" author-d-1gg9uz65z1iz85zgdz68zmqkz84zo2qovw8oz81zyz80zz84z3d9ez83zz72zz87zyz65z8cz85zh6gz72zz86z1z69z2z122zz83ziz89z\">Ei au capacitatea de a ap\u0103sa exact acele<\/span> <span class=\" author-d-1gg9uz65z1iz85zgdz68zmqkz84zo2qovw8oz81zyz80zz84z3d9ez83zz72zz87zyz65z8cz85zh6gz72zz86z1z69z2z122zz83ziz89z h-bdquo\">\u201ebutoane&#8221;<\/span><span class=\" author-d-1gg9uz65z1iz85zgdz68zmqkz84zo2qovw8oz81zyz80zz84z3d9ez83zz72zz87zyz65z8cz85zh6gz72zz86z1z69z2z122zz83ziz89z\"> ale p\u0103rin\u021bilor care le sunt problematice, determin\u00e2ndu-i clar s\u0103 ias\u0103 din zona de confort, vor nu vor!<\/span><\/p>\n<p><span class=\" author-d-1gg9uz65z1iz85zgdz68zmqkz84zo2qovw8oz81zyz80zz84z3d9ez83zz72zz87zyz65z8cz85zh6gz72zz86z1z69z2z122zz83ziz89z\">Copiii no\u0219tri sunt mae\u0219trii, nu discipoli! Copiii sunt mae\u0219tri care au venit s\u0103 ne des\u0103v\u00e2r\u0219easc\u0103 \u0219i s\u0103 apese \u00een noi acei declan\u0219atori care scot la iveal\u0103 tipare comportamentale vechi, dob\u00e2ndite sau preluate de la genera\u021biile anterioare \u0219i de care ar fi bine s\u0103 ne descotorosim, dac\u0103 ne dorim s\u0103 evolu\u0103m.<\/span><\/p>\n<p><span class=\" author-d-1gg9uz65z1iz85zgdz68zmqkz84zo2qovw8oz81zyz80zz84z3d9ez83zz72zz87zyz65z8cz85zh6gz72zz86z1z69z2z122zz83ziz89z\">Ei sunt veni\u021bi s\u0103 ne \u00eenve\u021be arta vie\u021bii, a echilibrului de sine, a des\u0103v\u00e2r\u0219irii \u0219i a evolu\u021biei.<\/span><\/p>\n<p><span class=\" author-d-1gg9uz65z1iz85zgdz68zmqkz84zo2qovw8oz81zyz80zz84z3d9ez83zz72zz87zyz65z8cz85zh6gz72zz86z1z69z2z122zz83ziz89z\">Nu-i critica, nu ei sunt cauza, ci cauza este \u00een tine! <strong>Ei doar apas\u0103 butonul s\u0103 vad\u0103 ce se \u00eent\u00e2mpl\u0103<\/strong>! :)<\/span><\/p>\n<p><span class=\" author-d-1gg9uz65z1iz85zgdz68zmqkz84zo2qovw8oz81zyz80zz84z3d9ez83zz72zz87zyz65z8cz85zh6gz72zz86z1z69z2z122zz83ziz89z\">Toate genera\u021biile au criticat noile genera\u021bii din diverse motive:<\/span> <span class=\" author-d-1gg9uz65z1iz85zgdz68zmqkz84zo2qovw8oz81zyz80zz84z3d9ez83zz72zz87zyz65z8cz85zh6gz72zz86z1z69z2z122zz83ziz89z h-bdquo\">\u201eVa<\/span><span class=\" author-d-1gg9uz65z1iz85zgdz68zmqkz84zo2qovw8oz81zyz80zz84z3d9ez83zz72zz87zyz65z8cz85zh6gz72zz86z1z69z2z122zz83ziz89z\"> fi vai \u0219i amar de ei!&#8221; \u0219i de fiecare data genera\u021bia viitoare ducea la un progres fantastic.<\/span><\/p>\n<p><span class=\" author-d-1gg9uz65z1iz85zgdz68zmqkz84zo2qovw8oz81zyz80zz84z3d9ez83zz72zz87zyz65z8cz85zh6gz72zz86z1z69z2z122zz83ziz89z\">\u0218i mai este ceva: copiii nu \u00ee\u0219i ascult\u0103 p\u0103rin\u021bii pentru c\u0103 nu vor s\u0103 cedeze \u00een fa\u021ba autorit\u0103\u021bii lor! \u2026reflecteaz\u0103 la asta!<\/span><\/p>\n<p><span class=\" author-d-1gg9uz65z1iz85zgdz68zmqkz84zo2qovw8oz81zyz80zz84z3d9ez83zz72zz87zyz65z8cz85zh6gz72zz86z1z69z2z122zz83ziz89z\">A\u0219adar, dat\u0103 viitoare c\u00e2nd copilul te<\/span> <span class=\" author-d-1gg9uz65z1iz85zgdz68zmqkz84zo2qovw8oz81zyz80zz84z3d9ez83zz72zz87zyz65z8cz85zh6gz72zz86z1z69z2z122zz83ziz89z h-bdquo\">\u201eenerveaz\u0103&#8221;<\/span><span class=\" author-d-1gg9uz65z1iz85zgdz68zmqkz84zo2qovw8oz81zyz80zz84z3d9ez83zz72zz87zyz65z8cz85zh6gz72zz86z1z69z2z122zz83ziz89z\"> fii mai bine atent(\u0103) la reac\u021bia ta, nu la declan\u0219atorul lui! E nevoie s\u0103 te ridici, nu s\u0103 te cobori la nivelului lui :).<\/span><\/p>\n<p>&nbsp;<\/p>\n<p><span class=\" author-d-1gg9uz65z1iz85zgdz68zmqkz84zo2qovw8oz81zyz80zz84z3d9ez83zz72zz87zyz65z8cz85zh6gz72zz86z1z69z2z122zz83ziz89z\"><i>Bucuro\u0219i s\u0103 te \u0219tim s\u0103n\u0103tos,<\/i><\/span><\/p>\n<p><span class=\"ace-all-bold-hthree\"><span class=\" author-d-1gg9uz65z1iz85zgdz68zmqkz84zo2qovw8oz81zyz80zz84z3d9ez83zz72zz87zyz65z8cz85zh6gz72zz86z1z69z2z122zz83ziz89z\"><b><i>Farm. Anca \u0219i Adrian Ienin<\/i><\/b><\/span><\/span><\/p>\n<p>&nbsp;<\/p>\n<p><span class=\" author-d-1gg9uz65z1iz85zgdz68zmqkz84zo2qovw8oz81zyz80zz84z3d9ez83zz72zz87zyz65z8cz85zh6gz72zz86z1z69z2z122zz83ziz89z\">P.S. \u00cen legitatea urm\u0103toare, despre un viciu\u2026<\/span><\/p>\n","protected":false},"excerpt":{"rendered":"<p>Dac\u0103 \u00ee\u021bi dore\u0219ti s\u0103 fii un observator fin, vei observa un fenomen foarte interesant: copiii declan\u0219eaz\u0103 p\u0103rin\u021bilor cele mai puternice emo\u021bii, at\u00e2t de bucurie, c\u00e2t \u0219i de iritare sau nervozitate. Ei au capacitatea de a ap\u0103sa exact acele \u201ebutoane&#8221; ale p\u0103rin\u021bilor care le sunt problematice, determin\u00e2ndu-i clar s\u0103 ias\u0103 din zona de confort, vor nu &#8230;<\/p>\n","protected":false},"author":101011,"featured_media":6062,"comment_status":"open","ping_status":"closed","sticky":false,"template":"","format":"standard","meta":{"_jetpack_memberships_contains_paid_content":false,"footnotes":""},"categories":[2341,5],"tags":[],"class_list":["post-6071","post","type-post","status-publish","format-standard","has-post-thumbnail","hentry","category-legitati","category-sfaturi-utile-tips-and-tricks"],"yoast_head":"<!-- This site is optimized with the Yoast SEO plugin v28.2 - https:\/\/yoast.com\/product\/yoast-seo-wordpress\/ -->\n<title>Ne ridic\u0103m, nu ne cobor\u00e2m la nivelul copiilor (Legitatea #269) - minuneanaturii.ro<\/title>\n<meta name=\"robots\" content=\"index, follow, max-snippet:-1, max-image-preview:large, max-video-preview:-1\" \/>\n<meta property=\"og:locale\" content=\"ro_RO\" \/>\n<meta property=\"og:type\" content=\"article\" \/>\n<meta property=\"og:title\" content=\"Ne ridic\u0103m, nu ne cobor\u00e2m la nivelul copiilor (Legitatea #269) - Blogul Minunea Naturii\" \/>\n<meta property=\"og:description\" content=\"Dac\u0103 \u00ee\u021bi dore\u0219ti s\u0103 fii un observator fin, vei observa un fenomen foarte interesant: copiii declan\u0219eaz\u0103 p\u0103rin\u021bilor cele mai puternice emo\u021bii, at\u00e2t de bucurie, c\u00e2t \u0219i de iritar\u2026\" \/>\n<meta property=\"og:url\" content=\"https:\/\/minuneanaturii.ro\/blog\/ne-ridicam-nu-ne-coboram-la-nivelul-copiilor-legitatea-269\" \/>\n<meta property=\"og:site_name\" content=\"Blogul Minunea Naturii\" \/>\n<meta property=\"article:author\" content=\"https:\/\/www.facebook.com\/minuneanaturii\/\" \/>\n<meta property=\"article:published_time\" content=\"2023-02-09T04:34:10+00:00\" \/>\n<meta property=\"article:modified_time\" content=\"2024-07-12T14:35:10+00:00\" \/>\n<meta property=\"og:image\" content=\"https:\/\/minuneanaturii.ro\/blog\/wp-content\/uploads\/2023\/02\/269.jpeg\" \/>\n\t<meta property=\"og:image:width\" content=\"1080\" \/>\n\t<meta property=\"og:image:height\" content=\"1080\" \/>\n\t<meta property=\"og:image:type\" content=\"image\/jpeg\" \/>\n<meta name=\"author\" content=\"Farm. Anca si Adrian Ienin\" \/>\n<meta name=\"twitter:card\" content=\"summary_large_image\" \/>\n<meta name=\"twitter:label1\" content=\"Scris de\" \/>\n\t<meta name=\"twitter:data1\" content=\"Farm. Anca si Adrian Ienin\" \/>\n\t<meta name=\"twitter:label2\" content=\"Timp estimat pentru citire\" \/>\n\t<meta name=\"twitter:data2\" content=\"1 minut\" \/>\n<script type=\"application\/ld+json\" class=\"yoast-schema-graph\">{\"@context\":\"https:\\\/\\\/schema.org\",\"@graph\":[{\"@type\":\"Article\",\"@id\":\"https:\\\/\\\/minuneanaturii.ro\\\/blog\\\/ne-ridicam-nu-ne-coboram-la-nivelul-copiilor-legitatea-269#article\",\"isPartOf\":{\"@id\":\"https:\\\/\\\/minuneanaturii.ro\\\/blog\\\/ne-ridicam-nu-ne-coboram-la-nivelul-copiilor-legitatea-269\"},\"author\":{\"name\":\"Farm. Anca si Adrian Ienin\",\"@id\":\"https:\\\/\\\/minuneanaturii.ro\\\/blog\\\/#\\\/schema\\\/person\\\/f2d61b0d1b99f774c2026e5355657712\"},\"headline\":\"Ne ridic\u0103m, nu ne cobor\u00e2m la nivelul copiilor (Legitatea #269)\",\"datePublished\":\"2023-02-09T04:34:10+00:00\",\"dateModified\":\"2024-07-12T14:35:10+00:00\",\"mainEntityOfPage\":{\"@id\":\"https:\\\/\\\/minuneanaturii.ro\\\/blog\\\/ne-ridicam-nu-ne-coboram-la-nivelul-copiilor-legitatea-269\"},\"wordCount\":297,\"commentCount\":1,\"image\":{\"@id\":\"https:\\\/\\\/minuneanaturii.ro\\\/blog\\\/ne-ridicam-nu-ne-coboram-la-nivelul-copiilor-legitatea-269#primaryimage\"},\"thumbnailUrl\":\"https:\\\/\\\/i0.wp.com\\\/minuneanaturii.ro\\\/blog\\\/wp-content\\\/uploads\\\/2023\\\/02\\\/269.jpeg?fit=1080%2C1080&ssl=1\",\"articleSection\":[\"Legitati\",\"Sfaturi utile - Tips and Tricks\"],\"inLanguage\":\"ro-RO\",\"potentialAction\":[{\"@type\":\"CommentAction\",\"name\":\"Comment\",\"target\":[\"https:\\\/\\\/minuneanaturii.ro\\\/blog\\\/ne-ridicam-nu-ne-coboram-la-nivelul-copiilor-legitatea-269#respond\"]}]},{\"@type\":\"WebPage\",\"@id\":\"https:\\\/\\\/minuneanaturii.ro\\\/blog\\\/ne-ridicam-nu-ne-coboram-la-nivelul-copiilor-legitatea-269\",\"url\":\"https:\\\/\\\/minuneanaturii.ro\\\/blog\\\/ne-ridicam-nu-ne-coboram-la-nivelul-copiilor-legitatea-269\",\"name\":\"Ne ridic\u0103m, nu ne cobor\u00e2m la nivelul copiilor (Legitatea #269) - Blogul Minunea Naturii\",\"isPartOf\":{\"@id\":\"https:\\\/\\\/minuneanaturii.ro\\\/blog\\\/#website\"},\"primaryImageOfPage\":{\"@id\":\"https:\\\/\\\/minuneanaturii.ro\\\/blog\\\/ne-ridicam-nu-ne-coboram-la-nivelul-copiilor-legitatea-269#primaryimage\"},\"image\":{\"@id\":\"https:\\\/\\\/minuneanaturii.ro\\\/blog\\\/ne-ridicam-nu-ne-coboram-la-nivelul-copiilor-legitatea-269#primaryimage\"},\"thumbnailUrl\":\"https:\\\/\\\/i0.wp.com\\\/minuneanaturii.ro\\\/blog\\\/wp-content\\\/uploads\\\/2023\\\/02\\\/269.jpeg?fit=1080%2C1080&ssl=1\",\"datePublished\":\"2023-02-09T04:34:10+00:00\",\"dateModified\":\"2024-07-12T14:35:10+00:00\",\"author\":{\"@id\":\"https:\\\/\\\/minuneanaturii.ro\\\/blog\\\/#\\\/schema\\\/person\\\/f2d61b0d1b99f774c2026e5355657712\"},\"breadcrumb\":{\"@id\":\"https:\\\/\\\/minuneanaturii.ro\\\/blog\\\/ne-ridicam-nu-ne-coboram-la-nivelul-copiilor-legitatea-269#breadcrumb\"},\"inLanguage\":\"ro-RO\",\"potentialAction\":[{\"@type\":\"ReadAction\",\"target\":[\"https:\\\/\\\/minuneanaturii.ro\\\/blog\\\/ne-ridicam-nu-ne-coboram-la-nivelul-copiilor-legitatea-269\"]}]},{\"@type\":\"ImageObject\",\"inLanguage\":\"ro-RO\",\"@id\":\"https:\\\/\\\/minuneanaturii.ro\\\/blog\\\/ne-ridicam-nu-ne-coboram-la-nivelul-copiilor-legitatea-269#primaryimage\",\"url\":\"https:\\\/\\\/i0.wp.com\\\/minuneanaturii.ro\\\/blog\\\/wp-content\\\/uploads\\\/2023\\\/02\\\/269.jpeg?fit=1080%2C1080&ssl=1\",\"contentUrl\":\"https:\\\/\\\/i0.wp.com\\\/minuneanaturii.ro\\\/blog\\\/wp-content\\\/uploads\\\/2023\\\/02\\\/269.jpeg?fit=1080%2C1080&ssl=1\",\"width\":1080,\"height\":1080,\"caption\":\"Ne ridic\u0103m, nu ne cobor\u00e2m la nivelul copiilor (Legitatea #269)\"},{\"@type\":\"BreadcrumbList\",\"@id\":\"https:\\\/\\\/minuneanaturii.ro\\\/blog\\\/ne-ridicam-nu-ne-coboram-la-nivelul-copiilor-legitatea-269#breadcrumb\",\"itemListElement\":[{\"@type\":\"ListItem\",\"position\":1,\"name\":\"Prima pagin\u0103\",\"item\":\"https:\\\/\\\/minuneanaturii.ro\\\/blog\\\/\"},{\"@type\":\"ListItem\",\"position\":2,\"name\":\"Ne ridic\u0103m, nu ne cobor\u00e2m la nivelul copiilor (Legitatea #269)\"}]},{\"@type\":\"WebSite\",\"@id\":\"https:\\\/\\\/minuneanaturii.ro\\\/blog\\\/#website\",\"url\":\"https:\\\/\\\/minuneanaturii.ro\\\/blog\\\/\",\"name\":\"Blogul Minunea Naturii\",\"description\":\"informatii utile despre sanatate, alimentatie si tratemnte holistice\",\"potentialAction\":[{\"@type\":\"SearchAction\",\"target\":{\"@type\":\"EntryPoint\",\"urlTemplate\":\"https:\\\/\\\/minuneanaturii.ro\\\/blog\\\/?s={search_term_string}\"},\"query-input\":{\"@type\":\"PropertyValueSpecification\",\"valueRequired\":true,\"valueName\":\"search_term_string\"}}],\"inLanguage\":\"ro-RO\"},{\"@type\":\"Person\",\"@id\":\"https:\\\/\\\/minuneanaturii.ro\\\/blog\\\/#\\\/schema\\\/person\\\/f2d61b0d1b99f774c2026e5355657712\",\"name\":\"Farm. Anca si Adrian Ienin\",\"image\":{\"@type\":\"ImageObject\",\"inLanguage\":\"ro-RO\",\"@id\":\"https:\\\/\\\/secure.gravatar.com\\\/avatar\\\/ad4ecb84085c66eae03365f7a2f872d8fee2056710d75b48754261be4b5f8abd?s=96&d=mm&r=g\",\"url\":\"https:\\\/\\\/secure.gravatar.com\\\/avatar\\\/ad4ecb84085c66eae03365f7a2f872d8fee2056710d75b48754261be4b5f8abd?s=96&d=mm&r=g\",\"contentUrl\":\"https:\\\/\\\/secure.gravatar.com\\\/avatar\\\/ad4ecb84085c66eae03365f7a2f872d8fee2056710d75b48754261be4b5f8abd?s=96&d=mm&r=g\",\"caption\":\"Farm. Anca si Adrian Ienin\"},\"description\":\"Anca si Adrian Ienin, farmacisti naturopati si fondatori ai conceptului Minunea Naturii. Au transformat pasiunea pentru alimentatie, stil de viata sanatos si tratamente naturale intr-un concept dedicat sanatatii depline. Scriu articole documentate de ultimele studii in domeniu si din experienta directa cu pacientii. Cred in exemplul propriu si integritate, astfel informatia furnizata este credibila si autentica. Farm. Anca \u0219i Adrian Ienin sunt co-fondatorii conceptului Minunea Naturii \u0219i promotori ai unei viziuni integrative asupra s\u0103n\u0103t\u0103\u021bii, \u00een care \u0219tiin\u021ba modern\u0103 se \u00eent\u00e2lne\u0219te cu \u00een\u021belepciunea tradi\u021bional\u0103. Cu o experien\u021b\u0103 de peste un deceniu \u00een domeniul terapiilor naturale, nutri\u021biei func\u021bionale \u0219i suplimentelor de calitate, cei doi autori ofer\u0103 informa\u021bii valoroase, bine documentate \u0219i orientate spre rezultate reale \u00een echilibrarea organismului. Prin articolele \u0219i proiectele lor educa\u021bionale, Anca \u0219i Adrian \u00eencurajeaz\u0103 oamenii s\u0103 \u00ee\u0219i asume responsabilitatea pentru propria s\u0103n\u0103tate, s\u0103 \u00ee\u0219i dezvolte discern\u0103m\u00e2ntul \u00een alegerea produselor naturale \u0219i s\u0103 adopte un stil de via\u021b\u0103 con\u0219tient, \u00een armonie cu ritmurile corpului \u0219i ale naturii. Articolele lor \u00eembin\u0103 rigoarea \u0219tiin\u021bific\u0103 cu empatia practic\u0103, av\u00e2nd la baz\u0103 at\u00e2t cuno\u0219tin\u021be academice, c\u00e2t \u0219i experien\u021b\u0103 direct\u0103 cu mii de clien\u021bi \u0219i pacien\u021bi. Viziunea lor este una clar\u0103: s\u0103n\u0103tatea nu se reduce la absen\u021ba bolii, ci este un proces activ de echilibru fizic, emo\u021bional, mental \u0219i spiritual \u2013 un drum spre vitalitate, autonomie \u0219i sens.\",\"sameAs\":[\"https:\\\/\\\/www.minuneanaturii.ro\",\"https:\\\/\\\/www.facebook.com\\\/minuneanaturii\\\/\",\"https:\\\/\\\/www.instagram.com\\\/minuneanaturii\\\/\",\"https:\\\/\\\/www.linkedin.com\\\/company\\\/minunea-naturii\",\"https:\\\/\\\/www.youtube.com\\\/@MinuneaNaturii\"],\"url\":\"https:\\\/\\\/minuneanaturii.ro\\\/blog\\\/author\\\/ancasiadrianienin\"}]}<\/script>\n<!-- \/ Yoast SEO plugin. -->","yoast_head_json":{"title":"Ne ridic\u0103m, nu ne cobor\u00e2m la nivelul copiilor (Legitatea #269) - minuneanaturii.ro","robots":{"index":"index","follow":"follow","max-snippet":"max-snippet:-1","max-image-preview":"max-image-preview:large","max-video-preview":"max-video-preview:-1"},"og_locale":"ro_RO","og_type":"article","og_title":"Ne ridic\u0103m, nu ne cobor\u00e2m la nivelul copiilor (Legitatea #269) - Blogul Minunea Naturii","og_description":"Dac\u0103 \u00ee\u021bi dore\u0219ti s\u0103 fii un observator fin, vei observa un fenomen foarte interesant: copiii declan\u0219eaz\u0103 p\u0103rin\u021bilor cele mai puternice emo\u021bii, at\u00e2t de bucurie, c\u00e2t \u0219i de iritar\u2026","og_url":"https:\/\/minuneanaturii.ro\/blog\/ne-ridicam-nu-ne-coboram-la-nivelul-copiilor-legitatea-269","og_site_name":"Blogul Minunea Naturii","article_author":"https:\/\/www.facebook.com\/minuneanaturii\/","article_published_time":"2023-02-09T04:34:10+00:00","article_modified_time":"2024-07-12T14:35:10+00:00","og_image":[{"width":1080,"height":1080,"url":"https:\/\/minuneanaturii.ro\/blog\/wp-content\/uploads\/2023\/02\/269.jpeg","type":"image\/jpeg"}],"author":"Farm. Anca si Adrian Ienin","twitter_card":"summary_large_image","twitter_misc":{"Scris de":"Farm. Anca si Adrian Ienin","Timp estimat pentru citire":"1 minut"},"schema":{"@context":"https:\/\/schema.org","@graph":[{"@type":"Article","@id":"https:\/\/minuneanaturii.ro\/blog\/ne-ridicam-nu-ne-coboram-la-nivelul-copiilor-legitatea-269#article","isPartOf":{"@id":"https:\/\/minuneanaturii.ro\/blog\/ne-ridicam-nu-ne-coboram-la-nivelul-copiilor-legitatea-269"},"author":{"name":"Farm. Anca si Adrian Ienin","@id":"https:\/\/minuneanaturii.ro\/blog\/#\/schema\/person\/f2d61b0d1b99f774c2026e5355657712"},"headline":"Ne ridic\u0103m, nu ne cobor\u00e2m la nivelul copiilor (Legitatea #269)","datePublished":"2023-02-09T04:34:10+00:00","dateModified":"2024-07-12T14:35:10+00:00","mainEntityOfPage":{"@id":"https:\/\/minuneanaturii.ro\/blog\/ne-ridicam-nu-ne-coboram-la-nivelul-copiilor-legitatea-269"},"wordCount":297,"commentCount":1,"image":{"@id":"https:\/\/minuneanaturii.ro\/blog\/ne-ridicam-nu-ne-coboram-la-nivelul-copiilor-legitatea-269#primaryimage"},"thumbnailUrl":"https:\/\/i0.wp.com\/minuneanaturii.ro\/blog\/wp-content\/uploads\/2023\/02\/269.jpeg?fit=1080%2C1080&ssl=1","articleSection":["Legitati","Sfaturi utile - Tips and Tricks"],"inLanguage":"ro-RO","potentialAction":[{"@type":"CommentAction","name":"Comment","target":["https:\/\/minuneanaturii.ro\/blog\/ne-ridicam-nu-ne-coboram-la-nivelul-copiilor-legitatea-269#respond"]}]},{"@type":"WebPage","@id":"https:\/\/minuneanaturii.ro\/blog\/ne-ridicam-nu-ne-coboram-la-nivelul-copiilor-legitatea-269","url":"https:\/\/minuneanaturii.ro\/blog\/ne-ridicam-nu-ne-coboram-la-nivelul-copiilor-legitatea-269","name":"Ne ridic\u0103m, nu ne cobor\u00e2m la nivelul copiilor (Legitatea #269) - Blogul Minunea Naturii","isPartOf":{"@id":"https:\/\/minuneanaturii.ro\/blog\/#website"},"primaryImageOfPage":{"@id":"https:\/\/minuneanaturii.ro\/blog\/ne-ridicam-nu-ne-coboram-la-nivelul-copiilor-legitatea-269#primaryimage"},"image":{"@id":"https:\/\/minuneanaturii.ro\/blog\/ne-ridicam-nu-ne-coboram-la-nivelul-copiilor-legitatea-269#primaryimage"},"thumbnailUrl":"https:\/\/i0.wp.com\/minuneanaturii.ro\/blog\/wp-content\/uploads\/2023\/02\/269.jpeg?fit=1080%2C1080&ssl=1","datePublished":"2023-02-09T04:34:10+00:00","dateModified":"2024-07-12T14:35:10+00:00","author":{"@id":"https:\/\/minuneanaturii.ro\/blog\/#\/schema\/person\/f2d61b0d1b99f774c2026e5355657712"},"breadcrumb":{"@id":"https:\/\/minuneanaturii.ro\/blog\/ne-ridicam-nu-ne-coboram-la-nivelul-copiilor-legitatea-269#breadcrumb"},"inLanguage":"ro-RO","potentialAction":[{"@type":"ReadAction","target":["https:\/\/minuneanaturii.ro\/blog\/ne-ridicam-nu-ne-coboram-la-nivelul-copiilor-legitatea-269"]}]},{"@type":"ImageObject","inLanguage":"ro-RO","@id":"https:\/\/minuneanaturii.ro\/blog\/ne-ridicam-nu-ne-coboram-la-nivelul-copiilor-legitatea-269#primaryimage","url":"https:\/\/i0.wp.com\/minuneanaturii.ro\/blog\/wp-content\/uploads\/2023\/02\/269.jpeg?fit=1080%2C1080&ssl=1","contentUrl":"https:\/\/i0.wp.com\/minuneanaturii.ro\/blog\/wp-content\/uploads\/2023\/02\/269.jpeg?fit=1080%2C1080&ssl=1","width":1080,"height":1080,"caption":"Ne ridic\u0103m, nu ne cobor\u00e2m la nivelul copiilor (Legitatea #269)"},{"@type":"BreadcrumbList","@id":"https:\/\/minuneanaturii.ro\/blog\/ne-ridicam-nu-ne-coboram-la-nivelul-copiilor-legitatea-269#breadcrumb","itemListElement":[{"@type":"ListItem","position":1,"name":"Prima pagin\u0103","item":"https:\/\/minuneanaturii.ro\/blog\/"},{"@type":"ListItem","position":2,"name":"Ne ridic\u0103m, nu ne cobor\u00e2m la nivelul copiilor (Legitatea #269)"}]},{"@type":"WebSite","@id":"https:\/\/minuneanaturii.ro\/blog\/#website","url":"https:\/\/minuneanaturii.ro\/blog\/","name":"Blogul Minunea Naturii","description":"informatii utile despre sanatate, alimentatie si tratemnte holistice","potentialAction":[{"@type":"SearchAction","target":{"@type":"EntryPoint","urlTemplate":"https:\/\/minuneanaturii.ro\/blog\/?s={search_term_string}"},"query-input":{"@type":"PropertyValueSpecification","valueRequired":true,"valueName":"search_term_string"}}],"inLanguage":"ro-RO"},{"@type":"Person","@id":"https:\/\/minuneanaturii.ro\/blog\/#\/schema\/person\/f2d61b0d1b99f774c2026e5355657712","name":"Farm. Anca si Adrian Ienin","image":{"@type":"ImageObject","inLanguage":"ro-RO","@id":"https:\/\/secure.gravatar.com\/avatar\/ad4ecb84085c66eae03365f7a2f872d8fee2056710d75b48754261be4b5f8abd?s=96&d=mm&r=g","url":"https:\/\/secure.gravatar.com\/avatar\/ad4ecb84085c66eae03365f7a2f872d8fee2056710d75b48754261be4b5f8abd?s=96&d=mm&r=g","contentUrl":"https:\/\/secure.gravatar.com\/avatar\/ad4ecb84085c66eae03365f7a2f872d8fee2056710d75b48754261be4b5f8abd?s=96&d=mm&r=g","caption":"Farm. Anca si Adrian Ienin"},"description":"Anca si Adrian Ienin, farmacisti naturopati si fondatori ai conceptului Minunea Naturii. Au transformat pasiunea pentru alimentatie, stil de viata sanatos si tratamente naturale intr-un concept dedicat sanatatii depline. Scriu articole documentate de ultimele studii in domeniu si din experienta directa cu pacientii. Cred in exemplul propriu si integritate, astfel informatia furnizata este credibila si autentica. Farm. Anca \u0219i Adrian Ienin sunt co-fondatorii conceptului Minunea Naturii \u0219i promotori ai unei viziuni integrative asupra s\u0103n\u0103t\u0103\u021bii, \u00een care \u0219tiin\u021ba modern\u0103 se \u00eent\u00e2lne\u0219te cu \u00een\u021belepciunea tradi\u021bional\u0103. Cu o experien\u021b\u0103 de peste un deceniu \u00een domeniul terapiilor naturale, nutri\u021biei func\u021bionale \u0219i suplimentelor de calitate, cei doi autori ofer\u0103 informa\u021bii valoroase, bine documentate \u0219i orientate spre rezultate reale \u00een echilibrarea organismului. Prin articolele \u0219i proiectele lor educa\u021bionale, Anca \u0219i Adrian \u00eencurajeaz\u0103 oamenii s\u0103 \u00ee\u0219i asume responsabilitatea pentru propria s\u0103n\u0103tate, s\u0103 \u00ee\u0219i dezvolte discern\u0103m\u00e2ntul \u00een alegerea produselor naturale \u0219i s\u0103 adopte un stil de via\u021b\u0103 con\u0219tient, \u00een armonie cu ritmurile corpului \u0219i ale naturii. Articolele lor \u00eembin\u0103 rigoarea \u0219tiin\u021bific\u0103 cu empatia practic\u0103, av\u00e2nd la baz\u0103 at\u00e2t cuno\u0219tin\u021be academice, c\u00e2t \u0219i experien\u021b\u0103 direct\u0103 cu mii de clien\u021bi \u0219i pacien\u021bi. Viziunea lor este una clar\u0103: s\u0103n\u0103tatea nu se reduce la absen\u021ba bolii, ci este un proces activ de echilibru fizic, emo\u021bional, mental \u0219i spiritual \u2013 un drum spre vitalitate, autonomie \u0219i sens.","sameAs":["https:\/\/www.minuneanaturii.ro","https:\/\/www.facebook.com\/minuneanaturii\/","https:\/\/www.instagram.com\/minuneanaturii\/","https:\/\/www.linkedin.com\/company\/minunea-naturii","https:\/\/www.youtube.com\/@MinuneaNaturii"],"url":"https:\/\/minuneanaturii.ro\/blog\/author\/ancasiadrianienin"}]}},"jetpack_featured_media_url":"https:\/\/i0.wp.com\/minuneanaturii.ro\/blog\/wp-content\/uploads\/2023\/02\/269.jpeg?fit=1080%2C1080&ssl=1","jetpack_sharing_enabled":true,"_links":{"self":[{"href":"https:\/\/minuneanaturii.ro\/blog\/wp-json\/wp\/v2\/posts\/6071","targetHints":{"allow":["GET"]}}],"collection":[{"href":"https:\/\/minuneanaturii.ro\/blog\/wp-json\/wp\/v2\/posts"}],"about":[{"href":"https:\/\/minuneanaturii.ro\/blog\/wp-json\/wp\/v2\/types\/post"}],"author":[{"embeddable":true,"href":"https:\/\/minuneanaturii.ro\/blog\/wp-json\/wp\/v2\/users\/101011"}],"replies":[{"embeddable":true,"href":"https:\/\/minuneanaturii.ro\/blog\/wp-json\/wp\/v2\/comments?post=6071"}],"version-history":[{"count":1,"href":"https:\/\/minuneanaturii.ro\/blog\/wp-json\/wp\/v2\/posts\/6071\/revisions"}],"predecessor-version":[{"id":6072,"href":"https:\/\/minuneanaturii.ro\/blog\/wp-json\/wp\/v2\/posts\/6071\/revisions\/6072"}],"wp:featuredmedia":[{"embeddable":true,"href":"https:\/\/minuneanaturii.ro\/blog\/wp-json\/wp\/v2\/media\/6062"}],"wp:attachment":[{"href":"https:\/\/minuneanaturii.ro\/blog\/wp-json\/wp\/v2\/media?parent=6071"}],"wp:term":[{"taxonomy":"category","embeddable":true,"href":"https:\/\/minuneanaturii.ro\/blog\/wp-json\/wp\/v2\/categories?post=6071"},{"taxonomy":"post_tag","embeddable":true,"href":"https:\/\/minuneanaturii.ro\/blog\/wp-json\/wp\/v2\/tags?post=6071"}],"curies":[{"name":"wp","href":"https:\/\/api.w.org\/{rel}","templated":true}]}}