{"id":5713,"date":"2022-09-06T05:41:51","date_gmt":"2022-09-06T03:41:51","guid":{"rendered":"https:\/\/minuneanaturii.ro\/blog\/?p=5713"},"modified":"2024-10-28T05:36:27","modified_gmt":"2024-10-28T03:36:27","slug":"legitatea-72-de-ce-antialergicele-de-sinteza-nu-sunt-solutia-pe-termen-lung","status":"publish","type":"post","link":"https:\/\/minuneanaturii.ro\/blog\/legitatea-72-de-ce-antialergicele-de-sinteza-nu-sunt-solutia-pe-termen-lung","title":{"rendered":"De ce antialergicele de sintez\u0103 nu sunt solu\u021bia pe termen lung (Legitatea #172)"},"content":{"rendered":"<div id=\"ez-toc-container\" class=\"ez-toc-v2_0_87 ez-toc-wrap-left counter-hierarchy ez-toc-counter ez-toc-white ez-toc-container-direction\">\n<div class=\"ez-toc-title-container\">\n<p class=\"ez-toc-title\" style=\"cursor:inherit\">Continut articol<\/p>\n<span class=\"ez-toc-title-toggle\"><\/span><\/div>\n<nav><ul class='ez-toc-list ez-toc-list-level-1 ' ><li class='ez-toc-page-1 ez-toc-heading-level-2'><a class=\"ez-toc-link ez-toc-heading-1\" href=\"#\" data-href=\"https:\/\/minuneanaturii.ro\/blog\/legitatea-72-de-ce-antialergicele-de-sinteza-nu-sunt-solutia-pe-termen-lung\/#Ce_efecte_poate_avea_administrarea_pe_termen_lung_a_antialergicelor_de_sinteza_antihistaminice\" >Ce efecte poate avea administrarea pe termen lung a antialergicelor de sinteza (antihistaminice)?<\/a><ul class='ez-toc-list-level-3' ><li class='ez-toc-heading-level-3'><a class=\"ez-toc-link ez-toc-heading-2\" href=\"#\" data-href=\"https:\/\/minuneanaturii.ro\/blog\/legitatea-72-de-ce-antialergicele-de-sinteza-nu-sunt-solutia-pe-termen-lung\/#Ce_inseamna_efecte_anticolinergice\" >Ce \u00eenseamn\u0103 efecte anticolinergice?<\/a><\/li><\/ul><\/li><\/ul><\/nav><\/div>\n<p><span class=\" author-d-1gg9uz65z1iz85zgdz68zmqkz84zo2qovw8oz81zyz80zz84z3d9ez83zz72zz87zyz65z8cz85zh6gz72zz86z1z69z2z122zz83ziz89z\">Tot mai multe persoane sufer\u0103 de <a href=\"https:\/\/minuneanaturii.ro\/blog\/alergie-ce-reprezinta-aceasta-problema-care-sunt-semnele-specifice-si-cum-o-poti-tine-sub-control\"><strong>alergii<\/strong><\/a>, fie c\u0103 ele sunt sezoniere, la ambrozia, la praf sau la diverse alimente.\u00a0<\/span><\/p>\n<p><span class=\" author-d-1gg9uz65z1iz85zgdz68zmqkz84zo2qovw8oz81zyz80zz84z3d9ez83zz72zz87zyz65z8cz85zh6gz72zz86z1z69z2z122zz83ziz89z\">Cauza o reprezint\u0103 de fapt o supra-\u00eencarcarea organismului de toxine care reac\u021bioneaz\u0103 ca \u0219i o oal\u0103 sub presiune care explodeaz\u0103. Po\u021bi citi mai multe detalii \u00een acest <\/span><span class=\"attrlink url author-d-1gg9uz65z1iz85zgdz68zmqkz84zo2qovw8oz81zyz80zz84z3d9ez83zz72zz87zyz65z8cz85zh6gz72zz86z1z69z2z122zz83ziz89z\"><a class=\"attrlink\" href=\"https:\/\/minuneanaturii.ro\/blog\/alergia-la-ambrozia-de-ce-apare-si-cum-o-putem-trata-eficient\" target=\"_blank\" rel=\"noreferrer nofollow noopener\" data-target-href=\"https:\/\/minuneanaturii.ro\/blog\/alergia-la-ambrozia-de-ce-apare-si-cum-o-putem-trata-eficient\"><b>articol legat de alergii<\/b><\/a><\/span><span class=\" author-d-1gg9uz65z1iz85zgdz68zmqkz84zo2qovw8oz81zyz80zz84z3d9ez83zz72zz87zyz65z8cz85zh6gz72zz86z1z69z2z122zz83ziz89z\">.<\/span><\/p>\n<h2><span class=\"ez-toc-section\" id=\"Ce_efecte_poate_avea_administrarea_pe_termen_lung_a_antialergicelor_de_sinteza_antihistaminice\"><\/span><strong>Ce efecte poate avea administrarea pe termen lung a antialergicelor de sinteza (antihistaminice)?<\/strong><span class=\"ez-toc-section-end\"><\/span><\/h2>\n<p><span class=\" author-d-1gg9uz65z1iz85zgdz68zmqkz84zo2qovw8oz81zyz80zz84z3d9ez83zz72zz87zyz65z8cz85zh6gz72zz86z1z69z2z122zz83ziz89z\">Abuzul de antialergice, respectiv antihistaminice de sintez\u0103 poate fi legat de declinul cognitiv, de<\/span> <span class=\" author-d-1gg9uz65z1iz85zgdz68zmqkz84zo2qovw8oz81zyz80zz84z3d9ez83zz72zz87zyz65z8cz85zh6gz72zz86z1z69z2z122zz83ziz89z h-bdquo\">\u201ecea\u021ba<\/span><span class=\" author-d-1gg9uz65z1iz85zgdz68zmqkz84zo2qovw8oz81zyz80zz84z3d9ez83zz72zz87zyz65z8cz85zh6gz72zz86z1z69z2z122zz83ziz89z\"> mental\u0103\u201d! <\/span><span class=\" author-d-1gg9uz65z1iz85zgdz68zmqkz84zo2qovw8oz81zyz80zz84z3d9ez83zz72zz87zyz65z8cz85zh6gz72zz86z1z69z2z122zz83ziz89z\"><b>Declinul cognitiv <\/b><\/span><span class=\" author-d-1gg9uz65z1iz85zgdz68zmqkz84zo2qovw8oz81zyz80zz84z3d9ez83zz72zz87zyz65z8cz85zh6gz72zz86z1z69z2z122zz83ziz89z\">reprezint\u0103 o palet\u0103 de modific\u0103ri ale <\/span><span class=\" author-d-1gg9uz65z1iz85zgdz68zmqkz84zo2qovw8oz81zyz80zz84z3d9ez83zz72zz87zyz65z8cz85zh6gz72zz86z1z69z2z122zz83ziz89z\"><b>capacit\u0103\u021bii de memorare <\/b><\/span><span class=\" author-d-1gg9uz65z1iz85zgdz68zmqkz84zo2qovw8oz81zyz80zz84z3d9ez83zz72zz87zyz65z8cz85zh6gz72zz86z1z69z2z122zz83ziz89z\">\u015fi<\/span><span class=\" author-d-1gg9uz65z1iz85zgdz68zmqkz84zo2qovw8oz81zyz80zz84z3d9ez83zz72zz87zyz65z8cz85zh6gz72zz86z1z69z2z122zz83ziz89z\"><b> ra\u021bionament<\/b><\/span><span class=\" author-d-1gg9uz65z1iz85zgdz68zmqkz84zo2qovw8oz81zyz80zz84z3d9ez83zz72zz87zyz65z8cz85zh6gz72zz86z1z69z2z122zz83ziz89z\">, care sf\u00e2r\u0219esc de multe ori cu boala Alzheimer sau <a href=\"https:\/\/minuneanaturii.ro\/blog\/boala-parkinson-cauze-simptome-diagnostic-timpuriu-si-tratament-natural\"><strong>Parkinson<\/strong><\/a>.\u00a0<\/span><\/p>\n<p><span class=\" author-d-1gg9uz65z1iz85zgdz68zmqkz84zo2qovw8oz81zyz80zz84z3d9ez83zz72zz87zyz65z8cz85zh6gz72zz86z1z69z2z122zz83ziz89z\">Antihistaminicele sunt medicamente care func\u021bioneaz\u0103 folosind efecte anticolinergice!<\/span><\/p>\n<h3><span class=\"ez-toc-section\" id=\"Ce_inseamna_efecte_anticolinergice\"><\/span><span class=\" author-d-1gg9uz65z1iz85zgdz68zmqkz84zo2qovw8oz81zyz80zz84z3d9ez83zz72zz87zyz65z8cz85zh6gz72zz86z1z69z2z122zz83ziz89z\">Ce \u00eenseamn\u0103 efecte anticolinergice?<\/span><span class=\"ez-toc-section-end\"><\/span><\/h3>\n<p><span class=\" author-d-1gg9uz65z1iz85zgdz68zmqkz84zo2qovw8oz81zyz80zz84z3d9ez83zz72zz87zyz65z8cz85zh6gz72zz86z1z69z2z122zz83ziz89z\">Aceasta \u00eenseamn\u0103 c\u0103 blocheaz\u0103 activitatea neurotransmi\u021b\u0103torului din creier numit <\/span><span class=\" author-d-1gg9uz65z1iz85zgdz68zmqkz84zo2qovw8oz81zyz80zz84z3d9ez83zz72zz87zyz65z8cz85zh6gz72zz86z1z69z2z122zz83ziz89z\"><b>acetilcolin\u0103<\/b><\/span><span class=\" author-d-1gg9uz65z1iz85zgdz68zmqkz84zo2qovw8oz81zyz80zz84z3d9ez83zz72zz87zyz65z8cz85zh6gz72zz86z1z69z2z122zz83ziz89z\">. Acetilcolina este implicata \u00een memorie, \u00eenvatare, contrac\u021bie muscular\u0103, etc..<\/span><\/p>\n<p><span class=\" author-d-1gg9uz65z1iz85zgdz68zmqkz84zo2qovw8oz81zyz80zz84z3d9ez83zz72zz87zyz65z8cz85zh6gz72zz86z1z69z2z122zz83ziz89z\">De aceea po\u021bi resim\u021bi efecte secundare precum: somnolen\u021b\u0103, vertij, diminuarea reflexelor, usc\u0103ciunea gurii, reten\u021bie de ap\u0103, stimularea apetitului, tulbur\u0103ri gastrointestinale, tahicardie, aritmii.\u00a0<\/span><\/p>\n<p><strong><span class=\" author-d-1gg9uz65z1iz85zgdz68zmqkz84zo2qovw8oz81zyz80zz84z3d9ez83zz72zz87zyz65z8cz85zh6gz72zz86z1z69z2z122zz83ziz89z\">Dar ceea ce \u00ee\u021bi d\u0103 somnolen\u021b\u0103, ame\u021beal\u0103 sau diminuarea reflexelor pe termen scurt, ce \u00ee\u021bi poate face pe termen lung?<\/span><\/strong><\/p>\n<p><span class=\" author-d-1gg9uz65z1iz85zgdz68zmqkz84zo2qovw8oz81zyz80zz84z3d9ez83zz72zz87zyz65z8cz85zh6gz72zz86z1z69z2z122zz83ziz89z\">Caut\u0103 \u0219i alte solu\u021bii, este timpul s\u0103 ajungi la cauza principal\u0103 \u0219i s\u0103 nu mai maschezi simptomele!<\/span><\/p>\n<p><span class=\" author-d-1gg9uz65z1iz85zgdz68zmqkz84zo2qovw8oz81zyz80zz84z3d9ez83zz72zz87zyz65z8cz85zh6gz72zz86z1z69z2z122zz83ziz89z\">Nu spunem s\u0103 nu se utilizeze deloc antialergice, sunt unele situa\u021bii \u00een care, <\/span><span class=\" author-d-1gg9uz65z1iz85zgdz68zmqkz84zo2qovw8oz81zyz80zz84z3d9ez83zz72zz87zyz65z8cz85zh6gz72zz86z1z69z2z122zz83ziz89z\"><b>ocazional<\/b><\/span><span class=\" author-d-1gg9uz65z1iz85zgdz68zmqkz84zo2qovw8oz81zyz80zz84z3d9ez83zz72zz87zyz65z8cz85zh6gz72zz86z1z69z2z122zz83ziz89z\">, avem nevoie de ele<\/span><b> <\/b><span class=\" author-d-1gg9uz65z1iz85zgdz68zmqkz84zo2qovw8oz81zyz80zz84z3d9ez83zz72zz87zyz65z8cz85zh6gz72zz86z1z69z2z122zz83ziz89z\">\u0219i pot chiar salva vie\u021bi.<\/span><\/p>\n<p><span class=\" author-d-1gg9uz65z1iz85zgdz68zmqkz84zo2qovw8oz81zyz80zz84z3d9ez83zz72zz87zyz65z8cz85zh6gz72zz86z1z69z2z122zz83ziz89z\">Dar cu toate acestea, \u00een cealalt\u0103 extrem\u0103, dac\u0103 ajungi s\u0103 fii dependent de aceste antihistaminice sezon de sezon, trebuie s\u0103 ajungi la cauza principal\u0103.<\/span><\/p>\n<p><span class=\" author-d-1gg9uz65z1iz85zgdz68zmqkz84zo2qovw8oz81zyz80zz84z3d9ez83zz72zz87zyz65z8cz85zh6gz72zz86z1z69z2z122zz83ziz89z\">Pe site-ul nostru g\u0103se\u0219ti mai multe <\/span><span class=\"attrlink url author-d-1gg9uz65z1iz85zgdz68zmqkz84zo2qovw8oz81zyz80zz84z3d9ez83zz72zz87zyz65z8cz85zh6gz72zz86z1z69z2z122zz83ziz89z\"><a class=\"attrlink\" href=\"https:\/\/www.minuneanaturii.ro\/antialergice-naturale\" target=\"_blank\" rel=\"noreferrer nofollow noopener\" data-target-href=\"https:\/\/www.minuneanaturii.ro\/antialergice-naturale\"><b>antialergice naturale<\/b><\/a><\/span><span class=\" author-d-1gg9uz65z1iz85zgdz68zmqkz84zo2qovw8oz81zyz80zz84z3d9ez83zz72zz87zyz65z8cz85zh6gz72zz86z1z69z2z122zz83ziz89z\"> \u0219i \u00een plus po\u021bi conta pe sfatul nostru!<\/span><\/p>\n<p>&nbsp;<\/p>\n<p><span class=\" author-d-1gg9uz65z1iz85zgdz68zmqkz84zo2qovw8oz81zyz80zz84z3d9ez83zz72zz87zyz65z8cz85zh6gz72zz86z1z69z2z122zz83ziz89z\"><i>Bucuro\u0219i s\u0103 te \u0219tim s\u0103n\u0103tos,<\/i><\/span><\/p>\n<p><span class=\"ace-all-bold-hthree\"><span class=\" author-d-1gg9uz65z1iz85zgdz68zmqkz84zo2qovw8oz81zyz80zz84z3d9ez83zz72zz87zyz65z8cz85zh6gz72zz86z1z69z2z122zz83ziz89z\"><b><i>Farm. Anca \u0219i Adrian Ienin<\/i><\/b><\/span><\/span><\/p>\n<hr \/>\n<p>Surse:<\/p>\n<ul>\n<li>https:\/\/www.sciencedirect.com\/topics\/neuroscience\/antihistamines<\/li>\n<li>https:\/\/www.news-medical.net\/health\/Long-Term-Effects-of-Taking-Allergy-Medications.aspx<\/li>\n<li>https:\/\/www.healio.com\/news\/pediatrics\/20191116\/antihistamines-part-ii-longterm-adverse-effects<\/li>\n<\/ul>\n","protected":false},"excerpt":{"rendered":"<p>Tot mai multe persoane sufer\u0103 de alergii, fie c\u0103 ele sunt sezoniere, la ambrozia, la praf sau la diverse alimente.\u00a0 Cauza o reprezint\u0103 de fapt o supra-\u00eencarcarea organismului de toxine care reac\u021bioneaz\u0103 ca \u0219i o oal\u0103 sub presiune care explodeaz\u0103. Po\u021bi citi mai multe detalii \u00een acest articol legat de alergii. Ce efecte poate avea &#8230;<\/p>\n","protected":false},"author":101011,"featured_media":5710,"comment_status":"open","ping_status":"closed","sticky":false,"template":"","format":"standard","meta":{"_jetpack_memberships_contains_paid_content":false,"footnotes":""},"categories":[2341,5],"tags":[],"class_list":["post-5713","post","type-post","status-publish","format-standard","has-post-thumbnail","hentry","category-legitati","category-sfaturi-utile-tips-and-tricks"],"yoast_head":"<!-- This site is optimized with the Yoast SEO plugin v28.2 - https:\/\/yoast.com\/product\/yoast-seo-wordpress\/ -->\n<title>De ce antialergicele de sintez\u0103 nu sunt solu\u021bia pe termen lung (Legitatea #172) - minuneanaturii.ro<\/title>\n<meta name=\"robots\" content=\"index, follow, max-snippet:-1, max-image-preview:large, max-video-preview:-1\" \/>\n<meta property=\"og:locale\" content=\"ro_RO\" \/>\n<meta property=\"og:type\" content=\"article\" \/>\n<meta property=\"og:title\" content=\"De ce antialergicele de sintez\u0103 nu sunt solu\u021bia pe termen lung (Legitatea #172) - Blogul Minunea Naturii\" \/>\n<meta property=\"og:description\" content=\"Tot mai multe persoane sufer\u0103 de alergii, fie c\u0103 ele sunt sezoniere, la ambrozia, la praf sau la diverse alimente.\u00a0 Cauza o reprezint\u0103 de fapt o supra-\u00eencarcarea organismului \u2026\" \/>\n<meta property=\"og:url\" content=\"https:\/\/minuneanaturii.ro\/blog\/legitatea-72-de-ce-antialergicele-de-sinteza-nu-sunt-solutia-pe-termen-lung\" \/>\n<meta property=\"og:site_name\" content=\"Blogul Minunea Naturii\" \/>\n<meta property=\"article:author\" content=\"https:\/\/www.facebook.com\/minuneanaturii\/\" \/>\n<meta property=\"article:published_time\" content=\"2022-09-06T03:41:51+00:00\" \/>\n<meta property=\"article:modified_time\" content=\"2024-10-28T03:36:27+00:00\" \/>\n<meta property=\"og:image\" content=\"https:\/\/minuneanaturii.ro\/blog\/wp-content\/uploads\/2022\/09\/172.jpeg\" \/>\n\t<meta property=\"og:image:width\" content=\"1080\" \/>\n\t<meta property=\"og:image:height\" content=\"1080\" \/>\n\t<meta property=\"og:image:type\" content=\"image\/jpeg\" \/>\n<meta name=\"author\" content=\"Farm. Anca si Adrian Ienin\" \/>\n<meta name=\"twitter:card\" content=\"summary_large_image\" \/>\n<meta name=\"twitter:label1\" content=\"Scris de\" \/>\n\t<meta name=\"twitter:data1\" content=\"Farm. Anca si Adrian Ienin\" \/>\n\t<meta name=\"twitter:label2\" content=\"Timp estimat pentru citire\" \/>\n\t<meta name=\"twitter:data2\" content=\"2 minute\" \/>\n<script type=\"application\/ld+json\" class=\"yoast-schema-graph\">{\"@context\":\"https:\\\/\\\/schema.org\",\"@graph\":[{\"@type\":\"Article\",\"@id\":\"https:\\\/\\\/minuneanaturii.ro\\\/blog\\\/legitatea-72-de-ce-antialergicele-de-sinteza-nu-sunt-solutia-pe-termen-lung#article\",\"isPartOf\":{\"@id\":\"https:\\\/\\\/minuneanaturii.ro\\\/blog\\\/legitatea-72-de-ce-antialergicele-de-sinteza-nu-sunt-solutia-pe-termen-lung\"},\"author\":{\"name\":\"Farm. Anca si Adrian Ienin\",\"@id\":\"https:\\\/\\\/minuneanaturii.ro\\\/blog\\\/#\\\/schema\\\/person\\\/f2d61b0d1b99f774c2026e5355657712\"},\"headline\":\"De ce antialergicele de sintez\u0103 nu sunt solu\u021bia pe termen lung (Legitatea #172)\",\"datePublished\":\"2022-09-06T03:41:51+00:00\",\"dateModified\":\"2024-10-28T03:36:27+00:00\",\"mainEntityOfPage\":{\"@id\":\"https:\\\/\\\/minuneanaturii.ro\\\/blog\\\/legitatea-72-de-ce-antialergicele-de-sinteza-nu-sunt-solutia-pe-termen-lung\"},\"wordCount\":329,\"commentCount\":0,\"image\":{\"@id\":\"https:\\\/\\\/minuneanaturii.ro\\\/blog\\\/legitatea-72-de-ce-antialergicele-de-sinteza-nu-sunt-solutia-pe-termen-lung#primaryimage\"},\"thumbnailUrl\":\"https:\\\/\\\/i0.wp.com\\\/minuneanaturii.ro\\\/blog\\\/wp-content\\\/uploads\\\/2022\\\/09\\\/172.jpeg?fit=1080%2C1080&ssl=1\",\"articleSection\":[\"Legitati\",\"Sfaturi utile - Tips and Tricks\"],\"inLanguage\":\"ro-RO\",\"potentialAction\":[{\"@type\":\"CommentAction\",\"name\":\"Comment\",\"target\":[\"https:\\\/\\\/minuneanaturii.ro\\\/blog\\\/legitatea-72-de-ce-antialergicele-de-sinteza-nu-sunt-solutia-pe-termen-lung#respond\"]}]},{\"@type\":\"WebPage\",\"@id\":\"https:\\\/\\\/minuneanaturii.ro\\\/blog\\\/legitatea-72-de-ce-antialergicele-de-sinteza-nu-sunt-solutia-pe-termen-lung\",\"url\":\"https:\\\/\\\/minuneanaturii.ro\\\/blog\\\/legitatea-72-de-ce-antialergicele-de-sinteza-nu-sunt-solutia-pe-termen-lung\",\"name\":\"De ce antialergicele de sintez\u0103 nu sunt solu\u021bia pe termen lung (Legitatea #172) - Blogul Minunea Naturii\",\"isPartOf\":{\"@id\":\"https:\\\/\\\/minuneanaturii.ro\\\/blog\\\/#website\"},\"primaryImageOfPage\":{\"@id\":\"https:\\\/\\\/minuneanaturii.ro\\\/blog\\\/legitatea-72-de-ce-antialergicele-de-sinteza-nu-sunt-solutia-pe-termen-lung#primaryimage\"},\"image\":{\"@id\":\"https:\\\/\\\/minuneanaturii.ro\\\/blog\\\/legitatea-72-de-ce-antialergicele-de-sinteza-nu-sunt-solutia-pe-termen-lung#primaryimage\"},\"thumbnailUrl\":\"https:\\\/\\\/i0.wp.com\\\/minuneanaturii.ro\\\/blog\\\/wp-content\\\/uploads\\\/2022\\\/09\\\/172.jpeg?fit=1080%2C1080&ssl=1\",\"datePublished\":\"2022-09-06T03:41:51+00:00\",\"dateModified\":\"2024-10-28T03:36:27+00:00\",\"author\":{\"@id\":\"https:\\\/\\\/minuneanaturii.ro\\\/blog\\\/#\\\/schema\\\/person\\\/f2d61b0d1b99f774c2026e5355657712\"},\"breadcrumb\":{\"@id\":\"https:\\\/\\\/minuneanaturii.ro\\\/blog\\\/legitatea-72-de-ce-antialergicele-de-sinteza-nu-sunt-solutia-pe-termen-lung#breadcrumb\"},\"inLanguage\":\"ro-RO\",\"potentialAction\":[{\"@type\":\"ReadAction\",\"target\":[\"https:\\\/\\\/minuneanaturii.ro\\\/blog\\\/legitatea-72-de-ce-antialergicele-de-sinteza-nu-sunt-solutia-pe-termen-lung\"]}]},{\"@type\":\"ImageObject\",\"inLanguage\":\"ro-RO\",\"@id\":\"https:\\\/\\\/minuneanaturii.ro\\\/blog\\\/legitatea-72-de-ce-antialergicele-de-sinteza-nu-sunt-solutia-pe-termen-lung#primaryimage\",\"url\":\"https:\\\/\\\/i0.wp.com\\\/minuneanaturii.ro\\\/blog\\\/wp-content\\\/uploads\\\/2022\\\/09\\\/172.jpeg?fit=1080%2C1080&ssl=1\",\"contentUrl\":\"https:\\\/\\\/i0.wp.com\\\/minuneanaturii.ro\\\/blog\\\/wp-content\\\/uploads\\\/2022\\\/09\\\/172.jpeg?fit=1080%2C1080&ssl=1\",\"width\":1080,\"height\":1080,\"caption\":\"Legitatea #72: De ce antialergicele de sintez\u0103 nu sunt solu\u021bia pe termen lung\"},{\"@type\":\"BreadcrumbList\",\"@id\":\"https:\\\/\\\/minuneanaturii.ro\\\/blog\\\/legitatea-72-de-ce-antialergicele-de-sinteza-nu-sunt-solutia-pe-termen-lung#breadcrumb\",\"itemListElement\":[{\"@type\":\"ListItem\",\"position\":1,\"name\":\"Prima pagin\u0103\",\"item\":\"https:\\\/\\\/minuneanaturii.ro\\\/blog\\\/\"},{\"@type\":\"ListItem\",\"position\":2,\"name\":\"De ce antialergicele de sintez\u0103 nu sunt solu\u021bia pe termen lung (Legitatea #172)\"}]},{\"@type\":\"WebSite\",\"@id\":\"https:\\\/\\\/minuneanaturii.ro\\\/blog\\\/#website\",\"url\":\"https:\\\/\\\/minuneanaturii.ro\\\/blog\\\/\",\"name\":\"Blogul Minunea Naturii\",\"description\":\"informatii utile despre sanatate, alimentatie si tratemnte holistice\",\"potentialAction\":[{\"@type\":\"SearchAction\",\"target\":{\"@type\":\"EntryPoint\",\"urlTemplate\":\"https:\\\/\\\/minuneanaturii.ro\\\/blog\\\/?s={search_term_string}\"},\"query-input\":{\"@type\":\"PropertyValueSpecification\",\"valueRequired\":true,\"valueName\":\"search_term_string\"}}],\"inLanguage\":\"ro-RO\"},{\"@type\":\"Person\",\"@id\":\"https:\\\/\\\/minuneanaturii.ro\\\/blog\\\/#\\\/schema\\\/person\\\/f2d61b0d1b99f774c2026e5355657712\",\"name\":\"Farm. Anca si Adrian Ienin\",\"image\":{\"@type\":\"ImageObject\",\"inLanguage\":\"ro-RO\",\"@id\":\"https:\\\/\\\/secure.gravatar.com\\\/avatar\\\/ad4ecb84085c66eae03365f7a2f872d8fee2056710d75b48754261be4b5f8abd?s=96&d=mm&r=g\",\"url\":\"https:\\\/\\\/secure.gravatar.com\\\/avatar\\\/ad4ecb84085c66eae03365f7a2f872d8fee2056710d75b48754261be4b5f8abd?s=96&d=mm&r=g\",\"contentUrl\":\"https:\\\/\\\/secure.gravatar.com\\\/avatar\\\/ad4ecb84085c66eae03365f7a2f872d8fee2056710d75b48754261be4b5f8abd?s=96&d=mm&r=g\",\"caption\":\"Farm. Anca si Adrian Ienin\"},\"description\":\"Anca si Adrian Ienin, farmacisti naturopati si fondatori ai conceptului Minunea Naturii. Au transformat pasiunea pentru alimentatie, stil de viata sanatos si tratamente naturale intr-un concept dedicat sanatatii depline. Scriu articole documentate de ultimele studii in domeniu si din experienta directa cu pacientii. Cred in exemplul propriu si integritate, astfel informatia furnizata este credibila si autentica. Farm. Anca \u0219i Adrian Ienin sunt co-fondatorii conceptului Minunea Naturii \u0219i promotori ai unei viziuni integrative asupra s\u0103n\u0103t\u0103\u021bii, \u00een care \u0219tiin\u021ba modern\u0103 se \u00eent\u00e2lne\u0219te cu \u00een\u021belepciunea tradi\u021bional\u0103. Cu o experien\u021b\u0103 de peste un deceniu \u00een domeniul terapiilor naturale, nutri\u021biei func\u021bionale \u0219i suplimentelor de calitate, cei doi autori ofer\u0103 informa\u021bii valoroase, bine documentate \u0219i orientate spre rezultate reale \u00een echilibrarea organismului. Prin articolele \u0219i proiectele lor educa\u021bionale, Anca \u0219i Adrian \u00eencurajeaz\u0103 oamenii s\u0103 \u00ee\u0219i asume responsabilitatea pentru propria s\u0103n\u0103tate, s\u0103 \u00ee\u0219i dezvolte discern\u0103m\u00e2ntul \u00een alegerea produselor naturale \u0219i s\u0103 adopte un stil de via\u021b\u0103 con\u0219tient, \u00een armonie cu ritmurile corpului \u0219i ale naturii. Articolele lor \u00eembin\u0103 rigoarea \u0219tiin\u021bific\u0103 cu empatia practic\u0103, av\u00e2nd la baz\u0103 at\u00e2t cuno\u0219tin\u021be academice, c\u00e2t \u0219i experien\u021b\u0103 direct\u0103 cu mii de clien\u021bi \u0219i pacien\u021bi. Viziunea lor este una clar\u0103: s\u0103n\u0103tatea nu se reduce la absen\u021ba bolii, ci este un proces activ de echilibru fizic, emo\u021bional, mental \u0219i spiritual \u2013 un drum spre vitalitate, autonomie \u0219i sens.\",\"sameAs\":[\"https:\\\/\\\/www.minuneanaturii.ro\",\"https:\\\/\\\/www.facebook.com\\\/minuneanaturii\\\/\",\"https:\\\/\\\/www.instagram.com\\\/minuneanaturii\\\/\",\"https:\\\/\\\/www.linkedin.com\\\/company\\\/minunea-naturii\",\"https:\\\/\\\/www.youtube.com\\\/@MinuneaNaturii\"],\"url\":\"https:\\\/\\\/minuneanaturii.ro\\\/blog\\\/author\\\/ancasiadrianienin\"}]}<\/script>\n<!-- \/ Yoast SEO plugin. -->","yoast_head_json":{"title":"De ce antialergicele de sintez\u0103 nu sunt solu\u021bia pe termen lung (Legitatea #172) - minuneanaturii.ro","robots":{"index":"index","follow":"follow","max-snippet":"max-snippet:-1","max-image-preview":"max-image-preview:large","max-video-preview":"max-video-preview:-1"},"og_locale":"ro_RO","og_type":"article","og_title":"De ce antialergicele de sintez\u0103 nu sunt solu\u021bia pe termen lung (Legitatea #172) - Blogul Minunea Naturii","og_description":"Tot mai multe persoane sufer\u0103 de alergii, fie c\u0103 ele sunt sezoniere, la ambrozia, la praf sau la diverse alimente.\u00a0 Cauza o reprezint\u0103 de fapt o supra-\u00eencarcarea organismului \u2026","og_url":"https:\/\/minuneanaturii.ro\/blog\/legitatea-72-de-ce-antialergicele-de-sinteza-nu-sunt-solutia-pe-termen-lung","og_site_name":"Blogul Minunea Naturii","article_author":"https:\/\/www.facebook.com\/minuneanaturii\/","article_published_time":"2022-09-06T03:41:51+00:00","article_modified_time":"2024-10-28T03:36:27+00:00","og_image":[{"width":1080,"height":1080,"url":"https:\/\/minuneanaturii.ro\/blog\/wp-content\/uploads\/2022\/09\/172.jpeg","type":"image\/jpeg"}],"author":"Farm. Anca si Adrian Ienin","twitter_card":"summary_large_image","twitter_misc":{"Scris de":"Farm. Anca si Adrian Ienin","Timp estimat pentru citire":"2 minute"},"schema":{"@context":"https:\/\/schema.org","@graph":[{"@type":"Article","@id":"https:\/\/minuneanaturii.ro\/blog\/legitatea-72-de-ce-antialergicele-de-sinteza-nu-sunt-solutia-pe-termen-lung#article","isPartOf":{"@id":"https:\/\/minuneanaturii.ro\/blog\/legitatea-72-de-ce-antialergicele-de-sinteza-nu-sunt-solutia-pe-termen-lung"},"author":{"name":"Farm. Anca si Adrian Ienin","@id":"https:\/\/minuneanaturii.ro\/blog\/#\/schema\/person\/f2d61b0d1b99f774c2026e5355657712"},"headline":"De ce antialergicele de sintez\u0103 nu sunt solu\u021bia pe termen lung (Legitatea #172)","datePublished":"2022-09-06T03:41:51+00:00","dateModified":"2024-10-28T03:36:27+00:00","mainEntityOfPage":{"@id":"https:\/\/minuneanaturii.ro\/blog\/legitatea-72-de-ce-antialergicele-de-sinteza-nu-sunt-solutia-pe-termen-lung"},"wordCount":329,"commentCount":0,"image":{"@id":"https:\/\/minuneanaturii.ro\/blog\/legitatea-72-de-ce-antialergicele-de-sinteza-nu-sunt-solutia-pe-termen-lung#primaryimage"},"thumbnailUrl":"https:\/\/i0.wp.com\/minuneanaturii.ro\/blog\/wp-content\/uploads\/2022\/09\/172.jpeg?fit=1080%2C1080&ssl=1","articleSection":["Legitati","Sfaturi utile - Tips and Tricks"],"inLanguage":"ro-RO","potentialAction":[{"@type":"CommentAction","name":"Comment","target":["https:\/\/minuneanaturii.ro\/blog\/legitatea-72-de-ce-antialergicele-de-sinteza-nu-sunt-solutia-pe-termen-lung#respond"]}]},{"@type":"WebPage","@id":"https:\/\/minuneanaturii.ro\/blog\/legitatea-72-de-ce-antialergicele-de-sinteza-nu-sunt-solutia-pe-termen-lung","url":"https:\/\/minuneanaturii.ro\/blog\/legitatea-72-de-ce-antialergicele-de-sinteza-nu-sunt-solutia-pe-termen-lung","name":"De ce antialergicele de sintez\u0103 nu sunt solu\u021bia pe termen lung (Legitatea #172) - Blogul Minunea Naturii","isPartOf":{"@id":"https:\/\/minuneanaturii.ro\/blog\/#website"},"primaryImageOfPage":{"@id":"https:\/\/minuneanaturii.ro\/blog\/legitatea-72-de-ce-antialergicele-de-sinteza-nu-sunt-solutia-pe-termen-lung#primaryimage"},"image":{"@id":"https:\/\/minuneanaturii.ro\/blog\/legitatea-72-de-ce-antialergicele-de-sinteza-nu-sunt-solutia-pe-termen-lung#primaryimage"},"thumbnailUrl":"https:\/\/i0.wp.com\/minuneanaturii.ro\/blog\/wp-content\/uploads\/2022\/09\/172.jpeg?fit=1080%2C1080&ssl=1","datePublished":"2022-09-06T03:41:51+00:00","dateModified":"2024-10-28T03:36:27+00:00","author":{"@id":"https:\/\/minuneanaturii.ro\/blog\/#\/schema\/person\/f2d61b0d1b99f774c2026e5355657712"},"breadcrumb":{"@id":"https:\/\/minuneanaturii.ro\/blog\/legitatea-72-de-ce-antialergicele-de-sinteza-nu-sunt-solutia-pe-termen-lung#breadcrumb"},"inLanguage":"ro-RO","potentialAction":[{"@type":"ReadAction","target":["https:\/\/minuneanaturii.ro\/blog\/legitatea-72-de-ce-antialergicele-de-sinteza-nu-sunt-solutia-pe-termen-lung"]}]},{"@type":"ImageObject","inLanguage":"ro-RO","@id":"https:\/\/minuneanaturii.ro\/blog\/legitatea-72-de-ce-antialergicele-de-sinteza-nu-sunt-solutia-pe-termen-lung#primaryimage","url":"https:\/\/i0.wp.com\/minuneanaturii.ro\/blog\/wp-content\/uploads\/2022\/09\/172.jpeg?fit=1080%2C1080&ssl=1","contentUrl":"https:\/\/i0.wp.com\/minuneanaturii.ro\/blog\/wp-content\/uploads\/2022\/09\/172.jpeg?fit=1080%2C1080&ssl=1","width":1080,"height":1080,"caption":"Legitatea #72: De ce antialergicele de sintez\u0103 nu sunt solu\u021bia pe termen lung"},{"@type":"BreadcrumbList","@id":"https:\/\/minuneanaturii.ro\/blog\/legitatea-72-de-ce-antialergicele-de-sinteza-nu-sunt-solutia-pe-termen-lung#breadcrumb","itemListElement":[{"@type":"ListItem","position":1,"name":"Prima pagin\u0103","item":"https:\/\/minuneanaturii.ro\/blog\/"},{"@type":"ListItem","position":2,"name":"De ce antialergicele de sintez\u0103 nu sunt solu\u021bia pe termen lung (Legitatea #172)"}]},{"@type":"WebSite","@id":"https:\/\/minuneanaturii.ro\/blog\/#website","url":"https:\/\/minuneanaturii.ro\/blog\/","name":"Blogul Minunea Naturii","description":"informatii utile despre sanatate, alimentatie si tratemnte holistice","potentialAction":[{"@type":"SearchAction","target":{"@type":"EntryPoint","urlTemplate":"https:\/\/minuneanaturii.ro\/blog\/?s={search_term_string}"},"query-input":{"@type":"PropertyValueSpecification","valueRequired":true,"valueName":"search_term_string"}}],"inLanguage":"ro-RO"},{"@type":"Person","@id":"https:\/\/minuneanaturii.ro\/blog\/#\/schema\/person\/f2d61b0d1b99f774c2026e5355657712","name":"Farm. Anca si Adrian Ienin","image":{"@type":"ImageObject","inLanguage":"ro-RO","@id":"https:\/\/secure.gravatar.com\/avatar\/ad4ecb84085c66eae03365f7a2f872d8fee2056710d75b48754261be4b5f8abd?s=96&d=mm&r=g","url":"https:\/\/secure.gravatar.com\/avatar\/ad4ecb84085c66eae03365f7a2f872d8fee2056710d75b48754261be4b5f8abd?s=96&d=mm&r=g","contentUrl":"https:\/\/secure.gravatar.com\/avatar\/ad4ecb84085c66eae03365f7a2f872d8fee2056710d75b48754261be4b5f8abd?s=96&d=mm&r=g","caption":"Farm. Anca si Adrian Ienin"},"description":"Anca si Adrian Ienin, farmacisti naturopati si fondatori ai conceptului Minunea Naturii. Au transformat pasiunea pentru alimentatie, stil de viata sanatos si tratamente naturale intr-un concept dedicat sanatatii depline. Scriu articole documentate de ultimele studii in domeniu si din experienta directa cu pacientii. Cred in exemplul propriu si integritate, astfel informatia furnizata este credibila si autentica. Farm. Anca \u0219i Adrian Ienin sunt co-fondatorii conceptului Minunea Naturii \u0219i promotori ai unei viziuni integrative asupra s\u0103n\u0103t\u0103\u021bii, \u00een care \u0219tiin\u021ba modern\u0103 se \u00eent\u00e2lne\u0219te cu \u00een\u021belepciunea tradi\u021bional\u0103. Cu o experien\u021b\u0103 de peste un deceniu \u00een domeniul terapiilor naturale, nutri\u021biei func\u021bionale \u0219i suplimentelor de calitate, cei doi autori ofer\u0103 informa\u021bii valoroase, bine documentate \u0219i orientate spre rezultate reale \u00een echilibrarea organismului. Prin articolele \u0219i proiectele lor educa\u021bionale, Anca \u0219i Adrian \u00eencurajeaz\u0103 oamenii s\u0103 \u00ee\u0219i asume responsabilitatea pentru propria s\u0103n\u0103tate, s\u0103 \u00ee\u0219i dezvolte discern\u0103m\u00e2ntul \u00een alegerea produselor naturale \u0219i s\u0103 adopte un stil de via\u021b\u0103 con\u0219tient, \u00een armonie cu ritmurile corpului \u0219i ale naturii. Articolele lor \u00eembin\u0103 rigoarea \u0219tiin\u021bific\u0103 cu empatia practic\u0103, av\u00e2nd la baz\u0103 at\u00e2t cuno\u0219tin\u021be academice, c\u00e2t \u0219i experien\u021b\u0103 direct\u0103 cu mii de clien\u021bi \u0219i pacien\u021bi. Viziunea lor este una clar\u0103: s\u0103n\u0103tatea nu se reduce la absen\u021ba bolii, ci este un proces activ de echilibru fizic, emo\u021bional, mental \u0219i spiritual \u2013 un drum spre vitalitate, autonomie \u0219i sens.","sameAs":["https:\/\/www.minuneanaturii.ro","https:\/\/www.facebook.com\/minuneanaturii\/","https:\/\/www.instagram.com\/minuneanaturii\/","https:\/\/www.linkedin.com\/company\/minunea-naturii","https:\/\/www.youtube.com\/@MinuneaNaturii"],"url":"https:\/\/minuneanaturii.ro\/blog\/author\/ancasiadrianienin"}]}},"jetpack_featured_media_url":"https:\/\/i0.wp.com\/minuneanaturii.ro\/blog\/wp-content\/uploads\/2022\/09\/172.jpeg?fit=1080%2C1080&ssl=1","jetpack_sharing_enabled":true,"_links":{"self":[{"href":"https:\/\/minuneanaturii.ro\/blog\/wp-json\/wp\/v2\/posts\/5713","targetHints":{"allow":["GET"]}}],"collection":[{"href":"https:\/\/minuneanaturii.ro\/blog\/wp-json\/wp\/v2\/posts"}],"about":[{"href":"https:\/\/minuneanaturii.ro\/blog\/wp-json\/wp\/v2\/types\/post"}],"author":[{"embeddable":true,"href":"https:\/\/minuneanaturii.ro\/blog\/wp-json\/wp\/v2\/users\/101011"}],"replies":[{"embeddable":true,"href":"https:\/\/minuneanaturii.ro\/blog\/wp-json\/wp\/v2\/comments?post=5713"}],"version-history":[{"count":6,"href":"https:\/\/minuneanaturii.ro\/blog\/wp-json\/wp\/v2\/posts\/5713\/revisions"}],"predecessor-version":[{"id":8266,"href":"https:\/\/minuneanaturii.ro\/blog\/wp-json\/wp\/v2\/posts\/5713\/revisions\/8266"}],"wp:featuredmedia":[{"embeddable":true,"href":"https:\/\/minuneanaturii.ro\/blog\/wp-json\/wp\/v2\/media\/5710"}],"wp:attachment":[{"href":"https:\/\/minuneanaturii.ro\/blog\/wp-json\/wp\/v2\/media?parent=5713"}],"wp:term":[{"taxonomy":"category","embeddable":true,"href":"https:\/\/minuneanaturii.ro\/blog\/wp-json\/wp\/v2\/categories?post=5713"},{"taxonomy":"post_tag","embeddable":true,"href":"https:\/\/minuneanaturii.ro\/blog\/wp-json\/wp\/v2\/tags?post=5713"}],"curies":[{"name":"wp","href":"https:\/\/api.w.org\/{rel}","templated":true}]}}