{"id":5528,"date":"2022-06-24T14:22:01","date_gmt":"2022-06-24T12:22:01","guid":{"rendered":"https:\/\/minuneanaturii.ro\/blog\/?p=5528"},"modified":"2024-07-12T16:35:32","modified_gmt":"2024-07-12T14:35:32","slug":"legitatea-120-limba-este-oglinda-digestiei","status":"publish","type":"post","link":"https:\/\/minuneanaturii.ro\/blog\/legitatea-120-limba-este-oglinda-digestiei","title":{"rendered":"Legitatea #120: Limba este oglinda digestiei"},"content":{"rendered":"<p><strong><span class=\" author-d-1gg9uz65z1iz85zgdz68zmqkz84zo2qovw8oz81zyz80zz84z3d9ez83zz72zz87zyz65z8cz85zh6gz72zz86z1z69z2z122zz83ziz89z\">Te-ai trezit vreodat\u0103 cu un gust foarte r\u0103u \u00een gur\u0103, sau\/\u0219i cu o limb\u0103 extrem de \u00eenc\u0103rcat\u0103?<\/span><\/strong><\/p>\n<p><span class=\" author-d-1gg9uz65z1iz85zgdz68zmqkz84zo2qovw8oz81zyz80zz84z3d9ez83zz72zz87zyz65z8cz85zh6gz72zz86z1z69z2z122zz83ziz89z\">Diminea\u021ba la prima or\u0103 starea cavit\u0103\u021bii bucale ne reflect\u0103 de fapt starea sistemului nostru digestiv. Starea stomacului, a ficatului \u0219i a intestinului au leg\u0103tur\u0103 cu gradul de \u00eenc\u0103rcare al limbii, cu mirosul gurii \u0219i chiar cu gustul pe care \u00eel resim\u021bi.<\/span><\/p>\n<p><span class=\" author-d-1gg9uz65z1iz85zgdz68zmqkz84zo2qovw8oz81zyz80zz84z3d9ez83zz72zz87zyz65z8cz85zh6gz72zz86z1z69z2z122zz83ziz89z\">O limb\u0103 \u00eenc\u0103rcat\u0103 \u0219i un miros greu nu ne transmit altceva dec\u00e2t faptul c\u0103 ceva nu func\u021bioneaz\u0103 bine la nivel digestiv.<\/span><\/p>\n<p><span class=\" author-d-1gg9uz65z1iz85zgdz68zmqkz84zo2qovw8oz81zyz80zz84z3d9ez83zz72zz87zyz65z8cz85zh6gz72zz86z1z69z2z122zz83ziz89z\">Ficatul poate fi intoxicat, pancreasul suprasolicitat iar intestinul prea inflamat, astfel \u00eenc\u00e2t prime\u0219ti semnale de alarm\u0103.<\/span><\/p>\n<p><span class=\" author-d-1gg9uz65z1iz85zgdz68zmqkz84zo2qovw8oz81zyz80zz84z3d9ez83zz72zz87zyz65z8cz85zh6gz72zz86z1z69z2z122zz83ziz89z\">Mai exist\u0103 \u0219i un <\/span><span class=\" author-d-1gg9uz65z1iz85zgdz68zmqkz84zo2qovw8oz81zyz80zz84z3d9ez83zz72zz87zyz65z8cz85zh6gz72zz86z1z69z2z122zz83ziz89z\"><b>caz paradoxal<\/b><\/span><span class=\" author-d-1gg9uz65z1iz85zgdz68zmqkz84zo2qovw8oz81zyz80zz84z3d9ez83zz72zz87zyz65z8cz85zh6gz72zz86z1z69z2z122zz83ziz89z\">: o persoan\u0103 cu limba relativ curat\u0103 zi de zi, \u021bine un <\/span><span class=\"attrlink url author-d-1gg9uz65z1iz85zgdz68zmqkz84zo2qovw8oz81zyz80zz84z3d9ez83zz72zz87zyz65z8cz85zh6gz72zz86z1z69z2z122zz83ziz89z\"><a class=\"attrlink\" href=\"https:\/\/minuneanaturii.ro\/blog\/legitatea-75-postul-negru-prelungit-are-ca-rezultat-regenerarea-organismului\" target=\"_blank\" rel=\"noreferrer nofollow noopener\" data-target-href=\"https:\/\/minuneanaturii.ro\/blog\/legitatea-75-postul-negru-prelungit-are-ca-rezultat-regenerarea-organismului\"><b>post negru<\/b><\/a><\/span><span class=\" author-d-1gg9uz65z1iz85zgdz68zmqkz84zo2qovw8oz81zyz80zz84z3d9ez83zz72zz87zyz65z8cz85zh6gz72zz86z1z69z2z122zz83ziz89z\"> de 1-2 zile; diminea\u021ba urm\u0103toare se treze\u0219te cu limba \u00eenc\u0103rcat\u0103, cu un miros \u0219i cu un gust greu.<\/span><\/p>\n<p><span class=\" author-d-1gg9uz65z1iz85zgdz68zmqkz84zo2qovw8oz81zyz80zz84z3d9ez83zz72zz87zyz65z8cz85zh6gz72zz86z1z69z2z122zz83ziz89z\"><b>Explica\u021bia <\/b><\/span><span class=\" author-d-1gg9uz65z1iz85zgdz68zmqkz84zo2qovw8oz81zyz80zz84z3d9ez83zz72zz87zyz65z8cz85zh6gz72zz86z1z69z2z122zz83ziz89z\">este simpl\u0103: ficatul persoanei era \u00eenc\u0103rcat sau intoxicat iar \u00een timpul postului, procesul de detoxifiere a \u00eenceput \u0219i limba s-a \u00eenc\u0103rcat. Recomandarea noastr\u0103 ar fi o <\/span><span class=\"attrlink url author-d-1gg9uz65z1iz85zgdz68zmqkz84zo2qovw8oz81zyz80zz84z3d9ez83zz72zz87zyz65z8cz85zh6gz72zz86z1z69z2z122zz83ziz89z\"><a class=\"attrlink\" href=\"https:\/\/www.minuneanaturii.ro\/ficat-si-cai-biliare\/schema-detoxifiere-hepatica-curatarea-ficatului-pret-oferta_.html\" target=\"_blank\" rel=\"noreferrer nofollow noopener\" data-target-href=\"https:\/\/www.minuneanaturii.ro\/ficat-si-cai-biliare\/schema-detoxifiere-hepatica-curatarea-ficatului-pret-oferta_.html\"><b>cur\u0103 pentru cur\u0103\u021barea ficatului <\/b><\/a><\/span><span class=\" author-d-1gg9uz65z1iz85zgdz68zmqkz84zo2qovw8oz81zyz80zz84z3d9ez83zz72zz87zyz65z8cz85zh6gz72zz86z1z69z2z122zz83ziz89z\">\u0219i repetarea postului negru cu regularitate p\u00e2n\u0103 la dispari\u021bia acestor simptome.<\/span><\/p>\n<p><span class=\" author-d-1gg9uz65z1iz85zgdz68zmqkz84zo2qovw8oz81zyz80zz84z3d9ez83zz72zz87zyz65z8cz85zh6gz72zz86z1z69z2z122zz83ziz89z\">\u0218tim c\u0103 pare de domeniul SF, dar pasta \u0219i periu\u021ba de din\u021bi nu au existat dintotdeauna \u0219i nici m\u0103car nu am avea nevoie de ele, dac\u0103 alimenta\u021bia noastr\u0103 ar fi 100% corect\u0103. Miroase gura unui bebelu\u0219 diminea\u021ba \u0219i vei observa c\u0103 nu miroase resping\u0103tor, din contr\u0103\u2026<\/span><\/p>\n<p>&nbsp;<\/p>\n<p><span class=\" author-d-1gg9uz65z1iz85zgdz68zmqkz84zo2qovw8oz81zyz80zz84z3d9ez83zz72zz87zyz65z8cz85zh6gz72zz86z1z69z2z122zz83ziz89z\"><i>Bucuro\u0219i s\u0103 te \u0219tim s\u0103n\u0103tos,<\/i><\/span><\/p>\n<p><span class=\"ace-all-bold-hthree\"><span class=\" author-d-1gg9uz65z1iz85zgdz68zmqkz84zo2qovw8oz81zyz80zz84z3d9ez83zz72zz87zyz65z8cz85zh6gz72zz86z1z69z2z122zz83ziz89z\"><b><i>Farm. Anca \u0219i Adrian Ienin<\/i><\/b><\/span><\/span><\/p>\n<p>&nbsp;<\/p>\n<p><span class=\" author-d-1gg9uz65z1iz85zgdz68zmqkz84zo2qovw8oz81zyz80zz84z3d9ez83zz72zz87zyz65z8cz85zh6gz72zz86z1z69z2z122zz83ziz89z\">PS. \u00cen legitatea urm\u0103toare, despre a nu uita niciodat\u0103 ce ne a\u0219teapt\u0103!<\/span><\/p>\n","protected":false},"excerpt":{"rendered":"<p>Te-ai trezit vreodat\u0103 cu un gust foarte r\u0103u \u00een gur\u0103, sau\/\u0219i cu o limb\u0103 extrem de \u00eenc\u0103rcat\u0103? Diminea\u021ba la prima or\u0103 starea cavit\u0103\u021bii bucale ne reflect\u0103 de fapt starea sistemului nostru digestiv. Starea stomacului, a ficatului \u0219i a intestinului au leg\u0103tur\u0103 cu gradul de \u00eenc\u0103rcare al limbii, cu mirosul gurii \u0219i chiar cu gustul pe &#8230;<\/p>\n","protected":false},"author":101011,"featured_media":5516,"comment_status":"open","ping_status":"closed","sticky":false,"template":"","format":"standard","meta":{"_jetpack_memberships_contains_paid_content":false,"footnotes":""},"categories":[2341,5],"tags":[],"class_list":["post-5528","post","type-post","status-publish","format-standard","has-post-thumbnail","hentry","category-legitati","category-sfaturi-utile-tips-and-tricks"],"yoast_head":"<!-- This site is optimized with the Yoast SEO plugin v28.2 - https:\/\/yoast.com\/product\/yoast-seo-wordpress\/ -->\n<title>Legitatea #120: Limba este oglinda digestiei - minuneanaturii.ro<\/title>\n<meta name=\"robots\" content=\"index, follow, max-snippet:-1, max-image-preview:large, max-video-preview:-1\" \/>\n<meta property=\"og:locale\" content=\"ro_RO\" \/>\n<meta property=\"og:type\" content=\"article\" \/>\n<meta property=\"og:title\" content=\"Legitatea #120: Limba este oglinda digestiei - Blogul Minunea Naturii\" \/>\n<meta property=\"og:description\" content=\"Te-ai trezit vreodat\u0103 cu un gust foarte r\u0103u \u00een gur\u0103, sau\/\u0219i cu o limb\u0103 extrem de \u00eenc\u0103rcat\u0103? Diminea\u021ba la prima or\u0103 starea cavit\u0103\u021bii bucale ne reflect\u0103 de fapt starea sistemulu\u2026\" \/>\n<meta property=\"og:url\" content=\"https:\/\/minuneanaturii.ro\/blog\/legitatea-120-limba-este-oglinda-digestiei\" \/>\n<meta property=\"og:site_name\" content=\"Blogul Minunea Naturii\" \/>\n<meta property=\"article:author\" content=\"https:\/\/www.facebook.com\/minuneanaturii\/\" \/>\n<meta property=\"article:published_time\" content=\"2022-06-24T12:22:01+00:00\" \/>\n<meta property=\"article:modified_time\" content=\"2024-07-12T14:35:32+00:00\" \/>\n<meta property=\"og:image\" content=\"https:\/\/minuneanaturii.ro\/blog\/wp-content\/uploads\/2022\/06\/120.jpeg\" \/>\n\t<meta property=\"og:image:width\" content=\"1080\" \/>\n\t<meta property=\"og:image:height\" content=\"1080\" \/>\n\t<meta property=\"og:image:type\" content=\"image\/jpeg\" \/>\n<meta name=\"author\" content=\"Farm. Anca si Adrian Ienin\" \/>\n<meta name=\"twitter:card\" content=\"summary_large_image\" \/>\n<meta name=\"twitter:label1\" content=\"Scris de\" \/>\n\t<meta name=\"twitter:data1\" content=\"Farm. Anca si Adrian Ienin\" \/>\n\t<meta name=\"twitter:label2\" content=\"Timp estimat pentru citire\" \/>\n\t<meta name=\"twitter:data2\" content=\"1 minut\" \/>\n<script type=\"application\/ld+json\" class=\"yoast-schema-graph\">{\"@context\":\"https:\\\/\\\/schema.org\",\"@graph\":[{\"@type\":\"Article\",\"@id\":\"https:\\\/\\\/minuneanaturii.ro\\\/blog\\\/legitatea-120-limba-este-oglinda-digestiei#article\",\"isPartOf\":{\"@id\":\"https:\\\/\\\/minuneanaturii.ro\\\/blog\\\/legitatea-120-limba-este-oglinda-digestiei\"},\"author\":{\"name\":\"Farm. Anca si Adrian Ienin\",\"@id\":\"https:\\\/\\\/minuneanaturii.ro\\\/blog\\\/#\\\/schema\\\/person\\\/f2d61b0d1b99f774c2026e5355657712\"},\"headline\":\"Legitatea #120: Limba este oglinda digestiei\",\"datePublished\":\"2022-06-24T12:22:01+00:00\",\"dateModified\":\"2024-07-12T14:35:32+00:00\",\"mainEntityOfPage\":{\"@id\":\"https:\\\/\\\/minuneanaturii.ro\\\/blog\\\/legitatea-120-limba-este-oglinda-digestiei\"},\"wordCount\":282,\"commentCount\":1,\"image\":{\"@id\":\"https:\\\/\\\/minuneanaturii.ro\\\/blog\\\/legitatea-120-limba-este-oglinda-digestiei#primaryimage\"},\"thumbnailUrl\":\"https:\\\/\\\/i0.wp.com\\\/minuneanaturii.ro\\\/blog\\\/wp-content\\\/uploads\\\/2022\\\/06\\\/120.jpeg?fit=1080%2C1080&ssl=1\",\"articleSection\":[\"Legitati\",\"Sfaturi utile - Tips and Tricks\"],\"inLanguage\":\"ro-RO\",\"potentialAction\":[{\"@type\":\"CommentAction\",\"name\":\"Comment\",\"target\":[\"https:\\\/\\\/minuneanaturii.ro\\\/blog\\\/legitatea-120-limba-este-oglinda-digestiei#respond\"]}]},{\"@type\":\"WebPage\",\"@id\":\"https:\\\/\\\/minuneanaturii.ro\\\/blog\\\/legitatea-120-limba-este-oglinda-digestiei\",\"url\":\"https:\\\/\\\/minuneanaturii.ro\\\/blog\\\/legitatea-120-limba-este-oglinda-digestiei\",\"name\":\"Legitatea #120: Limba este oglinda digestiei - Blogul Minunea Naturii\",\"isPartOf\":{\"@id\":\"https:\\\/\\\/minuneanaturii.ro\\\/blog\\\/#website\"},\"primaryImageOfPage\":{\"@id\":\"https:\\\/\\\/minuneanaturii.ro\\\/blog\\\/legitatea-120-limba-este-oglinda-digestiei#primaryimage\"},\"image\":{\"@id\":\"https:\\\/\\\/minuneanaturii.ro\\\/blog\\\/legitatea-120-limba-este-oglinda-digestiei#primaryimage\"},\"thumbnailUrl\":\"https:\\\/\\\/i0.wp.com\\\/minuneanaturii.ro\\\/blog\\\/wp-content\\\/uploads\\\/2022\\\/06\\\/120.jpeg?fit=1080%2C1080&ssl=1\",\"datePublished\":\"2022-06-24T12:22:01+00:00\",\"dateModified\":\"2024-07-12T14:35:32+00:00\",\"author\":{\"@id\":\"https:\\\/\\\/minuneanaturii.ro\\\/blog\\\/#\\\/schema\\\/person\\\/f2d61b0d1b99f774c2026e5355657712\"},\"breadcrumb\":{\"@id\":\"https:\\\/\\\/minuneanaturii.ro\\\/blog\\\/legitatea-120-limba-este-oglinda-digestiei#breadcrumb\"},\"inLanguage\":\"ro-RO\",\"potentialAction\":[{\"@type\":\"ReadAction\",\"target\":[\"https:\\\/\\\/minuneanaturii.ro\\\/blog\\\/legitatea-120-limba-este-oglinda-digestiei\"]}]},{\"@type\":\"ImageObject\",\"inLanguage\":\"ro-RO\",\"@id\":\"https:\\\/\\\/minuneanaturii.ro\\\/blog\\\/legitatea-120-limba-este-oglinda-digestiei#primaryimage\",\"url\":\"https:\\\/\\\/i0.wp.com\\\/minuneanaturii.ro\\\/blog\\\/wp-content\\\/uploads\\\/2022\\\/06\\\/120.jpeg?fit=1080%2C1080&ssl=1\",\"contentUrl\":\"https:\\\/\\\/i0.wp.com\\\/minuneanaturii.ro\\\/blog\\\/wp-content\\\/uploads\\\/2022\\\/06\\\/120.jpeg?fit=1080%2C1080&ssl=1\",\"width\":1080,\"height\":1080,\"caption\":\"Legitatea #120: Limba este oglinda digestiei\"},{\"@type\":\"BreadcrumbList\",\"@id\":\"https:\\\/\\\/minuneanaturii.ro\\\/blog\\\/legitatea-120-limba-este-oglinda-digestiei#breadcrumb\",\"itemListElement\":[{\"@type\":\"ListItem\",\"position\":1,\"name\":\"Prima pagin\u0103\",\"item\":\"https:\\\/\\\/minuneanaturii.ro\\\/blog\\\/\"},{\"@type\":\"ListItem\",\"position\":2,\"name\":\"Legitatea #120: Limba este oglinda digestiei\"}]},{\"@type\":\"WebSite\",\"@id\":\"https:\\\/\\\/minuneanaturii.ro\\\/blog\\\/#website\",\"url\":\"https:\\\/\\\/minuneanaturii.ro\\\/blog\\\/\",\"name\":\"Blogul Minunea Naturii\",\"description\":\"informatii utile despre sanatate, alimentatie si tratemnte holistice\",\"potentialAction\":[{\"@type\":\"SearchAction\",\"target\":{\"@type\":\"EntryPoint\",\"urlTemplate\":\"https:\\\/\\\/minuneanaturii.ro\\\/blog\\\/?s={search_term_string}\"},\"query-input\":{\"@type\":\"PropertyValueSpecification\",\"valueRequired\":true,\"valueName\":\"search_term_string\"}}],\"inLanguage\":\"ro-RO\"},{\"@type\":\"Person\",\"@id\":\"https:\\\/\\\/minuneanaturii.ro\\\/blog\\\/#\\\/schema\\\/person\\\/f2d61b0d1b99f774c2026e5355657712\",\"name\":\"Farm. Anca si Adrian Ienin\",\"image\":{\"@type\":\"ImageObject\",\"inLanguage\":\"ro-RO\",\"@id\":\"https:\\\/\\\/secure.gravatar.com\\\/avatar\\\/ad4ecb84085c66eae03365f7a2f872d8fee2056710d75b48754261be4b5f8abd?s=96&d=mm&r=g\",\"url\":\"https:\\\/\\\/secure.gravatar.com\\\/avatar\\\/ad4ecb84085c66eae03365f7a2f872d8fee2056710d75b48754261be4b5f8abd?s=96&d=mm&r=g\",\"contentUrl\":\"https:\\\/\\\/secure.gravatar.com\\\/avatar\\\/ad4ecb84085c66eae03365f7a2f872d8fee2056710d75b48754261be4b5f8abd?s=96&d=mm&r=g\",\"caption\":\"Farm. Anca si Adrian Ienin\"},\"description\":\"Anca si Adrian Ienin, farmacisti naturopati si fondatori ai conceptului Minunea Naturii. Au transformat pasiunea pentru alimentatie, stil de viata sanatos si tratamente naturale intr-un concept dedicat sanatatii depline. Scriu articole documentate de ultimele studii in domeniu si din experienta directa cu pacientii. Cred in exemplul propriu si integritate, astfel informatia furnizata este credibila si autentica. Farm. Anca \u0219i Adrian Ienin sunt co-fondatorii conceptului Minunea Naturii \u0219i promotori ai unei viziuni integrative asupra s\u0103n\u0103t\u0103\u021bii, \u00een care \u0219tiin\u021ba modern\u0103 se \u00eent\u00e2lne\u0219te cu \u00een\u021belepciunea tradi\u021bional\u0103. Cu o experien\u021b\u0103 de peste un deceniu \u00een domeniul terapiilor naturale, nutri\u021biei func\u021bionale \u0219i suplimentelor de calitate, cei doi autori ofer\u0103 informa\u021bii valoroase, bine documentate \u0219i orientate spre rezultate reale \u00een echilibrarea organismului. Prin articolele \u0219i proiectele lor educa\u021bionale, Anca \u0219i Adrian \u00eencurajeaz\u0103 oamenii s\u0103 \u00ee\u0219i asume responsabilitatea pentru propria s\u0103n\u0103tate, s\u0103 \u00ee\u0219i dezvolte discern\u0103m\u00e2ntul \u00een alegerea produselor naturale \u0219i s\u0103 adopte un stil de via\u021b\u0103 con\u0219tient, \u00een armonie cu ritmurile corpului \u0219i ale naturii. Articolele lor \u00eembin\u0103 rigoarea \u0219tiin\u021bific\u0103 cu empatia practic\u0103, av\u00e2nd la baz\u0103 at\u00e2t cuno\u0219tin\u021be academice, c\u00e2t \u0219i experien\u021b\u0103 direct\u0103 cu mii de clien\u021bi \u0219i pacien\u021bi. Viziunea lor este una clar\u0103: s\u0103n\u0103tatea nu se reduce la absen\u021ba bolii, ci este un proces activ de echilibru fizic, emo\u021bional, mental \u0219i spiritual \u2013 un drum spre vitalitate, autonomie \u0219i sens.\",\"sameAs\":[\"https:\\\/\\\/www.minuneanaturii.ro\",\"https:\\\/\\\/www.facebook.com\\\/minuneanaturii\\\/\",\"https:\\\/\\\/www.instagram.com\\\/minuneanaturii\\\/\",\"https:\\\/\\\/www.linkedin.com\\\/company\\\/minunea-naturii\",\"https:\\\/\\\/www.youtube.com\\\/@MinuneaNaturii\"],\"url\":\"https:\\\/\\\/minuneanaturii.ro\\\/blog\\\/author\\\/ancasiadrianienin\"}]}<\/script>\n<!-- \/ Yoast SEO plugin. -->","yoast_head_json":{"title":"Legitatea #120: Limba este oglinda digestiei - minuneanaturii.ro","robots":{"index":"index","follow":"follow","max-snippet":"max-snippet:-1","max-image-preview":"max-image-preview:large","max-video-preview":"max-video-preview:-1"},"og_locale":"ro_RO","og_type":"article","og_title":"Legitatea #120: Limba este oglinda digestiei - Blogul Minunea Naturii","og_description":"Te-ai trezit vreodat\u0103 cu un gust foarte r\u0103u \u00een gur\u0103, sau\/\u0219i cu o limb\u0103 extrem de \u00eenc\u0103rcat\u0103? Diminea\u021ba la prima or\u0103 starea cavit\u0103\u021bii bucale ne reflect\u0103 de fapt starea sistemulu\u2026","og_url":"https:\/\/minuneanaturii.ro\/blog\/legitatea-120-limba-este-oglinda-digestiei","og_site_name":"Blogul Minunea Naturii","article_author":"https:\/\/www.facebook.com\/minuneanaturii\/","article_published_time":"2022-06-24T12:22:01+00:00","article_modified_time":"2024-07-12T14:35:32+00:00","og_image":[{"width":1080,"height":1080,"url":"https:\/\/minuneanaturii.ro\/blog\/wp-content\/uploads\/2022\/06\/120.jpeg","type":"image\/jpeg"}],"author":"Farm. Anca si Adrian Ienin","twitter_card":"summary_large_image","twitter_misc":{"Scris de":"Farm. Anca si Adrian Ienin","Timp estimat pentru citire":"1 minut"},"schema":{"@context":"https:\/\/schema.org","@graph":[{"@type":"Article","@id":"https:\/\/minuneanaturii.ro\/blog\/legitatea-120-limba-este-oglinda-digestiei#article","isPartOf":{"@id":"https:\/\/minuneanaturii.ro\/blog\/legitatea-120-limba-este-oglinda-digestiei"},"author":{"name":"Farm. Anca si Adrian Ienin","@id":"https:\/\/minuneanaturii.ro\/blog\/#\/schema\/person\/f2d61b0d1b99f774c2026e5355657712"},"headline":"Legitatea #120: Limba este oglinda digestiei","datePublished":"2022-06-24T12:22:01+00:00","dateModified":"2024-07-12T14:35:32+00:00","mainEntityOfPage":{"@id":"https:\/\/minuneanaturii.ro\/blog\/legitatea-120-limba-este-oglinda-digestiei"},"wordCount":282,"commentCount":1,"image":{"@id":"https:\/\/minuneanaturii.ro\/blog\/legitatea-120-limba-este-oglinda-digestiei#primaryimage"},"thumbnailUrl":"https:\/\/i0.wp.com\/minuneanaturii.ro\/blog\/wp-content\/uploads\/2022\/06\/120.jpeg?fit=1080%2C1080&ssl=1","articleSection":["Legitati","Sfaturi utile - Tips and Tricks"],"inLanguage":"ro-RO","potentialAction":[{"@type":"CommentAction","name":"Comment","target":["https:\/\/minuneanaturii.ro\/blog\/legitatea-120-limba-este-oglinda-digestiei#respond"]}]},{"@type":"WebPage","@id":"https:\/\/minuneanaturii.ro\/blog\/legitatea-120-limba-este-oglinda-digestiei","url":"https:\/\/minuneanaturii.ro\/blog\/legitatea-120-limba-este-oglinda-digestiei","name":"Legitatea #120: Limba este oglinda digestiei - Blogul Minunea Naturii","isPartOf":{"@id":"https:\/\/minuneanaturii.ro\/blog\/#website"},"primaryImageOfPage":{"@id":"https:\/\/minuneanaturii.ro\/blog\/legitatea-120-limba-este-oglinda-digestiei#primaryimage"},"image":{"@id":"https:\/\/minuneanaturii.ro\/blog\/legitatea-120-limba-este-oglinda-digestiei#primaryimage"},"thumbnailUrl":"https:\/\/i0.wp.com\/minuneanaturii.ro\/blog\/wp-content\/uploads\/2022\/06\/120.jpeg?fit=1080%2C1080&ssl=1","datePublished":"2022-06-24T12:22:01+00:00","dateModified":"2024-07-12T14:35:32+00:00","author":{"@id":"https:\/\/minuneanaturii.ro\/blog\/#\/schema\/person\/f2d61b0d1b99f774c2026e5355657712"},"breadcrumb":{"@id":"https:\/\/minuneanaturii.ro\/blog\/legitatea-120-limba-este-oglinda-digestiei#breadcrumb"},"inLanguage":"ro-RO","potentialAction":[{"@type":"ReadAction","target":["https:\/\/minuneanaturii.ro\/blog\/legitatea-120-limba-este-oglinda-digestiei"]}]},{"@type":"ImageObject","inLanguage":"ro-RO","@id":"https:\/\/minuneanaturii.ro\/blog\/legitatea-120-limba-este-oglinda-digestiei#primaryimage","url":"https:\/\/i0.wp.com\/minuneanaturii.ro\/blog\/wp-content\/uploads\/2022\/06\/120.jpeg?fit=1080%2C1080&ssl=1","contentUrl":"https:\/\/i0.wp.com\/minuneanaturii.ro\/blog\/wp-content\/uploads\/2022\/06\/120.jpeg?fit=1080%2C1080&ssl=1","width":1080,"height":1080,"caption":"Legitatea #120: Limba este oglinda digestiei"},{"@type":"BreadcrumbList","@id":"https:\/\/minuneanaturii.ro\/blog\/legitatea-120-limba-este-oglinda-digestiei#breadcrumb","itemListElement":[{"@type":"ListItem","position":1,"name":"Prima pagin\u0103","item":"https:\/\/minuneanaturii.ro\/blog\/"},{"@type":"ListItem","position":2,"name":"Legitatea #120: Limba este oglinda digestiei"}]},{"@type":"WebSite","@id":"https:\/\/minuneanaturii.ro\/blog\/#website","url":"https:\/\/minuneanaturii.ro\/blog\/","name":"Blogul Minunea Naturii","description":"informatii utile despre sanatate, alimentatie si tratemnte holistice","potentialAction":[{"@type":"SearchAction","target":{"@type":"EntryPoint","urlTemplate":"https:\/\/minuneanaturii.ro\/blog\/?s={search_term_string}"},"query-input":{"@type":"PropertyValueSpecification","valueRequired":true,"valueName":"search_term_string"}}],"inLanguage":"ro-RO"},{"@type":"Person","@id":"https:\/\/minuneanaturii.ro\/blog\/#\/schema\/person\/f2d61b0d1b99f774c2026e5355657712","name":"Farm. Anca si Adrian Ienin","image":{"@type":"ImageObject","inLanguage":"ro-RO","@id":"https:\/\/secure.gravatar.com\/avatar\/ad4ecb84085c66eae03365f7a2f872d8fee2056710d75b48754261be4b5f8abd?s=96&d=mm&r=g","url":"https:\/\/secure.gravatar.com\/avatar\/ad4ecb84085c66eae03365f7a2f872d8fee2056710d75b48754261be4b5f8abd?s=96&d=mm&r=g","contentUrl":"https:\/\/secure.gravatar.com\/avatar\/ad4ecb84085c66eae03365f7a2f872d8fee2056710d75b48754261be4b5f8abd?s=96&d=mm&r=g","caption":"Farm. Anca si Adrian Ienin"},"description":"Anca si Adrian Ienin, farmacisti naturopati si fondatori ai conceptului Minunea Naturii. Au transformat pasiunea pentru alimentatie, stil de viata sanatos si tratamente naturale intr-un concept dedicat sanatatii depline. Scriu articole documentate de ultimele studii in domeniu si din experienta directa cu pacientii. Cred in exemplul propriu si integritate, astfel informatia furnizata este credibila si autentica. Farm. Anca \u0219i Adrian Ienin sunt co-fondatorii conceptului Minunea Naturii \u0219i promotori ai unei viziuni integrative asupra s\u0103n\u0103t\u0103\u021bii, \u00een care \u0219tiin\u021ba modern\u0103 se \u00eent\u00e2lne\u0219te cu \u00een\u021belepciunea tradi\u021bional\u0103. Cu o experien\u021b\u0103 de peste un deceniu \u00een domeniul terapiilor naturale, nutri\u021biei func\u021bionale \u0219i suplimentelor de calitate, cei doi autori ofer\u0103 informa\u021bii valoroase, bine documentate \u0219i orientate spre rezultate reale \u00een echilibrarea organismului. Prin articolele \u0219i proiectele lor educa\u021bionale, Anca \u0219i Adrian \u00eencurajeaz\u0103 oamenii s\u0103 \u00ee\u0219i asume responsabilitatea pentru propria s\u0103n\u0103tate, s\u0103 \u00ee\u0219i dezvolte discern\u0103m\u00e2ntul \u00een alegerea produselor naturale \u0219i s\u0103 adopte un stil de via\u021b\u0103 con\u0219tient, \u00een armonie cu ritmurile corpului \u0219i ale naturii. Articolele lor \u00eembin\u0103 rigoarea \u0219tiin\u021bific\u0103 cu empatia practic\u0103, av\u00e2nd la baz\u0103 at\u00e2t cuno\u0219tin\u021be academice, c\u00e2t \u0219i experien\u021b\u0103 direct\u0103 cu mii de clien\u021bi \u0219i pacien\u021bi. Viziunea lor este una clar\u0103: s\u0103n\u0103tatea nu se reduce la absen\u021ba bolii, ci este un proces activ de echilibru fizic, emo\u021bional, mental \u0219i spiritual \u2013 un drum spre vitalitate, autonomie \u0219i sens.","sameAs":["https:\/\/www.minuneanaturii.ro","https:\/\/www.facebook.com\/minuneanaturii\/","https:\/\/www.instagram.com\/minuneanaturii\/","https:\/\/www.linkedin.com\/company\/minunea-naturii","https:\/\/www.youtube.com\/@MinuneaNaturii"],"url":"https:\/\/minuneanaturii.ro\/blog\/author\/ancasiadrianienin"}]}},"jetpack_featured_media_url":"https:\/\/i0.wp.com\/minuneanaturii.ro\/blog\/wp-content\/uploads\/2022\/06\/120.jpeg?fit=1080%2C1080&ssl=1","jetpack_sharing_enabled":true,"_links":{"self":[{"href":"https:\/\/minuneanaturii.ro\/blog\/wp-json\/wp\/v2\/posts\/5528","targetHints":{"allow":["GET"]}}],"collection":[{"href":"https:\/\/minuneanaturii.ro\/blog\/wp-json\/wp\/v2\/posts"}],"about":[{"href":"https:\/\/minuneanaturii.ro\/blog\/wp-json\/wp\/v2\/types\/post"}],"author":[{"embeddable":true,"href":"https:\/\/minuneanaturii.ro\/blog\/wp-json\/wp\/v2\/users\/101011"}],"replies":[{"embeddable":true,"href":"https:\/\/minuneanaturii.ro\/blog\/wp-json\/wp\/v2\/comments?post=5528"}],"version-history":[{"count":1,"href":"https:\/\/minuneanaturii.ro\/blog\/wp-json\/wp\/v2\/posts\/5528\/revisions"}],"predecessor-version":[{"id":5529,"href":"https:\/\/minuneanaturii.ro\/blog\/wp-json\/wp\/v2\/posts\/5528\/revisions\/5529"}],"wp:featuredmedia":[{"embeddable":true,"href":"https:\/\/minuneanaturii.ro\/blog\/wp-json\/wp\/v2\/media\/5516"}],"wp:attachment":[{"href":"https:\/\/minuneanaturii.ro\/blog\/wp-json\/wp\/v2\/media?parent=5528"}],"wp:term":[{"taxonomy":"category","embeddable":true,"href":"https:\/\/minuneanaturii.ro\/blog\/wp-json\/wp\/v2\/categories?post=5528"},{"taxonomy":"post_tag","embeddable":true,"href":"https:\/\/minuneanaturii.ro\/blog\/wp-json\/wp\/v2\/tags?post=5528"}],"curies":[{"name":"wp","href":"https:\/\/api.w.org\/{rel}","templated":true}]}}