{"id":5158,"date":"2022-02-21T13:19:16","date_gmt":"2022-02-21T11:19:16","guid":{"rendered":"https:\/\/minuneanaturii.ro\/blog\/?p=5158"},"modified":"2024-12-17T08:25:38","modified_gmt":"2024-12-17T06:25:38","slug":"legitatea-31-cu-cat-febra-este-mai-mare-cu-atat-imunitatea-este-mai-puternica","status":"publish","type":"post","link":"https:\/\/minuneanaturii.ro\/blog\/legitatea-31-cu-cat-febra-este-mai-mare-cu-atat-imunitatea-este-mai-puternica","title":{"rendered":"Cu c\u00e2t febra este mai mare cu at\u00e2t imunitatea este mai puternic\u0103! (Legitatea #31)"},"content":{"rendered":"<div id=\"ez-toc-container\" class=\"ez-toc-v2_0_87 ez-toc-wrap-left counter-hierarchy ez-toc-counter ez-toc-white ez-toc-container-direction\">\n<div class=\"ez-toc-title-container\">\n<p class=\"ez-toc-title\" style=\"cursor:inherit\">Continut articol<\/p>\n<span class=\"ez-toc-title-toggle\"><\/span><\/div>\n<nav><ul class='ez-toc-list ez-toc-list-level-1 ' ><ul class='ez-toc-list-level-3' ><li class='ez-toc-heading-level-3'><a class=\"ez-toc-link ez-toc-heading-1\" href=\"#\" data-href=\"https:\/\/minuneanaturii.ro\/blog\/legitatea-31-cu-cat-febra-este-mai-mare-cu-atat-imunitatea-este-mai-puternica\/#Deci_febra_nu_este_rea_ci_ea_ne_ajuta_sa_scapam_mai_repede_de_o_infectie\" >Deci febra nu este rea ci ea ne ajut\u0103 s\u0103 sc\u0103p\u0103m mai repede de o infec\u021bie!<\/a><\/li><\/ul><\/li><li class='ez-toc-page-1 ez-toc-heading-level-2'><a class=\"ez-toc-link ez-toc-heading-2\" href=\"#\" data-href=\"https:\/\/minuneanaturii.ro\/blog\/legitatea-31-cu-cat-febra-este-mai-mare-cu-atat-imunitatea-este-mai-puternica\/#Ce_efecte_are_febra\" >Ce efecte are febra?<\/a><\/li><li class='ez-toc-page-1 ez-toc-heading-level-2'><a class=\"ez-toc-link ez-toc-heading-3\" href=\"#\" data-href=\"https:\/\/minuneanaturii.ro\/blog\/legitatea-31-cu-cat-febra-este-mai-mare-cu-atat-imunitatea-este-mai-puternica\/#Cat_de_mare_poate_fi_febra\" >C\u00e2t de mare poate fi febra?<\/a><\/li><li class='ez-toc-page-1 ez-toc-heading-level-2'><a class=\"ez-toc-link ez-toc-heading-4\" href=\"#\" data-href=\"https:\/\/minuneanaturii.ro\/blog\/legitatea-31-cu-cat-febra-este-mai-mare-cu-atat-imunitatea-este-mai-puternica\/#Efectele_febrei_inalte\" >Efectele febrei \u00eenalte<\/a><\/li><\/ul><\/nav><\/div>\n<p><span class=\" author-d-\">Febra este un mecanism de ap\u0103rare \u0219i protec\u021bie al organismului prin care bacteriile \u0219i virusurile sunt rapid distruse, ele fiind efectiv pr\u0103jite de temperatura ridicat\u0103. <\/span><\/p>\n<h3><span class=\"ez-toc-section\" id=\"Deci_febra_nu_este_rea_ci_ea_ne_ajuta_sa_scapam_mai_repede_de_o_infectie\"><\/span><span class=\" author-d-\"><b>Deci febra nu este rea ci ea ne ajut\u0103 s\u0103 sc\u0103p\u0103m mai repede de o infec\u021bie!<\/b><\/span><span class=\"ez-toc-section-end\"><\/span><\/h3>\n<p><span class=\" author-d-\">Dac\u0103 ai \u00een familie copii mici sau bebelu\u0219i poate ai observat c\u0103 ei fac febr\u0103 mare mai des \u0219i mai u\u0219or. Asta este datorit\u0103 faptului c\u0103 au un <strong>sistem imunitar care reac\u021bioneaz\u0103 foarte rapid \u0219i intens.<\/strong><\/span><\/p>\n<p><span class=\" author-d-\">B\u0103tr\u00e2nii \u0219i cei bolnavi de boli cronice \u00een schimb, fac febr\u0103 mai rar sau deloc \u0219i chiar de multe ori se laud\u0103:<\/span> <span class=\" author-d-h-bdquo\">\u201e<\/span><span class=\" author-d-h-bdquo\"><i>Am<\/i><\/span><span class=\" author-d-\"><i> r\u0103cit dar nu am f\u0103cut febra!<\/i><\/span><span class=\" author-d-\">\u201d De fapt mecanismele de lupt\u0103 al organismului nu mai au for\u021ba de a lupta.\u00a0<\/span><\/p>\n<p><span class=\" author-d-\">\u00cen esen\u021b\u0103, o r\u0103ceal\u0103 sau o grip\u0103, nu este altceva dec\u00e2t o <a href=\"https:\/\/minuneanaturii.ro\/blog\/boala-sau-incercare-de-detoxifiere\"><strong>\u00eencercare de detoxifiere a organismului<\/strong><\/a>! \u2026dar despre asta in alt\u0103 legitate\u2026<\/span><\/p>\n<p><strong><span class=\" author-d-\">A\u0219adar, cu c\u00e2t febra este mai mare cu at\u00e2t imunitatea este mai puternic\u0103!<\/span><\/strong><\/p>\n<h2><span class=\"ez-toc-section\" id=\"Ce_efecte_are_febra\"><\/span><strong>Ce efecte are febra?<\/strong><span class=\"ez-toc-section-end\"><\/span><\/h2>\n<p>C\u0103ldura febrei m\u0103re\u0219te performan\u021ba celulelor imune, induce direct stres asupra agen\u021bilor patogeni \u0219i a celulelor infectate \u0219i se combin\u0103 cu al\u021bi factori de stres benefici pentru organismul nostru, dar nocivi pentru bacterii pentru a oferi o ap\u0103rare imun\u0103 nespecific\u0103 c\u00e2t mai bun\u0103.<\/p>\n<p>Febra natural\u0103 ofer\u0103 un r\u0103spuns integrat, natural \u0219i puternic care nu numai c\u0103 activeaz\u0103 ap\u0103rarea \u00eempotriva infec\u021biilor, dar ajut\u0103 \u0219i la controlul acesteia.<\/p>\n<h2><span class=\"ez-toc-section\" id=\"Cat_de_mare_poate_fi_febra\"><\/span><strong>C\u00e2t de mare poate fi febra?<\/strong><span class=\"ez-toc-section-end\"><\/span><\/h2>\n<p>C\u00e2nd suntem s\u0103n\u0103to\u0219i, temperatura corpului nostru tinde s\u0103 graviteze \u00een jurul valorii de 37 \u00b0 C, dar atunci c\u00e2nd se confrunt\u0103 cu o infec\u021bie sau un virus, temperatura corpului cre\u0219te adesea, duc\u00e2nd la febr\u0103.<\/p>\n<p>C\u00e2nd temperatura corpului cre\u0219te la aproximativ 38-38,5 \u00b0 C , medicii o clasific\u0103 drept febr\u0103 u\u0219oar\u0103. Cre\u0219terile mai mari ale temperaturii corpului p\u00e2n\u0103 la aproximativ 39,5-40,5 \u00b0 C sunt considerate febr\u0103 mare.<\/p>\n<p>C\u00e2nd o persoan\u0103 are r\u0103ceal\u0103, de exemplu, poate avea o febr\u0103 u\u0219oar\u0103 iar gripa de obicei vine cu o febr\u0103 mai brusc\u0103 \u0219i mai mare. Acest lucru poate determina pe mul\u021bi oameni s\u0103 caute antipiretice \u0219i <a href=\"https:\/\/www.minuneanaturii.ro\/antiinflamatoare-naturale\"><strong>antiinflamatoare<\/strong> <\/a>pentru a o trata.<\/p>\n<p>Cu toate acestea, <strong>febra nu este \u00eentotdeauna un semn r\u0103u<\/strong>. Febra este un bun indiciu c\u0103 sistemul imunitar \u00ee\u0219i face treaba.<\/p>\n<p><em><strong>De fapt, o temperatur\u0103 ridicat\u0103 a corpului declan\u0219eaz\u0103 mecanisme celulare care asigur\u0103 c\u0103 <a href=\"https:\/\/minuneanaturii.ro\/blog\/antoine-bechamp-vs-louis-pasteur-terenul-sau-microbul-teoria-pleomorfismului-si-abordari-contradictorii-asupra-infectiilor\">sistemul imunitar<\/a> ia m\u0103surile adecvate \u00eempotriva virusului sau bacteriilor.<\/strong><\/em><\/p>\n<h2><span class=\"ez-toc-section\" id=\"Efectele_febrei_inalte\"><\/span><strong>Efectele febrei \u00eenalte<\/strong><span class=\"ez-toc-section-end\"><\/span><\/h2>\n<p>Efectul secundar nedorit al unei febre foarte \u00eenalte poate provoca convulsii \u00een special la copii, ceea ce nu este de dorit. Dar p\u00e2n\u0103 la 39 \u00b0 C pentru copii \u0219i p\u00e2n\u0103 la 40 \u00b0 C pentru adul\u021bi ne afl\u0103m \u00een plaja de siguran\u021b\u0103 \u00een care aceste efecte secundare nu apar.<\/p>\n<hr \/>\n<p><span class=\" author-d-\">\u00cen concluzie, nu administra antipiretice, antiinflamatoare \u0219i nici antibiotice de la primele semne de febr\u0103, ci las\u0103 organismul s\u0103 lupte \u0219i mai degrab\u0103 administreaz\u0103 <a href=\"https:\/\/www.minuneanaturii.ro\/imunitate\"><strong>suplimente care s\u0103 creasc\u0103 imunitate<\/strong><\/a> pentru <a href=\"https:\/\/www.minuneanaturii.ro\/imunitate-copii\"><strong>copii<\/strong> <\/a>sau pentru <a href=\"https:\/\/www.minuneanaturii.ro\/imunitate-adulti\">adul\u021bi<\/a>.\u00a0<\/span><\/p>\n<p><span class=\" author-d-\"><i>Bucuro\u0219i s\u0103 te \u0219tim s\u0103n\u0103tos,<\/i><\/span><\/p>\n<p><span class=\"ace-all-bold-hthree\"><span class=\" author-d-\"><b><i>Farm. Anca \u0219i Adrian Ienin<\/i><\/b><\/span><\/span><\/p>\n<hr \/>\n<p>Referinte:<\/p>\n<p>&#8211; https:\/\/www.ualberta.ca\/folio\/2023\/03\/mild-fever-helps-clear-infections-faster-new-study-suggests.html<br \/>\n&#8211; https:\/\/theconversation.com\/how-does-fever-help-fight-infections-theres-more-to-it-than-even-some-scientists-realize-210240<br \/>\n&#8211; https:\/\/www.sciencedaily.com\/releases\/2023\/03\/230315132451.htm<\/p>\n","protected":false},"excerpt":{"rendered":"<p>Febra este un mecanism de ap\u0103rare \u0219i protec\u021bie al organismului prin care bacteriile \u0219i virusurile sunt rapid distruse, ele fiind efectiv pr\u0103jite de temperatura ridicat\u0103. Deci febra nu este rea ci ea ne ajut\u0103 s\u0103 sc\u0103p\u0103m mai repede de o infec\u021bie! Dac\u0103 ai \u00een familie copii mici sau bebelu\u0219i poate ai observat c\u0103 ei fac &#8230;<\/p>\n","protected":false},"author":101011,"featured_media":5145,"comment_status":"open","ping_status":"closed","sticky":false,"template":"","format":"standard","meta":{"_jetpack_memberships_contains_paid_content":false,"footnotes":""},"categories":[2341,414,5],"tags":[],"class_list":["post-5158","post","type-post","status-publish","format-standard","has-post-thumbnail","hentry","category-legitati","category-sanatate","category-sfaturi-utile-tips-and-tricks"],"yoast_head":"<!-- This site is optimized with the Yoast SEO plugin v28.2 - https:\/\/yoast.com\/product\/yoast-seo-wordpress\/ -->\n<title>Cu c\u00e2t febra este mai mare cu at\u00e2t imunitatea este mai puternic\u0103! (Legitatea #31) - minuneanaturii.ro<\/title>\n<meta name=\"robots\" content=\"index, follow, max-snippet:-1, max-image-preview:large, max-video-preview:-1\" \/>\n<meta property=\"og:locale\" content=\"ro_RO\" \/>\n<meta property=\"og:type\" content=\"article\" \/>\n<meta property=\"og:title\" content=\"Cu c\u00e2t febra este mai mare cu at\u00e2t imunitatea este mai puternic\u0103! (Legitatea #31) - Blogul Minunea Naturii\" \/>\n<meta property=\"og:description\" content=\"Febra este un mecanism de ap\u0103rare \u0219i protec\u021bie al organismului prin care bacteriile \u0219i virusurile sunt rapid distruse, ele fiind efectiv pr\u0103jite de temperatura ridicat\u0103. Deci \u2026\" \/>\n<meta property=\"og:url\" content=\"https:\/\/minuneanaturii.ro\/blog\/legitatea-31-cu-cat-febra-este-mai-mare-cu-atat-imunitatea-este-mai-puternica\" \/>\n<meta property=\"og:site_name\" content=\"Blogul Minunea Naturii\" \/>\n<meta property=\"article:author\" content=\"https:\/\/www.facebook.com\/minuneanaturii\/\" \/>\n<meta property=\"article:published_time\" content=\"2022-02-21T11:19:16+00:00\" \/>\n<meta property=\"article:modified_time\" content=\"2024-12-17T06:25:38+00:00\" \/>\n<meta property=\"og:image\" content=\"https:\/\/minuneanaturii.ro\/blog\/wp-content\/uploads\/2022\/02\/31.jpeg\" \/>\n\t<meta property=\"og:image:width\" content=\"1080\" \/>\n\t<meta property=\"og:image:height\" content=\"1080\" \/>\n\t<meta property=\"og:image:type\" content=\"image\/jpeg\" \/>\n<meta name=\"author\" content=\"Farm. Anca si Adrian Ienin\" \/>\n<meta name=\"twitter:card\" content=\"summary_large_image\" \/>\n<meta name=\"twitter:label1\" content=\"Scris de\" \/>\n\t<meta name=\"twitter:data1\" content=\"Farm. Anca si Adrian Ienin\" \/>\n\t<meta name=\"twitter:label2\" content=\"Timp estimat pentru citire\" \/>\n\t<meta name=\"twitter:data2\" content=\"3 minute\" \/>\n<script type=\"application\/ld+json\" class=\"yoast-schema-graph\">{\"@context\":\"https:\\\/\\\/schema.org\",\"@graph\":[{\"@type\":\"Article\",\"@id\":\"https:\\\/\\\/minuneanaturii.ro\\\/blog\\\/legitatea-31-cu-cat-febra-este-mai-mare-cu-atat-imunitatea-este-mai-puternica#article\",\"isPartOf\":{\"@id\":\"https:\\\/\\\/minuneanaturii.ro\\\/blog\\\/legitatea-31-cu-cat-febra-este-mai-mare-cu-atat-imunitatea-este-mai-puternica\"},\"author\":{\"name\":\"Farm. Anca si Adrian Ienin\",\"@id\":\"https:\\\/\\\/minuneanaturii.ro\\\/blog\\\/#\\\/schema\\\/person\\\/f2d61b0d1b99f774c2026e5355657712\"},\"headline\":\"Cu c\u00e2t febra este mai mare cu at\u00e2t imunitatea este mai puternic\u0103! (Legitatea #31)\",\"datePublished\":\"2022-02-21T11:19:16+00:00\",\"dateModified\":\"2024-12-17T06:25:38+00:00\",\"mainEntityOfPage\":{\"@id\":\"https:\\\/\\\/minuneanaturii.ro\\\/blog\\\/legitatea-31-cu-cat-febra-este-mai-mare-cu-atat-imunitatea-este-mai-puternica\"},\"wordCount\":564,\"commentCount\":1,\"image\":{\"@id\":\"https:\\\/\\\/minuneanaturii.ro\\\/blog\\\/legitatea-31-cu-cat-febra-este-mai-mare-cu-atat-imunitatea-este-mai-puternica#primaryimage\"},\"thumbnailUrl\":\"https:\\\/\\\/i0.wp.com\\\/minuneanaturii.ro\\\/blog\\\/wp-content\\\/uploads\\\/2022\\\/02\\\/31.jpeg?fit=1080%2C1080&ssl=1\",\"articleSection\":[\"Legitati\",\"Sanatate\",\"Sfaturi utile - Tips and Tricks\"],\"inLanguage\":\"ro-RO\",\"potentialAction\":[{\"@type\":\"CommentAction\",\"name\":\"Comment\",\"target\":[\"https:\\\/\\\/minuneanaturii.ro\\\/blog\\\/legitatea-31-cu-cat-febra-este-mai-mare-cu-atat-imunitatea-este-mai-puternica#respond\"]}]},{\"@type\":\"WebPage\",\"@id\":\"https:\\\/\\\/minuneanaturii.ro\\\/blog\\\/legitatea-31-cu-cat-febra-este-mai-mare-cu-atat-imunitatea-este-mai-puternica\",\"url\":\"https:\\\/\\\/minuneanaturii.ro\\\/blog\\\/legitatea-31-cu-cat-febra-este-mai-mare-cu-atat-imunitatea-este-mai-puternica\",\"name\":\"Cu c\u00e2t febra este mai mare cu at\u00e2t imunitatea este mai puternic\u0103! (Legitatea #31) - Blogul Minunea Naturii\",\"isPartOf\":{\"@id\":\"https:\\\/\\\/minuneanaturii.ro\\\/blog\\\/#website\"},\"primaryImageOfPage\":{\"@id\":\"https:\\\/\\\/minuneanaturii.ro\\\/blog\\\/legitatea-31-cu-cat-febra-este-mai-mare-cu-atat-imunitatea-este-mai-puternica#primaryimage\"},\"image\":{\"@id\":\"https:\\\/\\\/minuneanaturii.ro\\\/blog\\\/legitatea-31-cu-cat-febra-este-mai-mare-cu-atat-imunitatea-este-mai-puternica#primaryimage\"},\"thumbnailUrl\":\"https:\\\/\\\/i0.wp.com\\\/minuneanaturii.ro\\\/blog\\\/wp-content\\\/uploads\\\/2022\\\/02\\\/31.jpeg?fit=1080%2C1080&ssl=1\",\"datePublished\":\"2022-02-21T11:19:16+00:00\",\"dateModified\":\"2024-12-17T06:25:38+00:00\",\"author\":{\"@id\":\"https:\\\/\\\/minuneanaturii.ro\\\/blog\\\/#\\\/schema\\\/person\\\/f2d61b0d1b99f774c2026e5355657712\"},\"breadcrumb\":{\"@id\":\"https:\\\/\\\/minuneanaturii.ro\\\/blog\\\/legitatea-31-cu-cat-febra-este-mai-mare-cu-atat-imunitatea-este-mai-puternica#breadcrumb\"},\"inLanguage\":\"ro-RO\",\"potentialAction\":[{\"@type\":\"ReadAction\",\"target\":[\"https:\\\/\\\/minuneanaturii.ro\\\/blog\\\/legitatea-31-cu-cat-febra-este-mai-mare-cu-atat-imunitatea-este-mai-puternica\"]}]},{\"@type\":\"ImageObject\",\"inLanguage\":\"ro-RO\",\"@id\":\"https:\\\/\\\/minuneanaturii.ro\\\/blog\\\/legitatea-31-cu-cat-febra-este-mai-mare-cu-atat-imunitatea-este-mai-puternica#primaryimage\",\"url\":\"https:\\\/\\\/i0.wp.com\\\/minuneanaturii.ro\\\/blog\\\/wp-content\\\/uploads\\\/2022\\\/02\\\/31.jpeg?fit=1080%2C1080&ssl=1\",\"contentUrl\":\"https:\\\/\\\/i0.wp.com\\\/minuneanaturii.ro\\\/blog\\\/wp-content\\\/uploads\\\/2022\\\/02\\\/31.jpeg?fit=1080%2C1080&ssl=1\",\"width\":1080,\"height\":1080,\"caption\":\"Legitatea #31: Cu c\u00e2t febra este mai mare cu at\u00e2t imunitatea este mai puternic\u0103!\"},{\"@type\":\"BreadcrumbList\",\"@id\":\"https:\\\/\\\/minuneanaturii.ro\\\/blog\\\/legitatea-31-cu-cat-febra-este-mai-mare-cu-atat-imunitatea-este-mai-puternica#breadcrumb\",\"itemListElement\":[{\"@type\":\"ListItem\",\"position\":1,\"name\":\"Prima pagin\u0103\",\"item\":\"https:\\\/\\\/minuneanaturii.ro\\\/blog\\\/\"},{\"@type\":\"ListItem\",\"position\":2,\"name\":\"Cu c\u00e2t febra este mai mare cu at\u00e2t imunitatea este mai puternic\u0103! (Legitatea #31)\"}]},{\"@type\":\"WebSite\",\"@id\":\"https:\\\/\\\/minuneanaturii.ro\\\/blog\\\/#website\",\"url\":\"https:\\\/\\\/minuneanaturii.ro\\\/blog\\\/\",\"name\":\"Blogul Minunea Naturii\",\"description\":\"informatii utile despre sanatate, alimentatie si tratemnte holistice\",\"potentialAction\":[{\"@type\":\"SearchAction\",\"target\":{\"@type\":\"EntryPoint\",\"urlTemplate\":\"https:\\\/\\\/minuneanaturii.ro\\\/blog\\\/?s={search_term_string}\"},\"query-input\":{\"@type\":\"PropertyValueSpecification\",\"valueRequired\":true,\"valueName\":\"search_term_string\"}}],\"inLanguage\":\"ro-RO\"},{\"@type\":\"Person\",\"@id\":\"https:\\\/\\\/minuneanaturii.ro\\\/blog\\\/#\\\/schema\\\/person\\\/f2d61b0d1b99f774c2026e5355657712\",\"name\":\"Farm. Anca si Adrian Ienin\",\"image\":{\"@type\":\"ImageObject\",\"inLanguage\":\"ro-RO\",\"@id\":\"https:\\\/\\\/secure.gravatar.com\\\/avatar\\\/ad4ecb84085c66eae03365f7a2f872d8fee2056710d75b48754261be4b5f8abd?s=96&d=mm&r=g\",\"url\":\"https:\\\/\\\/secure.gravatar.com\\\/avatar\\\/ad4ecb84085c66eae03365f7a2f872d8fee2056710d75b48754261be4b5f8abd?s=96&d=mm&r=g\",\"contentUrl\":\"https:\\\/\\\/secure.gravatar.com\\\/avatar\\\/ad4ecb84085c66eae03365f7a2f872d8fee2056710d75b48754261be4b5f8abd?s=96&d=mm&r=g\",\"caption\":\"Farm. Anca si Adrian Ienin\"},\"description\":\"Anca si Adrian Ienin, farmacisti naturopati si fondatori ai conceptului Minunea Naturii. Au transformat pasiunea pentru alimentatie, stil de viata sanatos si tratamente naturale intr-un concept dedicat sanatatii depline. Scriu articole documentate de ultimele studii in domeniu si din experienta directa cu pacientii. Cred in exemplul propriu si integritate, astfel informatia furnizata este credibila si autentica. Farm. Anca \u0219i Adrian Ienin sunt co-fondatorii conceptului Minunea Naturii \u0219i promotori ai unei viziuni integrative asupra s\u0103n\u0103t\u0103\u021bii, \u00een care \u0219tiin\u021ba modern\u0103 se \u00eent\u00e2lne\u0219te cu \u00een\u021belepciunea tradi\u021bional\u0103. Cu o experien\u021b\u0103 de peste un deceniu \u00een domeniul terapiilor naturale, nutri\u021biei func\u021bionale \u0219i suplimentelor de calitate, cei doi autori ofer\u0103 informa\u021bii valoroase, bine documentate \u0219i orientate spre rezultate reale \u00een echilibrarea organismului. Prin articolele \u0219i proiectele lor educa\u021bionale, Anca \u0219i Adrian \u00eencurajeaz\u0103 oamenii s\u0103 \u00ee\u0219i asume responsabilitatea pentru propria s\u0103n\u0103tate, s\u0103 \u00ee\u0219i dezvolte discern\u0103m\u00e2ntul \u00een alegerea produselor naturale \u0219i s\u0103 adopte un stil de via\u021b\u0103 con\u0219tient, \u00een armonie cu ritmurile corpului \u0219i ale naturii. Articolele lor \u00eembin\u0103 rigoarea \u0219tiin\u021bific\u0103 cu empatia practic\u0103, av\u00e2nd la baz\u0103 at\u00e2t cuno\u0219tin\u021be academice, c\u00e2t \u0219i experien\u021b\u0103 direct\u0103 cu mii de clien\u021bi \u0219i pacien\u021bi. Viziunea lor este una clar\u0103: s\u0103n\u0103tatea nu se reduce la absen\u021ba bolii, ci este un proces activ de echilibru fizic, emo\u021bional, mental \u0219i spiritual \u2013 un drum spre vitalitate, autonomie \u0219i sens.\",\"sameAs\":[\"https:\\\/\\\/www.minuneanaturii.ro\",\"https:\\\/\\\/www.facebook.com\\\/minuneanaturii\\\/\",\"https:\\\/\\\/www.instagram.com\\\/minuneanaturii\\\/\",\"https:\\\/\\\/www.linkedin.com\\\/company\\\/minunea-naturii\",\"https:\\\/\\\/www.youtube.com\\\/@MinuneaNaturii\"],\"url\":\"https:\\\/\\\/minuneanaturii.ro\\\/blog\\\/author\\\/ancasiadrianienin\"}]}<\/script>\n<!-- \/ Yoast SEO plugin. -->","yoast_head_json":{"title":"Cu c\u00e2t febra este mai mare cu at\u00e2t imunitatea este mai puternic\u0103! (Legitatea #31) - minuneanaturii.ro","robots":{"index":"index","follow":"follow","max-snippet":"max-snippet:-1","max-image-preview":"max-image-preview:large","max-video-preview":"max-video-preview:-1"},"og_locale":"ro_RO","og_type":"article","og_title":"Cu c\u00e2t febra este mai mare cu at\u00e2t imunitatea este mai puternic\u0103! (Legitatea #31) - Blogul Minunea Naturii","og_description":"Febra este un mecanism de ap\u0103rare \u0219i protec\u021bie al organismului prin care bacteriile \u0219i virusurile sunt rapid distruse, ele fiind efectiv pr\u0103jite de temperatura ridicat\u0103. Deci \u2026","og_url":"https:\/\/minuneanaturii.ro\/blog\/legitatea-31-cu-cat-febra-este-mai-mare-cu-atat-imunitatea-este-mai-puternica","og_site_name":"Blogul Minunea Naturii","article_author":"https:\/\/www.facebook.com\/minuneanaturii\/","article_published_time":"2022-02-21T11:19:16+00:00","article_modified_time":"2024-12-17T06:25:38+00:00","og_image":[{"width":1080,"height":1080,"url":"https:\/\/minuneanaturii.ro\/blog\/wp-content\/uploads\/2022\/02\/31.jpeg","type":"image\/jpeg"}],"author":"Farm. Anca si Adrian Ienin","twitter_card":"summary_large_image","twitter_misc":{"Scris de":"Farm. Anca si Adrian Ienin","Timp estimat pentru citire":"3 minute"},"schema":{"@context":"https:\/\/schema.org","@graph":[{"@type":"Article","@id":"https:\/\/minuneanaturii.ro\/blog\/legitatea-31-cu-cat-febra-este-mai-mare-cu-atat-imunitatea-este-mai-puternica#article","isPartOf":{"@id":"https:\/\/minuneanaturii.ro\/blog\/legitatea-31-cu-cat-febra-este-mai-mare-cu-atat-imunitatea-este-mai-puternica"},"author":{"name":"Farm. Anca si Adrian Ienin","@id":"https:\/\/minuneanaturii.ro\/blog\/#\/schema\/person\/f2d61b0d1b99f774c2026e5355657712"},"headline":"Cu c\u00e2t febra este mai mare cu at\u00e2t imunitatea este mai puternic\u0103! (Legitatea #31)","datePublished":"2022-02-21T11:19:16+00:00","dateModified":"2024-12-17T06:25:38+00:00","mainEntityOfPage":{"@id":"https:\/\/minuneanaturii.ro\/blog\/legitatea-31-cu-cat-febra-este-mai-mare-cu-atat-imunitatea-este-mai-puternica"},"wordCount":564,"commentCount":1,"image":{"@id":"https:\/\/minuneanaturii.ro\/blog\/legitatea-31-cu-cat-febra-este-mai-mare-cu-atat-imunitatea-este-mai-puternica#primaryimage"},"thumbnailUrl":"https:\/\/i0.wp.com\/minuneanaturii.ro\/blog\/wp-content\/uploads\/2022\/02\/31.jpeg?fit=1080%2C1080&ssl=1","articleSection":["Legitati","Sanatate","Sfaturi utile - Tips and Tricks"],"inLanguage":"ro-RO","potentialAction":[{"@type":"CommentAction","name":"Comment","target":["https:\/\/minuneanaturii.ro\/blog\/legitatea-31-cu-cat-febra-este-mai-mare-cu-atat-imunitatea-este-mai-puternica#respond"]}]},{"@type":"WebPage","@id":"https:\/\/minuneanaturii.ro\/blog\/legitatea-31-cu-cat-febra-este-mai-mare-cu-atat-imunitatea-este-mai-puternica","url":"https:\/\/minuneanaturii.ro\/blog\/legitatea-31-cu-cat-febra-este-mai-mare-cu-atat-imunitatea-este-mai-puternica","name":"Cu c\u00e2t febra este mai mare cu at\u00e2t imunitatea este mai puternic\u0103! (Legitatea #31) - Blogul Minunea Naturii","isPartOf":{"@id":"https:\/\/minuneanaturii.ro\/blog\/#website"},"primaryImageOfPage":{"@id":"https:\/\/minuneanaturii.ro\/blog\/legitatea-31-cu-cat-febra-este-mai-mare-cu-atat-imunitatea-este-mai-puternica#primaryimage"},"image":{"@id":"https:\/\/minuneanaturii.ro\/blog\/legitatea-31-cu-cat-febra-este-mai-mare-cu-atat-imunitatea-este-mai-puternica#primaryimage"},"thumbnailUrl":"https:\/\/i0.wp.com\/minuneanaturii.ro\/blog\/wp-content\/uploads\/2022\/02\/31.jpeg?fit=1080%2C1080&ssl=1","datePublished":"2022-02-21T11:19:16+00:00","dateModified":"2024-12-17T06:25:38+00:00","author":{"@id":"https:\/\/minuneanaturii.ro\/blog\/#\/schema\/person\/f2d61b0d1b99f774c2026e5355657712"},"breadcrumb":{"@id":"https:\/\/minuneanaturii.ro\/blog\/legitatea-31-cu-cat-febra-este-mai-mare-cu-atat-imunitatea-este-mai-puternica#breadcrumb"},"inLanguage":"ro-RO","potentialAction":[{"@type":"ReadAction","target":["https:\/\/minuneanaturii.ro\/blog\/legitatea-31-cu-cat-febra-este-mai-mare-cu-atat-imunitatea-este-mai-puternica"]}]},{"@type":"ImageObject","inLanguage":"ro-RO","@id":"https:\/\/minuneanaturii.ro\/blog\/legitatea-31-cu-cat-febra-este-mai-mare-cu-atat-imunitatea-este-mai-puternica#primaryimage","url":"https:\/\/i0.wp.com\/minuneanaturii.ro\/blog\/wp-content\/uploads\/2022\/02\/31.jpeg?fit=1080%2C1080&ssl=1","contentUrl":"https:\/\/i0.wp.com\/minuneanaturii.ro\/blog\/wp-content\/uploads\/2022\/02\/31.jpeg?fit=1080%2C1080&ssl=1","width":1080,"height":1080,"caption":"Legitatea #31: Cu c\u00e2t febra este mai mare cu at\u00e2t imunitatea este mai puternic\u0103!"},{"@type":"BreadcrumbList","@id":"https:\/\/minuneanaturii.ro\/blog\/legitatea-31-cu-cat-febra-este-mai-mare-cu-atat-imunitatea-este-mai-puternica#breadcrumb","itemListElement":[{"@type":"ListItem","position":1,"name":"Prima pagin\u0103","item":"https:\/\/minuneanaturii.ro\/blog\/"},{"@type":"ListItem","position":2,"name":"Cu c\u00e2t febra este mai mare cu at\u00e2t imunitatea este mai puternic\u0103! (Legitatea #31)"}]},{"@type":"WebSite","@id":"https:\/\/minuneanaturii.ro\/blog\/#website","url":"https:\/\/minuneanaturii.ro\/blog\/","name":"Blogul Minunea Naturii","description":"informatii utile despre sanatate, alimentatie si tratemnte holistice","potentialAction":[{"@type":"SearchAction","target":{"@type":"EntryPoint","urlTemplate":"https:\/\/minuneanaturii.ro\/blog\/?s={search_term_string}"},"query-input":{"@type":"PropertyValueSpecification","valueRequired":true,"valueName":"search_term_string"}}],"inLanguage":"ro-RO"},{"@type":"Person","@id":"https:\/\/minuneanaturii.ro\/blog\/#\/schema\/person\/f2d61b0d1b99f774c2026e5355657712","name":"Farm. Anca si Adrian Ienin","image":{"@type":"ImageObject","inLanguage":"ro-RO","@id":"https:\/\/secure.gravatar.com\/avatar\/ad4ecb84085c66eae03365f7a2f872d8fee2056710d75b48754261be4b5f8abd?s=96&d=mm&r=g","url":"https:\/\/secure.gravatar.com\/avatar\/ad4ecb84085c66eae03365f7a2f872d8fee2056710d75b48754261be4b5f8abd?s=96&d=mm&r=g","contentUrl":"https:\/\/secure.gravatar.com\/avatar\/ad4ecb84085c66eae03365f7a2f872d8fee2056710d75b48754261be4b5f8abd?s=96&d=mm&r=g","caption":"Farm. Anca si Adrian Ienin"},"description":"Anca si Adrian Ienin, farmacisti naturopati si fondatori ai conceptului Minunea Naturii. Au transformat pasiunea pentru alimentatie, stil de viata sanatos si tratamente naturale intr-un concept dedicat sanatatii depline. Scriu articole documentate de ultimele studii in domeniu si din experienta directa cu pacientii. Cred in exemplul propriu si integritate, astfel informatia furnizata este credibila si autentica. Farm. Anca \u0219i Adrian Ienin sunt co-fondatorii conceptului Minunea Naturii \u0219i promotori ai unei viziuni integrative asupra s\u0103n\u0103t\u0103\u021bii, \u00een care \u0219tiin\u021ba modern\u0103 se \u00eent\u00e2lne\u0219te cu \u00een\u021belepciunea tradi\u021bional\u0103. Cu o experien\u021b\u0103 de peste un deceniu \u00een domeniul terapiilor naturale, nutri\u021biei func\u021bionale \u0219i suplimentelor de calitate, cei doi autori ofer\u0103 informa\u021bii valoroase, bine documentate \u0219i orientate spre rezultate reale \u00een echilibrarea organismului. Prin articolele \u0219i proiectele lor educa\u021bionale, Anca \u0219i Adrian \u00eencurajeaz\u0103 oamenii s\u0103 \u00ee\u0219i asume responsabilitatea pentru propria s\u0103n\u0103tate, s\u0103 \u00ee\u0219i dezvolte discern\u0103m\u00e2ntul \u00een alegerea produselor naturale \u0219i s\u0103 adopte un stil de via\u021b\u0103 con\u0219tient, \u00een armonie cu ritmurile corpului \u0219i ale naturii. Articolele lor \u00eembin\u0103 rigoarea \u0219tiin\u021bific\u0103 cu empatia practic\u0103, av\u00e2nd la baz\u0103 at\u00e2t cuno\u0219tin\u021be academice, c\u00e2t \u0219i experien\u021b\u0103 direct\u0103 cu mii de clien\u021bi \u0219i pacien\u021bi. Viziunea lor este una clar\u0103: s\u0103n\u0103tatea nu se reduce la absen\u021ba bolii, ci este un proces activ de echilibru fizic, emo\u021bional, mental \u0219i spiritual \u2013 un drum spre vitalitate, autonomie \u0219i sens.","sameAs":["https:\/\/www.minuneanaturii.ro","https:\/\/www.facebook.com\/minuneanaturii\/","https:\/\/www.instagram.com\/minuneanaturii\/","https:\/\/www.linkedin.com\/company\/minunea-naturii","https:\/\/www.youtube.com\/@MinuneaNaturii"],"url":"https:\/\/minuneanaturii.ro\/blog\/author\/ancasiadrianienin"}]}},"jetpack_featured_media_url":"https:\/\/i0.wp.com\/minuneanaturii.ro\/blog\/wp-content\/uploads\/2022\/02\/31.jpeg?fit=1080%2C1080&ssl=1","jetpack_sharing_enabled":true,"_links":{"self":[{"href":"https:\/\/minuneanaturii.ro\/blog\/wp-json\/wp\/v2\/posts\/5158","targetHints":{"allow":["GET"]}}],"collection":[{"href":"https:\/\/minuneanaturii.ro\/blog\/wp-json\/wp\/v2\/posts"}],"about":[{"href":"https:\/\/minuneanaturii.ro\/blog\/wp-json\/wp\/v2\/types\/post"}],"author":[{"embeddable":true,"href":"https:\/\/minuneanaturii.ro\/blog\/wp-json\/wp\/v2\/users\/101011"}],"replies":[{"embeddable":true,"href":"https:\/\/minuneanaturii.ro\/blog\/wp-json\/wp\/v2\/comments?post=5158"}],"version-history":[{"count":5,"href":"https:\/\/minuneanaturii.ro\/blog\/wp-json\/wp\/v2\/posts\/5158\/revisions"}],"predecessor-version":[{"id":8519,"href":"https:\/\/minuneanaturii.ro\/blog\/wp-json\/wp\/v2\/posts\/5158\/revisions\/8519"}],"wp:featuredmedia":[{"embeddable":true,"href":"https:\/\/minuneanaturii.ro\/blog\/wp-json\/wp\/v2\/media\/5145"}],"wp:attachment":[{"href":"https:\/\/minuneanaturii.ro\/blog\/wp-json\/wp\/v2\/media?parent=5158"}],"wp:term":[{"taxonomy":"category","embeddable":true,"href":"https:\/\/minuneanaturii.ro\/blog\/wp-json\/wp\/v2\/categories?post=5158"},{"taxonomy":"post_tag","embeddable":true,"href":"https:\/\/minuneanaturii.ro\/blog\/wp-json\/wp\/v2\/tags?post=5158"}],"curies":[{"name":"wp","href":"https:\/\/api.w.org\/{rel}","templated":true}]}}