{"id":4194,"date":"2020-03-26T17:59:02","date_gmt":"2020-03-26T15:59:02","guid":{"rendered":"https:\/\/minuneanaturii.ro\/blog\/?p=4194"},"modified":"2024-07-12T16:36:24","modified_gmt":"2024-07-12T14:36:24","slug":"intre-panica-si-ratiune-in-cazul-coronavirus","status":"publish","type":"post","link":"https:\/\/minuneanaturii.ro\/blog\/intre-panica-si-ratiune-in-cazul-coronavirus","title":{"rendered":"Intre panica si ratiune in cazul coronavirus"},"content":{"rendered":"<div id=\"ez-toc-container\" class=\"ez-toc-v2_0_87 ez-toc-wrap-left counter-hierarchy ez-toc-counter ez-toc-white ez-toc-container-direction\">\n<div class=\"ez-toc-title-container\">\n<p class=\"ez-toc-title\" style=\"cursor:inherit\">Continut articol<\/p>\n<span class=\"ez-toc-title-toggle\"><\/span><\/div>\n<nav><ul class='ez-toc-list ez-toc-list-level-1 ' ><li class='ez-toc-page-1 ez-toc-heading-level-2'><a class=\"ez-toc-link ez-toc-heading-1\" href=\"#\" data-href=\"https:\/\/minuneanaturii.ro\/blog\/intre-panica-si-ratiune-in-cazul-coronavirus\/#Ce_fac_autoritatile_in_cazul_coronavirus\" >Ce fac autoritatile in cazul coronavirus?<\/a><\/li><li class='ez-toc-page-1 ez-toc-heading-level-2'><a class=\"ez-toc-link ez-toc-heading-2\" href=\"#\" data-href=\"https:\/\/minuneanaturii.ro\/blog\/intre-panica-si-ratiune-in-cazul-coronavirus\/#Ce_spun_experti_in_sanatate_care_au_o_parere_diferita_in_cazul_coronavirus\" >Ce spun experti in sanatate care au o parere diferita in cazul coronavirus?<\/a><ul class='ez-toc-list-level-3' ><li class='ez-toc-heading-level-3'><a class=\"ez-toc-link ez-toc-heading-3\" href=\"#\" data-href=\"https:\/\/minuneanaturii.ro\/blog\/intre-panica-si-ratiune-in-cazul-coronavirus\/#Wolfgang_Wodarg\" >Wolfgang Wodarg:<\/a><\/li><li class='ez-toc-page-1 ez-toc-heading-level-3'><a class=\"ez-toc-link ez-toc-heading-4\" href=\"#\" data-href=\"https:\/\/minuneanaturii.ro\/blog\/intre-panica-si-ratiune-in-cazul-coronavirus\/#Sucharit_Bhakdi\" >Sucharit Bhakdi<\/a><\/li><li class='ez-toc-page-1 ez-toc-heading-level-3'><a class=\"ez-toc-link ez-toc-heading-5\" href=\"#\" data-href=\"https:\/\/minuneanaturii.ro\/blog\/intre-panica-si-ratiune-in-cazul-coronavirus\/#Frank_Ulrich_Montgomery\" >Frank Ulrich Montgomery<\/a><\/li><li class='ez-toc-page-1 ez-toc-heading-level-3'><a class=\"ez-toc-link ez-toc-heading-6\" href=\"#\" data-href=\"https:\/\/minuneanaturii.ro\/blog\/intre-panica-si-ratiune-in-cazul-coronavirus\/#Dr_Peter_Gotzsche\" >Dr. Peter Gotzsche<\/a><\/li><li class='ez-toc-page-1 ez-toc-heading-level-3'><a class=\"ez-toc-link ez-toc-heading-7\" href=\"#\" data-href=\"https:\/\/minuneanaturii.ro\/blog\/intre-panica-si-ratiune-in-cazul-coronavirus\/#Dr_Pietro_Vernazza\" >Dr. Pietro Vernazza<\/a><\/li><li class='ez-toc-page-1 ez-toc-heading-level-3'><a class=\"ez-toc-link ez-toc-heading-8\" href=\"#\" data-href=\"https:\/\/minuneanaturii.ro\/blog\/intre-panica-si-ratiune-in-cazul-coronavirus\/#Prof_Yoram_Lass\" >Prof. Yoram Lass<\/a><\/li><li class='ez-toc-page-1 ez-toc-heading-level-3'><a class=\"ez-toc-link ez-toc-heading-9\" href=\"#\" data-href=\"https:\/\/minuneanaturii.ro\/blog\/intre-panica-si-ratiune-in-cazul-coronavirus\/#Epidemia_de_gripa_in_Italia_in_anii_precedenti\" >Epidemia de gripa in Italia in anii precedenti<\/a><\/li><li class='ez-toc-page-1 ez-toc-heading-level-3'><a class=\"ez-toc-link ez-toc-heading-10\" href=\"#\" data-href=\"https:\/\/minuneanaturii.ro\/blog\/intre-panica-si-ratiune-in-cazul-coronavirus\/#Dr_Ray_Peat\" >Dr. Ray Peat<\/a><\/li><\/ul><\/li><li class='ez-toc-page-1 ez-toc-heading-level-2'><a class=\"ez-toc-link ez-toc-heading-11\" href=\"#\" data-href=\"https:\/\/minuneanaturii.ro\/blog\/intre-panica-si-ratiune-in-cazul-coronavirus\/#Care_este_atitudinea_corecta_in_cazul_CORONAVIRUS_COVID-19\" >Care este atitudinea corecta in cazul CORONAVIRUS (COVID-19)?<\/a><\/li><li class='ez-toc-page-1 ez-toc-heading-level-2'><a class=\"ez-toc-link ez-toc-heading-12\" href=\"#\" data-href=\"https:\/\/minuneanaturii.ro\/blog\/intre-panica-si-ratiune-in-cazul-coronavirus\/#Daca_s-au_luat_asa_masuri_drastice_in_cazul_epidemiei_de_coronavirus_de_ce_nu_se_iau_masuri_drastice_si_in_cazul_altor_boli_cu_mortalitate_foarte_mare_boli_despre_care_putem_afirma_deasemenea_ca_exista_epidemii\" >Daca s-au luat asa masuri drastice in cazul epidemiei de coronavirus de ce nu se iau masuri drastice si in cazul altor boli cu mortalitate foarte mare, boli despre care putem afirma deasemenea ca exista epidemii?<\/a><\/li><\/ul><\/nav><\/div>\n<div>\n<p data-usually-unique-id=\"989741130198084019260036\"><strong><span class=\" author-d-1gg9uz65z1iz85zgdz68zmqkz84zo2qovw8oz81zyz80zz84z3d9ez83zz72zz87zyz65z8cz85zh6gz72zz86z1z69z2z122zz83ziz89z\">Ne intrebam multi dintre noi cat de normale sau exagerate sunt masurile care se iau impotriva coronavirus? Sunt necesare cu adevarat aceste masuri drastice de limitare a raspandirii? Sau era nevoie de o alta abordare?<\/span><\/strong><\/p>\n<p><span class=\" author-d-1gg9uz65z1iz85zgdz68zmqkz84zo2qovw8oz81zyz80zz84z3d9ez83zz72zz87zyz65z8cz85zh6gz72zz86z1z69z2z122zz83ziz89z\">Parerile sunt impartite cu privire la evolutia acestei situatii. Cert este ca daca vom continua asa e posibil sa fim tinuti in casa inca 3, 6 sau chiar mai multe luni. Putem rezista in casa atata timp? Ce impact emotional, economic si psihologic poate avea aceasta situatie?<\/span><\/p>\n<p><span class=\" author-d-1gg9uz65z1iz85zgdz68zmqkz84zo2qovw8oz81zyz80zz84z3d9ez83zz72zz87zyz65z8cz85zh6gz72zz86z1z69z2z122zz83ziz89z\">O sa va prezentam in acest articol pareri ale mai multor specialisti reputati in sanatate. P<\/span><span class=\" author-d-1gg9uz65z1iz85zgdz68zmqkz84zo2qovw8oz81zyz80zz84z3d9ez83zz72zz87zyz65z8cz85zh6gz72zz86z1z69z2z122zz83ziz89z\">e langa aceasta mai se pune problema si a crizei economice care probabil va afecta pe multi oameni mult mai grav, decat coronavirusul in sine.<\/span><\/p>\n<p data-usually-unique-id=\"989741130198084019260036\">Dupa cum stii din celalalte articole avem o atitudine moderata si de echilibru in ceea ce priveste sanatatea, astfel ne documentam mult inainte de a trage niste conlcuzii. Mai jos o sa-ti prezentam parerile unor reputati oameni de stiinta si link-uri de unde te poti documenta mai mult:<\/p>\n<h2 data-usually-unique-id=\"989741130198084019260036\"><span class=\"ez-toc-section\" id=\"Ce_fac_autoritatile_in_cazul_coronavirus\"><\/span><strong>Ce fac autoritatile in cazul coronavirus?<\/strong><span class=\"ez-toc-section-end\"><\/span><\/h2>\n<p data-usually-unique-id=\"989741130198084019260036\">Desigur ca stii deja ca majoritatea tarilor au fost luate prin surpindere si coplesite de aceasta pandemie de coronavirus. In speranta ca raspandirea va fi oprita autoritatile au luat masuri de a inchide orase si de a limita drastic circulatia oamenilor. Masuri fara precedent dar care nu stim daca au eficienta si al caror impact pe termen lung nu poate fi inca determinat.<\/p>\n<p data-usually-unique-id=\"989741130198084019260036\"><img data-recalc-dims=\"1\" loading=\"lazy\" decoding=\"async\" class=\"aligncenter size-large wp-image-4222\" src=\"https:\/\/i0.wp.com\/minuneanaturii.ro\/blog\/wp-content\/uploads\/2020\/03\/adevarat-sau-fals-coronavirus.png?resize=1020%2C574&#038;ssl=1\" alt=\"\" width=\"1020\" height=\"574\" srcset=\"https:\/\/i0.wp.com\/minuneanaturii.ro\/blog\/wp-content\/uploads\/2020\/03\/adevarat-sau-fals-coronavirus.png?resize=1024%2C576&amp;ssl=1 1024w, https:\/\/i0.wp.com\/minuneanaturii.ro\/blog\/wp-content\/uploads\/2020\/03\/adevarat-sau-fals-coronavirus.png?resize=300%2C169&amp;ssl=1 300w, https:\/\/i0.wp.com\/minuneanaturii.ro\/blog\/wp-content\/uploads\/2020\/03\/adevarat-sau-fals-coronavirus.png?resize=768%2C432&amp;ssl=1 768w, https:\/\/i0.wp.com\/minuneanaturii.ro\/blog\/wp-content\/uploads\/2020\/03\/adevarat-sau-fals-coronavirus.png?w=1440&amp;ssl=1 1440w\" sizes=\"auto, (max-width: 1020px) 100vw, 1020px\" \/><\/p>\n<h2 data-usually-unique-id=\"989741130198084019260036\"><span class=\"ez-toc-section\" id=\"Ce_spun_experti_in_sanatate_care_au_o_parere_diferita_in_cazul_coronavirus\"><\/span><strong>Ce spun experti in sanatate care au o parere diferita in cazul coronavirus?<\/strong><span class=\"ez-toc-section-end\"><\/span><\/h2>\n<\/div>\n<h3><span class=\"ez-toc-section\" id=\"Wolfgang_Wodarg\"><\/span><strong>Wolfgang Wodarg:<\/strong><span class=\"ez-toc-section-end\"><\/span><\/h3>\n<p>Wolfgang Wodarg este un medic epidemiolog, om politic, membru al Partidului Social Democrat din Germania, presedinte al comitetului de sanatate al Adunarii Parlamentare a Consiliului Europei.<\/p>\n<p><iframe loading=\"lazy\" title=\"How Dr. Wolfgang Wodarg sees the current Corona pandemic\" width=\"1020\" height=\"574\" src=\"https:\/\/www.youtube.com\/embed\/p_AyuhbnPOI?feature=oembed\" frameborder=\"0\" allow=\"accelerometer; autoplay; encrypted-media; gyroscope; picture-in-picture\" allowfullscreen><\/iframe><\/p>\n<p>Wolfgang Wodarg precizeaza mai multe aspecte interesante:<\/p>\n<ul>\n<li>faptul ca pana in acest an nu s-a testat populatia de coronavirus. Dar daca s-ar fi testat la fel de meticulos cum o facem anul aceste, s-ar fi descoperit c\u0103 2000-3000 de morti in fiecare an in Germania din cauza infectiilor respiratorii provocate de coronavirus.<\/li>\n<li>El precizeaza ca anul acesta inca nici nu s-a ajuns la acel numar si s-au inchis tarile, regiunile si sunt stari de urgenta \u00een multe state, inclusiv Romania.<\/li>\n<li>Doar oamenii de stiinta de la Glasgow au testat in ultimul timp vreo 10 virusi din cei aprox 100 aflati \u00een circulatie si au stabilit ca 5-14% din cazuri pot fi atribuite Coronavirus.<\/li>\n<li>\u201eCoronavirusul nu este problema &#8211; stai calm!\u201d spune el pe sit-ul oficial. Deasemenea prezinta o curba a\u00a0 numarului de infectii respiratorii prezente an de an, care pare sa se normalizeaz\u0103 acum la fel ca si in anii precedenti, cand nu s-au impus blocaje.<\/li>\n<\/ul>\n<div>\n<figure id=\"attachment_4197\" aria-describedby=\"caption-attachment-4197\" style=\"width: 677px\" class=\"wp-caption aligncenter\"><img data-recalc-dims=\"1\" loading=\"lazy\" decoding=\"async\" class=\"wp-image-4197 size-full\" src=\"https:\/\/i0.wp.com\/minuneanaturii.ro\/blog\/wp-content\/uploads\/2020\/03\/distributia-infectiilor-respiratorii-in-Germania.png?resize=677%2C419&#038;ssl=1\" alt=\"Situatia infectiilor respiratorii raportate de Institul Robert Koch (analiza multianuala))\" width=\"677\" height=\"419\" srcset=\"https:\/\/i0.wp.com\/minuneanaturii.ro\/blog\/wp-content\/uploads\/2020\/03\/distributia-infectiilor-respiratorii-in-Germania.png?w=677&amp;ssl=1 677w, https:\/\/i0.wp.com\/minuneanaturii.ro\/blog\/wp-content\/uploads\/2020\/03\/distributia-infectiilor-respiratorii-in-Germania.png?resize=300%2C186&amp;ssl=1 300w\" sizes=\"auto, (max-width: 677px) 100vw, 677px\" \/><figcaption id=\"caption-attachment-4197\" class=\"wp-caption-text\">Situatia infectiilor respiratorii raportate in Germania de Institul Robert Koch (analiza multianuala)<\/figcaption><\/figure>\n<p><img data-recalc-dims=\"1\" loading=\"lazy\" decoding=\"async\" class=\"aligncenter size-full wp-image-4201\" src=\"https:\/\/i0.wp.com\/minuneanaturii.ro\/blog\/wp-content\/uploads\/2020\/03\/Dr-Wolfgang-Wodarg-Coronavirus.jpg?resize=960%2C540&#038;ssl=1\" alt=\"\" width=\"960\" height=\"540\" srcset=\"https:\/\/i0.wp.com\/minuneanaturii.ro\/blog\/wp-content\/uploads\/2020\/03\/Dr-Wolfgang-Wodarg-Coronavirus.jpg?w=960&amp;ssl=1 960w, https:\/\/i0.wp.com\/minuneanaturii.ro\/blog\/wp-content\/uploads\/2020\/03\/Dr-Wolfgang-Wodarg-Coronavirus.jpg?resize=300%2C169&amp;ssl=1 300w, https:\/\/i0.wp.com\/minuneanaturii.ro\/blog\/wp-content\/uploads\/2020\/03\/Dr-Wolfgang-Wodarg-Coronavirus.jpg?resize=768%2C432&amp;ssl=1 768w\" sizes=\"auto, (max-width: 960px) 100vw, 960px\" \/><\/p>\n<\/div>\n<div>\n<hr \/>\n<h3 dir=\"auto\"><span class=\"ez-toc-section\" id=\"Sucharit_Bhakdi\"><\/span><strong>Sucharit Bhakdi<\/strong><span class=\"ez-toc-section-end\"><\/span><\/h3>\n<p dir=\"auto\">Sucharit Bhakdi, specialist din Germania, apreciat in boli infectioase compara zona din nordul Italiei cu zona din China in care s-a raspandit initial epidemia.<\/p>\n<p dir=\"auto\"><img data-recalc-dims=\"1\" loading=\"lazy\" decoding=\"async\" class=\"aligncenter size-large wp-image-4206\" src=\"https:\/\/i0.wp.com\/minuneanaturii.ro\/blog\/wp-content\/uploads\/2020\/03\/Dr-Sucharit-Bhakdi-Coronavirus.jpg?resize=960%2C540&#038;ssl=1\" alt=\"\" width=\"960\" height=\"540\" srcset=\"https:\/\/i0.wp.com\/minuneanaturii.ro\/blog\/wp-content\/uploads\/2020\/03\/Dr-Sucharit-Bhakdi-Coronavirus.jpg?w=960&amp;ssl=1 960w, https:\/\/i0.wp.com\/minuneanaturii.ro\/blog\/wp-content\/uploads\/2020\/03\/Dr-Sucharit-Bhakdi-Coronavirus.jpg?resize=300%2C169&amp;ssl=1 300w, https:\/\/i0.wp.com\/minuneanaturii.ro\/blog\/wp-content\/uploads\/2020\/03\/Dr-Sucharit-Bhakdi-Coronavirus.jpg?resize=768%2C432&amp;ssl=1 768w\" sizes=\"auto, (max-width: 960px) 100vw, 960px\" \/><\/p>\n<p dir=\"auto\">\u201eNordul Italiei este China Europei, cu cel mai poluat aer, care timp de decenii a r\u0103nit plamanii locuitorilor din zona. In Germania sunt 2200 de batrani peste 65 de ani care mor \u00een fiecare zi. Putem presupune ca o parte dintre acestia au o infectie virala, iar o mica parte au chiar coronavirus.\u201d<\/p>\n<p dir=\"auto\">El a presupus o cifra foarte mic\u0103, de 1% infectati cu virusi de tip Corona. Asta \u00eenseamn\u0103 ca cel pu\u021bin 22 de oameni mor in Germania n fiecare zi din cauza coronavirusului si asta nu acum ci si in anii trecuti.<\/p>\n<p><iframe loading=\"lazy\" title=\"Corona-Krise: Prof. Sucharit Bhakdi erkl\u00e4rt warum die Ma\u00dfnahmen sinnlos und selbstzerst\u00f6rerisch sind\" width=\"1020\" height=\"574\" src=\"https:\/\/www.youtube.com\/embed\/JBB9bA-gXL4?feature=oembed\" frameborder=\"0\" allow=\"accelerometer; autoplay; encrypted-media; gyroscope; picture-in-picture\" allowfullscreen><\/iframe><\/p>\n<\/div>\n<div>\n<div class=\"o9v6fnle cxmmr5t8 oygrvhab hcukyx3x c1et5uql ii04i59q\">\n<hr \/>\n<h3 dir=\"auto\"><span class=\"ez-toc-section\" id=\"Frank_Ulrich_Montgomery\"><\/span><strong>Frank Ulrich Montgomery<\/strong><span class=\"ez-toc-section-end\"><\/span><\/h3>\n<p dir=\"auto\">Presedintele Federatiei Mondiale a Medicilor, Frank Ulrich Montgomery, sustine ca masurile de blocare ca in Italia sunt \u201enerezonabile\u201d si \u201econtraproductive\u201d si ar trebui oprite.<\/p>\n<p dir=\"auto\"><img data-recalc-dims=\"1\" loading=\"lazy\" decoding=\"async\" class=\"aligncenter size-large wp-image-4202\" src=\"https:\/\/i0.wp.com\/minuneanaturii.ro\/blog\/wp-content\/uploads\/2020\/03\/Dr-Frank-Ulrich-Montgomery-Coronavirus.jpg?resize=960%2C540&#038;ssl=1\" alt=\"\" width=\"960\" height=\"540\" srcset=\"https:\/\/i0.wp.com\/minuneanaturii.ro\/blog\/wp-content\/uploads\/2020\/03\/Dr-Frank-Ulrich-Montgomery-Coronavirus.jpg?w=960&amp;ssl=1 960w, https:\/\/i0.wp.com\/minuneanaturii.ro\/blog\/wp-content\/uploads\/2020\/03\/Dr-Frank-Ulrich-Montgomery-Coronavirus.jpg?resize=300%2C169&amp;ssl=1 300w, https:\/\/i0.wp.com\/minuneanaturii.ro\/blog\/wp-content\/uploads\/2020\/03\/Dr-Frank-Ulrich-Montgomery-Coronavirus.jpg?resize=768%2C432&amp;ssl=1 768w\" sizes=\"auto, (max-width: 960px) 100vw, 960px\" \/><\/p>\n<hr \/>\n<h3><span class=\"ez-toc-section\" id=\"Dr_Peter_Gotzsche\"><\/span><strong>Dr. Peter Gotzsche<\/strong><span class=\"ez-toc-section-end\"><\/span><\/h3>\n<p><strong>Dr. Peter Gotzsche<\/strong>: \u201eAproape toata lumea cu care vorbesc, oameni si colegi (sunt specialist in medicina interna si am lucrat timp de doi ani la un departament de boli infectioase) considera ca pandemia de Coronavirus este o pandemie de panica, mai mult decat orice altceva.\u201d<\/p>\n<div><img data-recalc-dims=\"1\" loading=\"lazy\" decoding=\"async\" class=\"aligncenter size-large wp-image-4209\" src=\"https:\/\/i0.wp.com\/minuneanaturii.ro\/blog\/wp-content\/uploads\/2020\/03\/Dr-Peter-Gotsche-CORONAVIRUS.jpg?resize=960%2C540&#038;ssl=1\" alt=\"\" width=\"960\" height=\"540\" srcset=\"https:\/\/i0.wp.com\/minuneanaturii.ro\/blog\/wp-content\/uploads\/2020\/03\/Dr-Peter-Gotsche-CORONAVIRUS.jpg?w=960&amp;ssl=1 960w, https:\/\/i0.wp.com\/minuneanaturii.ro\/blog\/wp-content\/uploads\/2020\/03\/Dr-Peter-Gotsche-CORONAVIRUS.jpg?resize=300%2C169&amp;ssl=1 300w, https:\/\/i0.wp.com\/minuneanaturii.ro\/blog\/wp-content\/uploads\/2020\/03\/Dr-Peter-Gotsche-CORONAVIRUS.jpg?resize=768%2C432&amp;ssl=1 768w\" sizes=\"auto, (max-width: 960px) 100vw, 960px\" \/><\/div>\n<div>\n<hr \/>\n<\/div>\n<\/div>\n<\/div>\n<h3 dir=\"auto\"><span class=\"ez-toc-section\" id=\"Dr_Pietro_Vernazza\"><\/span><strong>Dr. Pietro Vernazza<\/strong><span class=\"ez-toc-section-end\"><\/span><\/h3>\n<p dir=\"auto\"><strong>Dr. Pietro Vernazza<\/strong> este un medic epidemiolog elvetian si profesor de Politica a sanatatii:<br \/>\n\u201eAvem experienta Chinei si cea a Italiei, care se confrunta an de an cu sezoane severe de gripa iar concluziile sunt ca persoanele decedate au in 99% din cazuri o boala asociata. Inchiderea scolilor ar putea mai degraba impiedica copiii sa-si dezvolte imunitatea decat sa previna raspandirea virusului. Ar trebui sa ne bazam pe dovezi si statistici stiintifice si sa le integram in decizii politice\u201d<\/p>\n<p dir=\"auto\"><img data-recalc-dims=\"1\" loading=\"lazy\" decoding=\"async\" class=\"aligncenter size-large wp-image-4205\" src=\"https:\/\/i0.wp.com\/minuneanaturii.ro\/blog\/wp-content\/uploads\/2020\/03\/Prof-Pietro-Vernazza-Coronavirus.jpg?resize=960%2C540&#038;ssl=1\" alt=\"\" width=\"960\" height=\"540\" srcset=\"https:\/\/i0.wp.com\/minuneanaturii.ro\/blog\/wp-content\/uploads\/2020\/03\/Prof-Pietro-Vernazza-Coronavirus.jpg?w=960&amp;ssl=1 960w, https:\/\/i0.wp.com\/minuneanaturii.ro\/blog\/wp-content\/uploads\/2020\/03\/Prof-Pietro-Vernazza-Coronavirus.jpg?resize=300%2C169&amp;ssl=1 300w, https:\/\/i0.wp.com\/minuneanaturii.ro\/blog\/wp-content\/uploads\/2020\/03\/Prof-Pietro-Vernazza-Coronavirus.jpg?resize=768%2C432&amp;ssl=1 768w\" sizes=\"auto, (max-width: 960px) 100vw, 960px\" \/><\/p>\n<div>\n<div class=\"o9v6fnle cxmmr5t8 oygrvhab hcukyx3x c1et5uql ii04i59q\">\n<hr \/>\n<h3 dir=\"auto\"><span class=\"ez-toc-section\" id=\"Prof_Yoram_Lass\"><\/span><strong>Prof. Yoram Lass<\/strong><span class=\"ez-toc-section-end\"><\/span><\/h3>\n<p dir=\"auto\">Fostul sef al Ministerului Sanatatii din Israel, <a href=\"https:\/\/en.globes.co.il\/en\/article-lockdown-lunacy-1001322696\"><strong>prof. Yoram Lass<\/strong><\/a>, spune ca guvernele nu pot opri virusii si blocarea va ucide mai multe persoane de depresie decat virusul in sine.<\/p>\n<p dir=\"auto\"><img data-recalc-dims=\"1\" loading=\"lazy\" decoding=\"async\" class=\"aligncenter size-large wp-image-4208\" src=\"https:\/\/i0.wp.com\/minuneanaturii.ro\/blog\/wp-content\/uploads\/2020\/03\/Prof-Yoram-Lass-CORONAVIRUS.jpg?resize=960%2C540&#038;ssl=1\" alt=\"\" width=\"960\" height=\"540\" srcset=\"https:\/\/i0.wp.com\/minuneanaturii.ro\/blog\/wp-content\/uploads\/2020\/03\/Prof-Yoram-Lass-CORONAVIRUS.jpg?w=960&amp;ssl=1 960w, https:\/\/i0.wp.com\/minuneanaturii.ro\/blog\/wp-content\/uploads\/2020\/03\/Prof-Yoram-Lass-CORONAVIRUS.jpg?resize=300%2C169&amp;ssl=1 300w, https:\/\/i0.wp.com\/minuneanaturii.ro\/blog\/wp-content\/uploads\/2020\/03\/Prof-Yoram-Lass-CORONAVIRUS.jpg?resize=768%2C432&amp;ssl=1 768w\" sizes=\"auto, (max-width: 960px) 100vw, 960px\" \/><\/p>\n<hr \/>\n<h3 dir=\"auto\"><span class=\"ez-toc-section\" id=\"Epidemia_de_gripa_in_Italia_in_anii_precedenti\"><\/span><strong>Epidemia de gripa in Italia in anii precedenti<\/strong><span class=\"ez-toc-section-end\"><\/span><\/h3>\n<p dir=\"auto\">Un studiu publicat in <strong>\u201e<a href=\"https:\/\/www.ijidonline.com\/article\/S1201-9712(19)30328-5\/fulltext\">International Journal of Infectious Diseases<\/a>\u201d\u00a0<\/strong>scoate in evidenta o situatie interesanta si anume faptul ca Italia este anual lovita de gripa mai mult decat alte tari europene. Se presupune ca anumite circumstante ar favoriza aceasta situatie: vremea, care nu e at\u00e2t de rece ca in alte locuri si populatia imbatranita (21% peste 65 de ani).<\/p>\n<p dir=\"auto\">Acestea fac din Italia o tinta pentru gripa \u00een fiecare iarna. Studiul spune pe scurt ca:<\/p>\n<\/div>\n<div class=\"o9v6fnle cxmmr5t8 oygrvhab hcukyx3x c1et5uql ii04i59q\">\n<ul>\n<li dir=\"auto\">in anotimpurile de iarn\u0103 din 2013\/14 p\u00e2n\u0103 \u00een 2016\/17, in Italia s-a produs o medie de 5.290.000 de cazuri de infectii de tipul gripei, ceea ce corespunde unei inciden\u021be de 9%.<\/li>\n<li dir=\"auto\">Peste 68.000 de decese atribuite epidemiilor de grip\u0103 au fost estimate \u00een perioada de studiu.<\/li>\n<li dir=\"auto\">Italia a prezentat o mortalitate excesiv\u0103 atribuit\u0103 gripei \u00een exces, comparativ cu alte \u021b\u0103ri europene. mai ales la v\u00e2rstnici.<\/li>\n<\/ul>\n<p><strong>Repartizare deceselor pe ani in Italia este:<\/strong><\/p>\n<ul>\n<li>2014\/15 &#8211; 20259 morti<\/li>\n<li>2015\/16 &#8211; 15801 morti<\/li>\n<li>2016\/17 &#8211; 24981 morti<\/li>\n<\/ul>\n<p><strong>Cum arata situatia infectarilor si a deceselor din Italia in 2020?<\/strong><\/p>\n<p><img data-recalc-dims=\"1\" loading=\"lazy\" decoding=\"async\" class=\"aligncenter size-full wp-image-4214\" src=\"https:\/\/i0.wp.com\/minuneanaturii.ro\/blog\/wp-content\/uploads\/2020\/03\/italy-mortality-65yo.png?resize=768%2C429&#038;ssl=1\" alt=\"\" width=\"768\" height=\"429\" srcset=\"https:\/\/i0.wp.com\/minuneanaturii.ro\/blog\/wp-content\/uploads\/2020\/03\/italy-mortality-65yo.png?w=768&amp;ssl=1 768w, https:\/\/i0.wp.com\/minuneanaturii.ro\/blog\/wp-content\/uploads\/2020\/03\/italy-mortality-65yo.png?resize=300%2C168&amp;ssl=1 300w\" sizes=\"auto, (max-width: 768px) 100vw, 768px\" \/><\/p>\n<p>Situatia pare sa fie sub cele din anii trecuti, respectiv mai putine decese.<\/p>\n<hr \/>\n<p>Un alt studiu publicat in <strong>\u201e<a href=\"https:\/\/www.clinicalmicrobiologyandinfection.com\/article\/S1198-743X(19)30058-8\/fulltext\">Clinical Microbiology and Infection<\/a>\u201d<\/strong> releva ceva similar.<\/p>\n<\/div>\n<\/div>\n<div dir=\"auto\">\n<hr \/>\n<\/div>\n<div dir=\"auto\">\n<h3 dir=\"auto\"><span class=\"ez-toc-section\" id=\"Dr_Ray_Peat\"><\/span><strong>Dr. Ray Peat<\/strong><span class=\"ez-toc-section-end\"><\/span><\/h3>\n<p dir=\"auto\"><a href=\"http:\/\/haidut.me\/?p=945\"><strong>Dr. Ray Peat<\/strong><\/a> are o teorie diferita cu privire la cauza reala a coronavirus.<\/p>\n<p dir=\"auto\">El discuta despre rolul <strong>acizilor grasi liberi liberi<\/strong> in sange ca facilitatori ai infectiei virale. Natura hidrofila a <strong>acizilor grasi nesaturati<\/strong> care circula in sange creste permeabilitatea celulelor si permite o patrundere mai usoar\u0103 a virusului in interiorul celulei provocand astfel infectia ulterioara.<\/p>\n<p dir=\"auto\">Sunt studii care sugereaza ca miezul bolii respiratorii (COVID-19 \/ SARS) asociat cu coronavirus poate sa fie condus \u00een primul rand de <strong>acizii grasi nesaturati <\/strong>cu un nivel crescut in sange si capacitatea sa de peroxidare. Virusul joaca cu siguranta un rol facilitator, deoarece prezenta sa \u00een fluxul sanguin declanseaza raspunsul la stres (axa HPA) si, astfel, cresterea <strong>acizilor grasi liberi liberi<\/strong>. Cu toate acestea, daca se va dezvolta COVID-19 \/ SARS sau nu, in mare parte, este determinat de cantitatea de <strong>acizi grasi nesaturati<\/strong> din sangele persoanei si de nivelurile sale de peroxidare (determinate in mare parte de nivelul de vitamina E).<\/p>\n<p dir=\"auto\">Astfel, inca o data avem o situatie in care accentul medicamentului este pe \u201edusmanul\u201d gresit. In acest caz, un virus &#8211; un dusman complicat si evaziv &#8211; in timp ce vinovatul nu este in realitate virusul, ci starea metabolica si compozitia lipidic\u0103 a depozitelor de grasimi care sunt adevaratii factori determinanti daca un pacient va dezvolta COVID-19 \/ SARS sau nu. Dup\u0103 cum a demonstrat studiul, ARDS (un alt nume pentru COVID-19 \/ SARS) a fost tratat cu succes cu lisofilina &#8211; un compus care scade nivelul seric de <strong>acizilor grasi nesaturati<\/strong>.<\/p>\n<p dir=\"auto\">Aceste descoperiri sugereaza o modalitate destul de simpl\u0103 si sigura de a preveni dezvoltarea COVID-SARS chiar si la pacien\u021bii vulnerabili &#8211; administrarea de niacinamida pentru a controla lipoliza excesiva (si a mentine astfel nivelul sc\u0103zut de <strong>acizi grasi liberi liberi <\/strong>in sange) si vitamina E pentru a mentine peroxidarea lipidelor sub Control. In plus, la fel se intampla ca vitamina E a fost deja demonstrata pentru a imbunatati imunitatea la varstnici si pentru a preveni \/ trata pneumonia.<\/p>\n<\/div>\n<hr \/>\n<p dir=\"auto\"><strong>Dr. Joshua Coleman<\/strong>, co-presedinte al Consiliului privind familiile contemporane si psiholog in San Francisco are o abordare interesanta din perspectiva virusurilor ca exozomi. El se refera la ceea ce s-a intamplat in ultimii 100 de ani cu epidemiile majore si il citeaza pe Rudolf Steiner, tot de acum 100 de ani. In acelasi tim Joshua Coleman aduce in discutie o carte interesanta scrisa de Arthur Firstenberg, numita \u201eThe invisible Rainbow\u201d. Merita urmarit pana la final:<\/p>\n<p><iframe loading=\"lazy\" title=\"INCEPUTUL SFARSITULUI. Mare atentie!\" width=\"1020\" height=\"574\" src=\"https:\/\/www.youtube.com\/embed\/e_cd5613v7k?feature=oembed\" frameborder=\"0\" allow=\"accelerometer; autoplay; encrypted-media; gyroscope; picture-in-picture\" allowfullscreen><\/iframe><\/p>\n<div>\n<hr \/>\n<\/div>\n<h2><span class=\"ez-toc-section\" id=\"Care_este_atitudinea_corecta_in_cazul_CORONAVIRUS_COVID-19\"><\/span><strong>Care este atitudinea corecta in cazul CORONAVIRUS (COVID-19)?<\/strong><span class=\"ez-toc-section-end\"><\/span><\/h2>\n<p>Nu suntem noi in masura sa spunem cine are dreptate si cine nu, probabil toata lumea, fiecare poate trage concluzii dupa propriul sau nivel de intelegere. Intrebarea ramane insa daca s-a procedat cu totul corect si daca pe termen lung solutiile adoptate sunt cele mai bune.<\/p>\n<p>Avem in minte cu totii imaginilie din Italia cu medicii coplesiti, cu saloanele de spital arhipline si cu numarul extraordinar de mare de morti, ceea ce in alti ani nu am vazut.<\/p>\n<p>Oricum ar fi, s-au luat masuri drastice iar numarul de morti din cauza altor boli este totusi cel putin la fel de mare.<\/p>\n<h2><span class=\"ez-toc-section\" id=\"Daca_s-au_luat_asa_masuri_drastice_in_cazul_epidemiei_de_coronavirus_de_ce_nu_se_iau_masuri_drastice_si_in_cazul_altor_boli_cu_mortalitate_foarte_mare_boli_despre_care_putem_afirma_deasemenea_ca_exista_epidemii\"><\/span><strong><span class=\" author-d-1gg9uz65z1iz85zgdz68zmqkz84zo2qovw8oz81zyz80zz84z3d9ez83zz72zz87zyz65z8cz85zh6gz72zz86z1z69z2z122zz83ziz89z\">Daca s-au luat asa masuri drastice in cazul epidemiei de coronavirus de ce nu se iau masuri drastice si in cazul altor boli cu mortalitate foarte mare, boli despre care putem afirma deasemenea ca exista epidemii?<\/span><\/strong><span class=\"ez-toc-section-end\"><\/span><\/h2>\n<p><strong>De ce nu se iau masuri drastice pentru a preveni boli precum: hipertensiune, diabet, cancer?<\/strong><\/p>\n<p>Pentru aceste boli exista nenumarate studii care demonstreaza ca o alimentatie corecta si un stil de viata sanatos pot preveni si chiar vindeca aceste boli.<\/p>\n<p><strong>De ce nu se interzic cu desavarsire produsele care sunt cu efect demonstrat cancerigen?<\/strong><\/p>\n<p><span class=\" author-d-1gg9uz65z1iz85zgdz68zmqkz84zo2qovw8oz81zyz80zz84z3d9ez83zz72zz87zyz65z8cz85zh6gz72zz86z1z69z2z122zz83ziz89z\">Printre acestea enumeram: margarina, zaharina, o multime de coloranti si conservanti alimentari, benzoatul de sodiu, monoglutamatul, chiar si zaharul etc.<\/span><\/p>\n<p><strong>De ce nu se fac programe nationale prin care oamenii sa fie mai bine informati si sa aiba mai mare grija de sanatatea lor?<\/strong><\/p>\n<p>O sanatate optima si o imunitate crescuta ofera protectie chiar fata de virusi si bacterii, inclusiv in fata <a href=\"https:\/\/minuneanaturii.ro\/blog\/cum-ne-aparam-de-coronavirus-virusul-ucigas-din-china\/\"><strong>coronavirus<\/strong><\/a>. Ati observat cate persoane sunt declarate infectate dar sunt asimptomatice.<\/p>\n<p>Pe fondul bolilor asociate si a unui organism epuizat de stres orice infectie poate fi mai severa si poate pune viata in pericol.<\/p>\n<p>Asadar ar fi bine sa-ti<a href=\"https:\/\/www.minuneanaturii.ro\/protocol-imunitate-coronavirus\" target=\"_blank\" rel=\"noopener noreferrer\"><strong> mentii imunitatea cat mai sus prin produse potrivite<\/strong><\/a>.<\/p>\n<hr \/>\n<p>Tu ce parere ai, care ar fi fost atitutdinea corecta?<\/p>\n","protected":false},"excerpt":{"rendered":"<p>Ne intrebam multi dintre noi cat de normale sau exagerate sunt masurile care se iau impotriva coronavirus? Sunt necesare cu adevarat aceste masuri drastice de limitare a raspandirii? Sau era nevoie de o alta abordare? Parerile sunt impartite cu privire la evolutia acestei situatii. Cert este ca daca vom continua asa e posibil sa fim &#8230;<\/p>\n","protected":false},"author":101011,"featured_media":4252,"comment_status":"open","ping_status":"closed","sticky":false,"template":"","format":"standard","meta":{"_jetpack_memberships_contains_paid_content":false,"footnotes":""},"categories":[2116,1,11,414,5],"tags":[2118,2120,2138,2068,2139,580,2137,2119,2117,25],"class_list":["post-4194","post","type-post","status-publish","format-standard","has-post-thumbnail","hentry","category-coronavirus-covid-19","category-diverse","category-recomandari","category-sanatate","category-sfaturi-utile-tips-and-tricks","tag-ce-spun-expertii-despre-coronavirus","tag-city-lockdown","tag-cocos-19","tag-coronavirus","tag-criza-economica-coronavirus","tag-epidemie","tag-exagerarea-coronavirus","tag-imunitate-in-fata-coronavirus","tag-pandemie","tag-stil-de-viata"],"yoast_head":"<!-- This site is optimized with the Yoast SEO plugin v28.2 - https:\/\/yoast.com\/product\/yoast-seo-wordpress\/ -->\n<title>Intre panica si ratiune in cazul coronavirus - minuneanaturii.ro<\/title>\n<meta name=\"robots\" content=\"index, follow, max-snippet:-1, max-image-preview:large, max-video-preview:-1\" \/>\n<meta property=\"og:locale\" content=\"ro_RO\" \/>\n<meta property=\"og:type\" content=\"article\" \/>\n<meta property=\"og:title\" content=\"Intre panica si ratiune in cazul coronavirus - Blogul Minunea Naturii\" \/>\n<meta property=\"og:description\" content=\"Ne intrebam multi dintre noi cat de normale sau exagerate sunt masurile care se iau impotriva coronavirus? Sunt necesare cu adevarat aceste masuri drastice de limitare a raspa\u2026\" \/>\n<meta property=\"og:url\" content=\"https:\/\/minuneanaturii.ro\/blog\/intre-panica-si-ratiune-in-cazul-coronavirus\" \/>\n<meta property=\"og:site_name\" content=\"Blogul Minunea Naturii\" \/>\n<meta property=\"article:author\" content=\"https:\/\/www.facebook.com\/minuneanaturii\/\" \/>\n<meta property=\"article:published_time\" content=\"2020-03-26T15:59:02+00:00\" \/>\n<meta property=\"article:modified_time\" content=\"2024-07-12T14:36:24+00:00\" \/>\n<meta property=\"og:image\" content=\"https:\/\/minuneanaturii.ro\/blog\/wp-content\/uploads\/2020\/03\/adevarat-sau-fals-coronavirus-1.png\" \/>\n\t<meta property=\"og:image:width\" content=\"1440\" \/>\n\t<meta property=\"og:image:height\" content=\"810\" \/>\n\t<meta property=\"og:image:type\" content=\"image\/png\" \/>\n<meta name=\"author\" content=\"Farm. Anca si Adrian Ienin\" \/>\n<meta name=\"twitter:card\" content=\"summary_large_image\" \/>\n<meta name=\"twitter:label1\" content=\"Scris de\" \/>\n\t<meta name=\"twitter:data1\" content=\"Farm. Anca si Adrian Ienin\" \/>\n\t<meta name=\"twitter:label2\" content=\"Timp estimat pentru citire\" \/>\n\t<meta name=\"twitter:data2\" content=\"8 minute\" \/>\n<script type=\"application\/ld+json\" class=\"yoast-schema-graph\">{\"@context\":\"https:\\\/\\\/schema.org\",\"@graph\":[{\"@type\":\"Article\",\"@id\":\"https:\\\/\\\/minuneanaturii.ro\\\/blog\\\/intre-panica-si-ratiune-in-cazul-coronavirus#article\",\"isPartOf\":{\"@id\":\"https:\\\/\\\/minuneanaturii.ro\\\/blog\\\/intre-panica-si-ratiune-in-cazul-coronavirus\"},\"author\":{\"name\":\"Farm. Anca si Adrian Ienin\",\"@id\":\"https:\\\/\\\/minuneanaturii.ro\\\/blog\\\/#\\\/schema\\\/person\\\/f2d61b0d1b99f774c2026e5355657712\"},\"headline\":\"Intre panica si ratiune in cazul coronavirus\",\"datePublished\":\"2020-03-26T15:59:02+00:00\",\"dateModified\":\"2024-07-12T14:36:24+00:00\",\"mainEntityOfPage\":{\"@id\":\"https:\\\/\\\/minuneanaturii.ro\\\/blog\\\/intre-panica-si-ratiune-in-cazul-coronavirus\"},\"wordCount\":1697,\"commentCount\":3,\"image\":{\"@id\":\"https:\\\/\\\/minuneanaturii.ro\\\/blog\\\/intre-panica-si-ratiune-in-cazul-coronavirus#primaryimage\"},\"thumbnailUrl\":\"https:\\\/\\\/i0.wp.com\\\/minuneanaturii.ro\\\/blog\\\/wp-content\\\/uploads\\\/2020\\\/03\\\/unnamed.jpg?fit=512%2C288&ssl=1\",\"keywords\":[\"ce spun expertii despre coronavirus\",\"city lockdown\",\"Cocos 19\",\"coronavirus\",\"Criza economica coronavirus\",\"epidemie\",\"Exagerarea coronavirus\",\"imunitate in fata coronavirus\",\"pandemie\",\"stil de viata\"],\"articleSection\":[\"Coronavirus (COVID-19)\",\"Diverse\",\"Recomandari\",\"Sanatate\",\"Sfaturi utile - Tips and Tricks\"],\"inLanguage\":\"ro-RO\",\"potentialAction\":[{\"@type\":\"CommentAction\",\"name\":\"Comment\",\"target\":[\"https:\\\/\\\/minuneanaturii.ro\\\/blog\\\/intre-panica-si-ratiune-in-cazul-coronavirus#respond\"]}]},{\"@type\":\"WebPage\",\"@id\":\"https:\\\/\\\/minuneanaturii.ro\\\/blog\\\/intre-panica-si-ratiune-in-cazul-coronavirus\",\"url\":\"https:\\\/\\\/minuneanaturii.ro\\\/blog\\\/intre-panica-si-ratiune-in-cazul-coronavirus\",\"name\":\"Intre panica si ratiune in cazul coronavirus - Blogul Minunea Naturii\",\"isPartOf\":{\"@id\":\"https:\\\/\\\/minuneanaturii.ro\\\/blog\\\/#website\"},\"primaryImageOfPage\":{\"@id\":\"https:\\\/\\\/minuneanaturii.ro\\\/blog\\\/intre-panica-si-ratiune-in-cazul-coronavirus#primaryimage\"},\"image\":{\"@id\":\"https:\\\/\\\/minuneanaturii.ro\\\/blog\\\/intre-panica-si-ratiune-in-cazul-coronavirus#primaryimage\"},\"thumbnailUrl\":\"https:\\\/\\\/i0.wp.com\\\/minuneanaturii.ro\\\/blog\\\/wp-content\\\/uploads\\\/2020\\\/03\\\/unnamed.jpg?fit=512%2C288&ssl=1\",\"datePublished\":\"2020-03-26T15:59:02+00:00\",\"dateModified\":\"2024-07-12T14:36:24+00:00\",\"author\":{\"@id\":\"https:\\\/\\\/minuneanaturii.ro\\\/blog\\\/#\\\/schema\\\/person\\\/f2d61b0d1b99f774c2026e5355657712\"},\"breadcrumb\":{\"@id\":\"https:\\\/\\\/minuneanaturii.ro\\\/blog\\\/intre-panica-si-ratiune-in-cazul-coronavirus#breadcrumb\"},\"inLanguage\":\"ro-RO\",\"potentialAction\":[{\"@type\":\"ReadAction\",\"target\":[\"https:\\\/\\\/minuneanaturii.ro\\\/blog\\\/intre-panica-si-ratiune-in-cazul-coronavirus\"]}]},{\"@type\":\"ImageObject\",\"inLanguage\":\"ro-RO\",\"@id\":\"https:\\\/\\\/minuneanaturii.ro\\\/blog\\\/intre-panica-si-ratiune-in-cazul-coronavirus#primaryimage\",\"url\":\"https:\\\/\\\/i0.wp.com\\\/minuneanaturii.ro\\\/blog\\\/wp-content\\\/uploads\\\/2020\\\/03\\\/unnamed.jpg?fit=512%2C288&ssl=1\",\"contentUrl\":\"https:\\\/\\\/i0.wp.com\\\/minuneanaturii.ro\\\/blog\\\/wp-content\\\/uploads\\\/2020\\\/03\\\/unnamed.jpg?fit=512%2C288&ssl=1\",\"width\":512,\"height\":288,\"caption\":\"EDS PLS TAKE NOTE OF THIS PTI PICK OF THE DAY:::::::: Dibrugarh: A medic official uses thermal screeing device on a passenger in the wake of deadly coronavirus, at an airport in Dibrugarh, Saturday, March 7, 2020. (PTI Photo) (PTI07-03-2020_000076B)(PTI07-03-2020_000114B)\"},{\"@type\":\"BreadcrumbList\",\"@id\":\"https:\\\/\\\/minuneanaturii.ro\\\/blog\\\/intre-panica-si-ratiune-in-cazul-coronavirus#breadcrumb\",\"itemListElement\":[{\"@type\":\"ListItem\",\"position\":1,\"name\":\"Prima pagin\u0103\",\"item\":\"https:\\\/\\\/minuneanaturii.ro\\\/blog\\\/\"},{\"@type\":\"ListItem\",\"position\":2,\"name\":\"Intre panica si ratiune in cazul coronavirus\"}]},{\"@type\":\"WebSite\",\"@id\":\"https:\\\/\\\/minuneanaturii.ro\\\/blog\\\/#website\",\"url\":\"https:\\\/\\\/minuneanaturii.ro\\\/blog\\\/\",\"name\":\"Blogul Minunea Naturii\",\"description\":\"informatii utile despre sanatate, alimentatie si tratemnte holistice\",\"potentialAction\":[{\"@type\":\"SearchAction\",\"target\":{\"@type\":\"EntryPoint\",\"urlTemplate\":\"https:\\\/\\\/minuneanaturii.ro\\\/blog\\\/?s={search_term_string}\"},\"query-input\":{\"@type\":\"PropertyValueSpecification\",\"valueRequired\":true,\"valueName\":\"search_term_string\"}}],\"inLanguage\":\"ro-RO\"},{\"@type\":\"Person\",\"@id\":\"https:\\\/\\\/minuneanaturii.ro\\\/blog\\\/#\\\/schema\\\/person\\\/f2d61b0d1b99f774c2026e5355657712\",\"name\":\"Farm. Anca si Adrian Ienin\",\"image\":{\"@type\":\"ImageObject\",\"inLanguage\":\"ro-RO\",\"@id\":\"https:\\\/\\\/secure.gravatar.com\\\/avatar\\\/ad4ecb84085c66eae03365f7a2f872d8fee2056710d75b48754261be4b5f8abd?s=96&d=mm&r=g\",\"url\":\"https:\\\/\\\/secure.gravatar.com\\\/avatar\\\/ad4ecb84085c66eae03365f7a2f872d8fee2056710d75b48754261be4b5f8abd?s=96&d=mm&r=g\",\"contentUrl\":\"https:\\\/\\\/secure.gravatar.com\\\/avatar\\\/ad4ecb84085c66eae03365f7a2f872d8fee2056710d75b48754261be4b5f8abd?s=96&d=mm&r=g\",\"caption\":\"Farm. Anca si Adrian Ienin\"},\"description\":\"Anca si Adrian Ienin, farmacisti naturopati si fondatori ai conceptului Minunea Naturii. Au transformat pasiunea pentru alimentatie, stil de viata sanatos si tratamente naturale intr-un concept dedicat sanatatii depline. Scriu articole documentate de ultimele studii in domeniu si din experienta directa cu pacientii. Cred in exemplul propriu si integritate, astfel informatia furnizata este credibila si autentica. Farm. Anca \u0219i Adrian Ienin sunt co-fondatorii conceptului Minunea Naturii \u0219i promotori ai unei viziuni integrative asupra s\u0103n\u0103t\u0103\u021bii, \u00een care \u0219tiin\u021ba modern\u0103 se \u00eent\u00e2lne\u0219te cu \u00een\u021belepciunea tradi\u021bional\u0103. Cu o experien\u021b\u0103 de peste un deceniu \u00een domeniul terapiilor naturale, nutri\u021biei func\u021bionale \u0219i suplimentelor de calitate, cei doi autori ofer\u0103 informa\u021bii valoroase, bine documentate \u0219i orientate spre rezultate reale \u00een echilibrarea organismului. Prin articolele \u0219i proiectele lor educa\u021bionale, Anca \u0219i Adrian \u00eencurajeaz\u0103 oamenii s\u0103 \u00ee\u0219i asume responsabilitatea pentru propria s\u0103n\u0103tate, s\u0103 \u00ee\u0219i dezvolte discern\u0103m\u00e2ntul \u00een alegerea produselor naturale \u0219i s\u0103 adopte un stil de via\u021b\u0103 con\u0219tient, \u00een armonie cu ritmurile corpului \u0219i ale naturii. Articolele lor \u00eembin\u0103 rigoarea \u0219tiin\u021bific\u0103 cu empatia practic\u0103, av\u00e2nd la baz\u0103 at\u00e2t cuno\u0219tin\u021be academice, c\u00e2t \u0219i experien\u021b\u0103 direct\u0103 cu mii de clien\u021bi \u0219i pacien\u021bi. Viziunea lor este una clar\u0103: s\u0103n\u0103tatea nu se reduce la absen\u021ba bolii, ci este un proces activ de echilibru fizic, emo\u021bional, mental \u0219i spiritual \u2013 un drum spre vitalitate, autonomie \u0219i sens.\",\"sameAs\":[\"https:\\\/\\\/www.minuneanaturii.ro\",\"https:\\\/\\\/www.facebook.com\\\/minuneanaturii\\\/\",\"https:\\\/\\\/www.instagram.com\\\/minuneanaturii\\\/\",\"https:\\\/\\\/www.linkedin.com\\\/company\\\/minunea-naturii\",\"https:\\\/\\\/www.youtube.com\\\/@MinuneaNaturii\"],\"url\":\"https:\\\/\\\/minuneanaturii.ro\\\/blog\\\/author\\\/ancasiadrianienin\"}]}<\/script>\n<!-- \/ Yoast SEO plugin. -->","yoast_head_json":{"title":"Intre panica si ratiune in cazul coronavirus - minuneanaturii.ro","robots":{"index":"index","follow":"follow","max-snippet":"max-snippet:-1","max-image-preview":"max-image-preview:large","max-video-preview":"max-video-preview:-1"},"og_locale":"ro_RO","og_type":"article","og_title":"Intre panica si ratiune in cazul coronavirus - Blogul Minunea Naturii","og_description":"Ne intrebam multi dintre noi cat de normale sau exagerate sunt masurile care se iau impotriva coronavirus? Sunt necesare cu adevarat aceste masuri drastice de limitare a raspa\u2026","og_url":"https:\/\/minuneanaturii.ro\/blog\/intre-panica-si-ratiune-in-cazul-coronavirus","og_site_name":"Blogul Minunea Naturii","article_author":"https:\/\/www.facebook.com\/minuneanaturii\/","article_published_time":"2020-03-26T15:59:02+00:00","article_modified_time":"2024-07-12T14:36:24+00:00","og_image":[{"width":1440,"height":810,"url":"https:\/\/minuneanaturii.ro\/blog\/wp-content\/uploads\/2020\/03\/adevarat-sau-fals-coronavirus-1.png","type":"image\/png"}],"author":"Farm. Anca si Adrian Ienin","twitter_card":"summary_large_image","twitter_misc":{"Scris de":"Farm. Anca si Adrian Ienin","Timp estimat pentru citire":"8 minute"},"schema":{"@context":"https:\/\/schema.org","@graph":[{"@type":"Article","@id":"https:\/\/minuneanaturii.ro\/blog\/intre-panica-si-ratiune-in-cazul-coronavirus#article","isPartOf":{"@id":"https:\/\/minuneanaturii.ro\/blog\/intre-panica-si-ratiune-in-cazul-coronavirus"},"author":{"name":"Farm. Anca si Adrian Ienin","@id":"https:\/\/minuneanaturii.ro\/blog\/#\/schema\/person\/f2d61b0d1b99f774c2026e5355657712"},"headline":"Intre panica si ratiune in cazul coronavirus","datePublished":"2020-03-26T15:59:02+00:00","dateModified":"2024-07-12T14:36:24+00:00","mainEntityOfPage":{"@id":"https:\/\/minuneanaturii.ro\/blog\/intre-panica-si-ratiune-in-cazul-coronavirus"},"wordCount":1697,"commentCount":3,"image":{"@id":"https:\/\/minuneanaturii.ro\/blog\/intre-panica-si-ratiune-in-cazul-coronavirus#primaryimage"},"thumbnailUrl":"https:\/\/i0.wp.com\/minuneanaturii.ro\/blog\/wp-content\/uploads\/2020\/03\/unnamed.jpg?fit=512%2C288&ssl=1","keywords":["ce spun expertii despre coronavirus","city lockdown","Cocos 19","coronavirus","Criza economica coronavirus","epidemie","Exagerarea coronavirus","imunitate in fata coronavirus","pandemie","stil de viata"],"articleSection":["Coronavirus (COVID-19)","Diverse","Recomandari","Sanatate","Sfaturi utile - Tips and Tricks"],"inLanguage":"ro-RO","potentialAction":[{"@type":"CommentAction","name":"Comment","target":["https:\/\/minuneanaturii.ro\/blog\/intre-panica-si-ratiune-in-cazul-coronavirus#respond"]}]},{"@type":"WebPage","@id":"https:\/\/minuneanaturii.ro\/blog\/intre-panica-si-ratiune-in-cazul-coronavirus","url":"https:\/\/minuneanaturii.ro\/blog\/intre-panica-si-ratiune-in-cazul-coronavirus","name":"Intre panica si ratiune in cazul coronavirus - Blogul Minunea Naturii","isPartOf":{"@id":"https:\/\/minuneanaturii.ro\/blog\/#website"},"primaryImageOfPage":{"@id":"https:\/\/minuneanaturii.ro\/blog\/intre-panica-si-ratiune-in-cazul-coronavirus#primaryimage"},"image":{"@id":"https:\/\/minuneanaturii.ro\/blog\/intre-panica-si-ratiune-in-cazul-coronavirus#primaryimage"},"thumbnailUrl":"https:\/\/i0.wp.com\/minuneanaturii.ro\/blog\/wp-content\/uploads\/2020\/03\/unnamed.jpg?fit=512%2C288&ssl=1","datePublished":"2020-03-26T15:59:02+00:00","dateModified":"2024-07-12T14:36:24+00:00","author":{"@id":"https:\/\/minuneanaturii.ro\/blog\/#\/schema\/person\/f2d61b0d1b99f774c2026e5355657712"},"breadcrumb":{"@id":"https:\/\/minuneanaturii.ro\/blog\/intre-panica-si-ratiune-in-cazul-coronavirus#breadcrumb"},"inLanguage":"ro-RO","potentialAction":[{"@type":"ReadAction","target":["https:\/\/minuneanaturii.ro\/blog\/intre-panica-si-ratiune-in-cazul-coronavirus"]}]},{"@type":"ImageObject","inLanguage":"ro-RO","@id":"https:\/\/minuneanaturii.ro\/blog\/intre-panica-si-ratiune-in-cazul-coronavirus#primaryimage","url":"https:\/\/i0.wp.com\/minuneanaturii.ro\/blog\/wp-content\/uploads\/2020\/03\/unnamed.jpg?fit=512%2C288&ssl=1","contentUrl":"https:\/\/i0.wp.com\/minuneanaturii.ro\/blog\/wp-content\/uploads\/2020\/03\/unnamed.jpg?fit=512%2C288&ssl=1","width":512,"height":288,"caption":"EDS PLS TAKE NOTE OF THIS PTI PICK OF THE DAY:::::::: Dibrugarh: A medic official uses thermal screeing device on a passenger in the wake of deadly coronavirus, at an airport in Dibrugarh, Saturday, March 7, 2020. (PTI Photo) (PTI07-03-2020_000076B)(PTI07-03-2020_000114B)"},{"@type":"BreadcrumbList","@id":"https:\/\/minuneanaturii.ro\/blog\/intre-panica-si-ratiune-in-cazul-coronavirus#breadcrumb","itemListElement":[{"@type":"ListItem","position":1,"name":"Prima pagin\u0103","item":"https:\/\/minuneanaturii.ro\/blog\/"},{"@type":"ListItem","position":2,"name":"Intre panica si ratiune in cazul coronavirus"}]},{"@type":"WebSite","@id":"https:\/\/minuneanaturii.ro\/blog\/#website","url":"https:\/\/minuneanaturii.ro\/blog\/","name":"Blogul Minunea Naturii","description":"informatii utile despre sanatate, alimentatie si tratemnte holistice","potentialAction":[{"@type":"SearchAction","target":{"@type":"EntryPoint","urlTemplate":"https:\/\/minuneanaturii.ro\/blog\/?s={search_term_string}"},"query-input":{"@type":"PropertyValueSpecification","valueRequired":true,"valueName":"search_term_string"}}],"inLanguage":"ro-RO"},{"@type":"Person","@id":"https:\/\/minuneanaturii.ro\/blog\/#\/schema\/person\/f2d61b0d1b99f774c2026e5355657712","name":"Farm. Anca si Adrian Ienin","image":{"@type":"ImageObject","inLanguage":"ro-RO","@id":"https:\/\/secure.gravatar.com\/avatar\/ad4ecb84085c66eae03365f7a2f872d8fee2056710d75b48754261be4b5f8abd?s=96&d=mm&r=g","url":"https:\/\/secure.gravatar.com\/avatar\/ad4ecb84085c66eae03365f7a2f872d8fee2056710d75b48754261be4b5f8abd?s=96&d=mm&r=g","contentUrl":"https:\/\/secure.gravatar.com\/avatar\/ad4ecb84085c66eae03365f7a2f872d8fee2056710d75b48754261be4b5f8abd?s=96&d=mm&r=g","caption":"Farm. Anca si Adrian Ienin"},"description":"Anca si Adrian Ienin, farmacisti naturopati si fondatori ai conceptului Minunea Naturii. Au transformat pasiunea pentru alimentatie, stil de viata sanatos si tratamente naturale intr-un concept dedicat sanatatii depline. Scriu articole documentate de ultimele studii in domeniu si din experienta directa cu pacientii. Cred in exemplul propriu si integritate, astfel informatia furnizata este credibila si autentica. Farm. Anca \u0219i Adrian Ienin sunt co-fondatorii conceptului Minunea Naturii \u0219i promotori ai unei viziuni integrative asupra s\u0103n\u0103t\u0103\u021bii, \u00een care \u0219tiin\u021ba modern\u0103 se \u00eent\u00e2lne\u0219te cu \u00een\u021belepciunea tradi\u021bional\u0103. Cu o experien\u021b\u0103 de peste un deceniu \u00een domeniul terapiilor naturale, nutri\u021biei func\u021bionale \u0219i suplimentelor de calitate, cei doi autori ofer\u0103 informa\u021bii valoroase, bine documentate \u0219i orientate spre rezultate reale \u00een echilibrarea organismului. Prin articolele \u0219i proiectele lor educa\u021bionale, Anca \u0219i Adrian \u00eencurajeaz\u0103 oamenii s\u0103 \u00ee\u0219i asume responsabilitatea pentru propria s\u0103n\u0103tate, s\u0103 \u00ee\u0219i dezvolte discern\u0103m\u00e2ntul \u00een alegerea produselor naturale \u0219i s\u0103 adopte un stil de via\u021b\u0103 con\u0219tient, \u00een armonie cu ritmurile corpului \u0219i ale naturii. Articolele lor \u00eembin\u0103 rigoarea \u0219tiin\u021bific\u0103 cu empatia practic\u0103, av\u00e2nd la baz\u0103 at\u00e2t cuno\u0219tin\u021be academice, c\u00e2t \u0219i experien\u021b\u0103 direct\u0103 cu mii de clien\u021bi \u0219i pacien\u021bi. Viziunea lor este una clar\u0103: s\u0103n\u0103tatea nu se reduce la absen\u021ba bolii, ci este un proces activ de echilibru fizic, emo\u021bional, mental \u0219i spiritual \u2013 un drum spre vitalitate, autonomie \u0219i sens.","sameAs":["https:\/\/www.minuneanaturii.ro","https:\/\/www.facebook.com\/minuneanaturii\/","https:\/\/www.instagram.com\/minuneanaturii\/","https:\/\/www.linkedin.com\/company\/minunea-naturii","https:\/\/www.youtube.com\/@MinuneaNaturii"],"url":"https:\/\/minuneanaturii.ro\/blog\/author\/ancasiadrianienin"}]}},"jetpack_featured_media_url":"https:\/\/i0.wp.com\/minuneanaturii.ro\/blog\/wp-content\/uploads\/2020\/03\/unnamed.jpg?fit=512%2C288&ssl=1","jetpack_sharing_enabled":true,"_links":{"self":[{"href":"https:\/\/minuneanaturii.ro\/blog\/wp-json\/wp\/v2\/posts\/4194","targetHints":{"allow":["GET"]}}],"collection":[{"href":"https:\/\/minuneanaturii.ro\/blog\/wp-json\/wp\/v2\/posts"}],"about":[{"href":"https:\/\/minuneanaturii.ro\/blog\/wp-json\/wp\/v2\/types\/post"}],"author":[{"embeddable":true,"href":"https:\/\/minuneanaturii.ro\/blog\/wp-json\/wp\/v2\/users\/101011"}],"replies":[{"embeddable":true,"href":"https:\/\/minuneanaturii.ro\/blog\/wp-json\/wp\/v2\/comments?post=4194"}],"version-history":[{"count":23,"href":"https:\/\/minuneanaturii.ro\/blog\/wp-json\/wp\/v2\/posts\/4194\/revisions"}],"predecessor-version":[{"id":4224,"href":"https:\/\/minuneanaturii.ro\/blog\/wp-json\/wp\/v2\/posts\/4194\/revisions\/4224"}],"wp:featuredmedia":[{"embeddable":true,"href":"https:\/\/minuneanaturii.ro\/blog\/wp-json\/wp\/v2\/media\/4252"}],"wp:attachment":[{"href":"https:\/\/minuneanaturii.ro\/blog\/wp-json\/wp\/v2\/media?parent=4194"}],"wp:term":[{"taxonomy":"category","embeddable":true,"href":"https:\/\/minuneanaturii.ro\/blog\/wp-json\/wp\/v2\/categories?post=4194"},{"taxonomy":"post_tag","embeddable":true,"href":"https:\/\/minuneanaturii.ro\/blog\/wp-json\/wp\/v2\/tags?post=4194"}],"curies":[{"name":"wp","href":"https:\/\/api.w.org\/{rel}","templated":true}]}}