{"id":1910,"date":"2018-01-30T05:36:36","date_gmt":"2018-01-30T03:36:36","guid":{"rendered":"http:\/\/minuneanaturii.ro\/blog\/?p=1910"},"modified":"2024-07-12T16:37:33","modified_gmt":"2024-07-12T14:37:33","slug":"vrei-sa-arzi-calorii-in-mod-natural-inlocuieste-negru-cu-verde","status":"publish","type":"post","link":"https:\/\/minuneanaturii.ro\/blog\/vrei-sa-arzi-calorii-in-mod-natural-inlocuieste-negru-cu-verde","title":{"rendered":"Vrei sa arzi calorii in mod natural? Inlocuieste negru cu verde!"},"content":{"rendered":"<p><em><strong>Cafeaua verde, caci despre ea este vorba, are proprietati total diferite de cafeaua prajita. Cafeaua verde este diferita atat ca si gust cat si ca actiune. Cafeaua verde are capacitatea de a accelera metabolismul si de a arde grasimile rapid, in mod natural. Cu toate acestea, e nevoie de integrarea ei intr-un stil de viata sanatos de rabdare si constanta in obtinerea rezultatelor dorite!<\/strong><\/em><\/p>\n<p>Asta nu inseamna ca daca bei o cafea verde dimineata, seara ai cu 1cm mai putin in talie! In alimentatie, ca si in viata, <em><a href=\"http:\/\/www.minuneanaturii.ro\/blog\/motivatia-obiceiul-si-rezultatul\/\" target=\"_blank\" rel=\"noopener\"><strong>nimic nu se intampla peste noapte<\/strong><\/a><\/em>.<\/p>\n<p><a href=\"https:\/\/www.minuneanaturii.ro\/cafea-verde\" target=\"_blank\" rel=\"noopener\"><strong>Cafeaua verde<\/strong><\/a>\u00a0nu reprezinta altceva decat boabele de cafea naturale, netrecute prin procesul prajirii, ceea ce ii confera calitati sporite fata de cafeaua prajita pe care o consuma toata lumea, in special pentru savoare si un <a href=\"http:\/\/www.minuneanaturii.ro\/blog\/ceaiul-verde-tine-pasul-cu-viata-in-ritmul-tau\/\" target=\"_blank\" rel=\"noopener\"><strong>plus de energie<\/strong><\/a>.<\/p>\n<p><strong>Iata cateva dintre beneficiile consumului de <a href=\"https:\/\/www.minuneanaturii.ro\/produse\/cafea-verde\/cafea-verde-macinata-ecologica-125g-niavis-pret-oferta_.html\" target=\"_blank\" rel=\"noopener\"><strong>cafea verde<\/strong><\/a>:<\/strong><\/p>\n<ul>\n<li>ajuta in <a href=\"http:\/\/www.minuneanaturii.ro\/blog\/au-trecut-sarbatorile-si-ti-au-lasat-o-amintire-greu-de-uitat-afla-cum-scapi-de-kilogramele-in-plus\/\" target=\"_blank\" rel=\"noopener\"><strong>lupta cu kilogramele in plus<\/strong><\/a>, datorita prezentei acidului clorogenic<\/li>\n<li>impiedica acumularea depozitelor de grasime<\/li>\n<li>imbunatateste <a href=\"https:\/\/www.minuneanaturii.ro\/memorie-concentrare-invatare-rapida\" target=\"_blank\" rel=\"noopener\"><strong>concentrarea si memoria<\/strong><\/a><\/li>\n<li>hidrateaza pielea datorita acizilor grasi precum acidul arahidonic si acidul linoleic<\/li>\n<li>contine o cantitate sporita de <a href=\"https:\/\/www.minuneanaturii.ro\/antioxidanti\" target=\"_blank\" rel=\"noopener\"><strong>antioxidanti<\/strong><\/a>\u00a0si alte microelemente cu efecte benefice asupra organismului<\/li>\n<\/ul>\n<p><a href=\"https:\/\/i0.wp.com\/minuneanaturii.ro\/blog\/wp-content\/uploads\/2018\/01\/cafea-verde.jpg\"><img data-recalc-dims=\"1\" loading=\"lazy\" decoding=\"async\" class=\"aligncenter size-full wp-image-1908\" src=\"https:\/\/i0.wp.com\/minuneanaturii.ro\/blog\/wp-content\/uploads\/2018\/01\/cafea-verde.jpg?resize=732%2C549\" alt=\"cafea verde\" width=\"732\" height=\"549\" srcset=\"https:\/\/i0.wp.com\/minuneanaturii.ro\/blog\/wp-content\/uploads\/2018\/01\/cafea-verde.jpg?w=732&amp;ssl=1 732w, https:\/\/i0.wp.com\/minuneanaturii.ro\/blog\/wp-content\/uploads\/2018\/01\/cafea-verde.jpg?resize=300%2C225&amp;ssl=1 300w\" sizes=\"auto, (max-width: 732px) 100vw, 732px\" \/><\/a><\/p>\n<p><strong>Acidul clorogenic<\/strong> prezent in cafeaua verde este un accelerator al metabolismului si de acolo rezulta efectele de reducere a greutatii. Daca nu faci nici o schimbare in alimentatie sau stil de viata, ci doar bei cafea verde <strong>NU vei slabi in mod semnificativ<\/strong> si e posibil sa fi chiar dezamagit(a). In nici un caz nu vei obtine rezultatele care mai circula pe internet cu zeci de kg slabite.<\/p>\n<p><em><strong>Singura reteta magica de slabit si de normalizare a greutatii pe termen lung este adoptarea unui stil de viata sanatos in adevaratul sens al cuvantului!<\/strong><\/em><\/p>\n<p>Pe de alta parte, ca si <a href=\"https:\/\/www.minuneanaturii.ro\/cafea\" target=\"_blank\" rel=\"noopener\"><strong>cafeaua clasica prajita<\/strong><\/a>, cafeaua verde are contraindicatii de care este bine sa tinem cont. Avand acelasi continut ridicat de cofeina, cafeaua verde este contraindicata <a href=\"http:\/\/www.minuneanaturii.ro\/blog\/more-milk-plus-si-restul-produselor-fabuloase-de-la-motherlove\/\" target=\"_blank\" rel=\"noopener\"><strong>femeilor insarcinate sau care alapteaza<\/strong><\/a> dar si persoanelor care sufera de: anxietate, glaucom, diabet, hipertensiune, sindrom de colon iritabil, <a href=\"https:\/\/www.minuneanaturii.ro\/osteoporoza\" target=\"_blank\" rel=\"noopener\"><strong>osteoporoza<\/strong><\/a> (cafeaua scoate calciul din oase)!<\/p>\n<p>Daca nu te regasesti in una din situatiile de mai sus, poti inlocui cafeaua clasica cu cafea verde astfel: pune o lingurita de <a href=\"https:\/\/www.minuneanaturii.ro\/produse\/cafea-verde\/cafea-verde-cu-ghimbir-50g-vedda-pret-oferta_.html\" target=\"_blank\" rel=\"noopener\"><strong>cafea verde macinata<\/strong><\/a> intr-o cescuta, adauga apa clocotita, acopera cu o farfurioara si lasa 5 minute la infuzat, ca si cum ai prepara un ceai. Poti strecura cafeaua astfel preparata si o poti indulci cu <a href=\"https:\/\/www.minuneanaturii.ro\/miere-de-manuka\" target=\"_blank\" rel=\"noopener\"><strong>miere<\/strong><\/a> pentru un gust mai bun.<\/p>\n<p><em>Atentie! Boabele de cafea verde sunt foarte dure, nu incerca sa le macini in rasnita de cafea. E posibil ori sa tocesti cutitele acesteiea ori chiar sa spargi rasnita. Cafeaua verde se macina doar in mori speciale!<\/em><\/p>\n<p><a href=\"https:\/\/i0.wp.com\/minuneanaturii.ro\/blog\/wp-content\/uploads\/2018\/01\/Cafeaua-verde-Minunea-Naturii-Farm.-Anca-Ienin-consultant-in-nutritie-si-sanatate.jpg\"><img data-recalc-dims=\"1\" loading=\"lazy\" decoding=\"async\" class=\"alignnone size-full wp-image-2071\" src=\"https:\/\/i0.wp.com\/minuneanaturii.ro\/blog\/wp-content\/uploads\/2018\/01\/Cafeaua-verde-Minunea-Naturii-Farm.-Anca-Ienin-consultant-in-nutritie-si-sanatate.jpg?resize=940%2C705\" alt=\"\" width=\"940\" height=\"705\" srcset=\"https:\/\/i0.wp.com\/minuneanaturii.ro\/blog\/wp-content\/uploads\/2018\/01\/Cafeaua-verde-Minunea-Naturii-Farm.-Anca-Ienin-consultant-in-nutritie-si-sanatate.jpg?w=940&amp;ssl=1 940w, https:\/\/i0.wp.com\/minuneanaturii.ro\/blog\/wp-content\/uploads\/2018\/01\/Cafeaua-verde-Minunea-Naturii-Farm.-Anca-Ienin-consultant-in-nutritie-si-sanatate.jpg?resize=300%2C225&amp;ssl=1 300w, https:\/\/i0.wp.com\/minuneanaturii.ro\/blog\/wp-content\/uploads\/2018\/01\/Cafeaua-verde-Minunea-Naturii-Farm.-Anca-Ienin-consultant-in-nutritie-si-sanatate.jpg?resize=768%2C576&amp;ssl=1 768w\" sizes=\"auto, (max-width: 940px) 100vw, 940px\" \/><\/a><\/p>\n","protected":false},"excerpt":{"rendered":"<p>Cafeaua verde, caci despre ea este vorba, are proprietati total diferite de cafeaua prajita. Cafeaua verde este diferita atat ca si gust cat si ca actiune. Cafeaua verde are capacitatea de a accelera metabolismul si de a arde grasimile rapid, in mod natural. Cu toate acestea, e nevoie de integrarea ei intr-un stil de viata sanatos de rabdare si constanta in obtinerea rezultatelor dorite!<\/p>\n","protected":false},"author":101011,"featured_media":1909,"comment_status":"open","ping_status":"closed","sticky":false,"template":"","format":"standard","meta":{"_jetpack_memberships_contains_paid_content":false,"footnotes":""},"categories":[1,9,414,5],"tags":[1098,53,987,985,983,989,982,986,984,991,723,990,691,993,967,992,56,281,988,610,25,109],"class_list":["post-1910","post","type-post","status-publish","format-standard","has-post-thumbnail","hentry","category-diverse","category-nutritie-si-alimentatie-sanatoasa","category-sanatate","category-sfaturi-utile-tips-and-tricks","tag-adevarul-despre-cafea","tag-alimentatie-sanatoasa","tag-arderea-grasimilor","tag-boabe-de-cafea-verde","tag-cafea","tag-cafea-prajita","tag-cafea-verde","tag-cafea-verde-macinata","tag-cafeaua-verde","tag-capacitate-de-concentrare","tag-cofeina","tag-concentrare","tag-energie","tag-imbunatatirea-memoriei","tag-kilograme-in-plus","tag-memorie","tag-nutritie-timisoara","tag-nutritionist-timisoara","tag-scaderea-in-greutate","tag-slabit","tag-stil-de-viata","tag-vitalitate"],"yoast_head":"<!-- This site is optimized with the Yoast SEO plugin v28.2 - https:\/\/yoast.com\/product\/yoast-seo-wordpress\/ -->\n<title>Vrei sa arzi calorii in mod natural? Inlocuieste negru cu verde! - minuneanaturii.ro<\/title>\n<meta name=\"robots\" content=\"index, follow, max-snippet:-1, max-image-preview:large, max-video-preview:-1\" \/>\n<meta property=\"og:locale\" content=\"ro_RO\" \/>\n<meta property=\"og:type\" content=\"article\" \/>\n<meta property=\"og:title\" content=\"Vrei sa arzi calorii in mod natural? Inlocuieste negru cu verde! - Blogul Minunea Naturii\" \/>\n<meta property=\"og:description\" content=\"Cafeaua verde, caci despre ea este vorba, are proprietati total diferite de cafeaua prajita. Cafeaua verde este diferita atat ca si gust cat si ca actiune. Cafeaua verde are c\u2026\" \/>\n<meta property=\"og:url\" content=\"https:\/\/minuneanaturii.ro\/blog\/vrei-sa-arzi-calorii-in-mod-natural-inlocuieste-negru-cu-verde\" \/>\n<meta property=\"og:site_name\" content=\"Blogul Minunea Naturii\" \/>\n<meta property=\"article:author\" content=\"https:\/\/www.facebook.com\/minuneanaturii\/\" \/>\n<meta property=\"article:published_time\" content=\"2018-01-30T03:36:36+00:00\" \/>\n<meta property=\"article:modified_time\" content=\"2024-07-12T14:37:33+00:00\" \/>\n<meta property=\"og:image\" content=\"https:\/\/minuneanaturii.ro\/blog\/wp-content\/uploads\/2018\/01\/ceasca-de-cafea-verde.jpg\" \/>\n\t<meta property=\"og:image:width\" content=\"468\" \/>\n\t<meta property=\"og:image:height\" content=\"376\" \/>\n\t<meta property=\"og:image:type\" content=\"image\/jpeg\" \/>\n<meta name=\"author\" content=\"Farm. Anca si Adrian Ienin\" \/>\n<meta name=\"twitter:card\" content=\"summary_large_image\" \/>\n<meta name=\"twitter:label1\" content=\"Scris de\" \/>\n\t<meta name=\"twitter:data1\" content=\"Farm. Anca si Adrian Ienin\" \/>\n\t<meta name=\"twitter:label2\" content=\"Timp estimat pentru citire\" \/>\n\t<meta name=\"twitter:data2\" content=\"2 minute\" \/>\n<script type=\"application\/ld+json\" class=\"yoast-schema-graph\">{\"@context\":\"https:\\\/\\\/schema.org\",\"@graph\":[{\"@type\":\"Article\",\"@id\":\"https:\\\/\\\/minuneanaturii.ro\\\/blog\\\/vrei-sa-arzi-calorii-in-mod-natural-inlocuieste-negru-cu-verde#article\",\"isPartOf\":{\"@id\":\"https:\\\/\\\/minuneanaturii.ro\\\/blog\\\/vrei-sa-arzi-calorii-in-mod-natural-inlocuieste-negru-cu-verde\"},\"author\":{\"name\":\"Farm. Anca si Adrian Ienin\",\"@id\":\"https:\\\/\\\/minuneanaturii.ro\\\/blog\\\/#\\\/schema\\\/person\\\/f2d61b0d1b99f774c2026e5355657712\"},\"headline\":\"Vrei sa arzi calorii in mod natural? Inlocuieste negru cu verde!\",\"datePublished\":\"2018-01-30T03:36:36+00:00\",\"dateModified\":\"2024-07-12T14:37:33+00:00\",\"mainEntityOfPage\":{\"@id\":\"https:\\\/\\\/minuneanaturii.ro\\\/blog\\\/vrei-sa-arzi-calorii-in-mod-natural-inlocuieste-negru-cu-verde\"},\"wordCount\":446,\"commentCount\":4,\"image\":{\"@id\":\"https:\\\/\\\/minuneanaturii.ro\\\/blog\\\/vrei-sa-arzi-calorii-in-mod-natural-inlocuieste-negru-cu-verde#primaryimage\"},\"thumbnailUrl\":\"https:\\\/\\\/i0.wp.com\\\/minuneanaturii.ro\\\/blog\\\/wp-content\\\/uploads\\\/2018\\\/01\\\/ceasca-de-cafea-verde.jpg?fit=468%2C376&ssl=1\",\"keywords\":[\"adevarul despre cafea\",\"alimentatie sanatoasa\",\"arderea grasimilor\",\"boabe de cafea verde\",\"cafea\",\"cafea prajita\",\"cafea verde\",\"cafea verde macinata\",\"cafeaua verde\",\"capacitate de concentrare\",\"cofeina\",\"concentrare\",\"energie\",\"imbunatatirea memoriei\",\"kilograme in plus\",\"memorie\",\"nutritie Timisoara\",\"nutritionist Timisoara\",\"scaderea in greutate\",\"slabit\",\"stil de viata\",\"vitalitate\"],\"articleSection\":[\"Diverse\",\"Nutritie si alimentatie sanatoasa\",\"Sanatate\",\"Sfaturi utile - Tips and Tricks\"],\"inLanguage\":\"ro-RO\",\"potentialAction\":[{\"@type\":\"CommentAction\",\"name\":\"Comment\",\"target\":[\"https:\\\/\\\/minuneanaturii.ro\\\/blog\\\/vrei-sa-arzi-calorii-in-mod-natural-inlocuieste-negru-cu-verde#respond\"]}]},{\"@type\":\"WebPage\",\"@id\":\"https:\\\/\\\/minuneanaturii.ro\\\/blog\\\/vrei-sa-arzi-calorii-in-mod-natural-inlocuieste-negru-cu-verde\",\"url\":\"https:\\\/\\\/minuneanaturii.ro\\\/blog\\\/vrei-sa-arzi-calorii-in-mod-natural-inlocuieste-negru-cu-verde\",\"name\":\"Vrei sa arzi calorii in mod natural? Inlocuieste negru cu verde! - Blogul Minunea Naturii\",\"isPartOf\":{\"@id\":\"https:\\\/\\\/minuneanaturii.ro\\\/blog\\\/#website\"},\"primaryImageOfPage\":{\"@id\":\"https:\\\/\\\/minuneanaturii.ro\\\/blog\\\/vrei-sa-arzi-calorii-in-mod-natural-inlocuieste-negru-cu-verde#primaryimage\"},\"image\":{\"@id\":\"https:\\\/\\\/minuneanaturii.ro\\\/blog\\\/vrei-sa-arzi-calorii-in-mod-natural-inlocuieste-negru-cu-verde#primaryimage\"},\"thumbnailUrl\":\"https:\\\/\\\/i0.wp.com\\\/minuneanaturii.ro\\\/blog\\\/wp-content\\\/uploads\\\/2018\\\/01\\\/ceasca-de-cafea-verde.jpg?fit=468%2C376&ssl=1\",\"datePublished\":\"2018-01-30T03:36:36+00:00\",\"dateModified\":\"2024-07-12T14:37:33+00:00\",\"author\":{\"@id\":\"https:\\\/\\\/minuneanaturii.ro\\\/blog\\\/#\\\/schema\\\/person\\\/f2d61b0d1b99f774c2026e5355657712\"},\"breadcrumb\":{\"@id\":\"https:\\\/\\\/minuneanaturii.ro\\\/blog\\\/vrei-sa-arzi-calorii-in-mod-natural-inlocuieste-negru-cu-verde#breadcrumb\"},\"inLanguage\":\"ro-RO\",\"potentialAction\":[{\"@type\":\"ReadAction\",\"target\":[\"https:\\\/\\\/minuneanaturii.ro\\\/blog\\\/vrei-sa-arzi-calorii-in-mod-natural-inlocuieste-negru-cu-verde\"]}]},{\"@type\":\"ImageObject\",\"inLanguage\":\"ro-RO\",\"@id\":\"https:\\\/\\\/minuneanaturii.ro\\\/blog\\\/vrei-sa-arzi-calorii-in-mod-natural-inlocuieste-negru-cu-verde#primaryimage\",\"url\":\"https:\\\/\\\/i0.wp.com\\\/minuneanaturii.ro\\\/blog\\\/wp-content\\\/uploads\\\/2018\\\/01\\\/ceasca-de-cafea-verde.jpg?fit=468%2C376&ssl=1\",\"contentUrl\":\"https:\\\/\\\/i0.wp.com\\\/minuneanaturii.ro\\\/blog\\\/wp-content\\\/uploads\\\/2018\\\/01\\\/ceasca-de-cafea-verde.jpg?fit=468%2C376&ssl=1\",\"width\":468,\"height\":376,\"caption\":\"ceasca de cafea verde\"},{\"@type\":\"BreadcrumbList\",\"@id\":\"https:\\\/\\\/minuneanaturii.ro\\\/blog\\\/vrei-sa-arzi-calorii-in-mod-natural-inlocuieste-negru-cu-verde#breadcrumb\",\"itemListElement\":[{\"@type\":\"ListItem\",\"position\":1,\"name\":\"Prima pagin\u0103\",\"item\":\"https:\\\/\\\/minuneanaturii.ro\\\/blog\\\/\"},{\"@type\":\"ListItem\",\"position\":2,\"name\":\"Vrei sa arzi calorii in mod natural? Inlocuieste negru cu verde!\"}]},{\"@type\":\"WebSite\",\"@id\":\"https:\\\/\\\/minuneanaturii.ro\\\/blog\\\/#website\",\"url\":\"https:\\\/\\\/minuneanaturii.ro\\\/blog\\\/\",\"name\":\"Blogul Minunea Naturii\",\"description\":\"informatii utile despre sanatate, alimentatie si tratemnte holistice\",\"potentialAction\":[{\"@type\":\"SearchAction\",\"target\":{\"@type\":\"EntryPoint\",\"urlTemplate\":\"https:\\\/\\\/minuneanaturii.ro\\\/blog\\\/?s={search_term_string}\"},\"query-input\":{\"@type\":\"PropertyValueSpecification\",\"valueRequired\":true,\"valueName\":\"search_term_string\"}}],\"inLanguage\":\"ro-RO\"},{\"@type\":\"Person\",\"@id\":\"https:\\\/\\\/minuneanaturii.ro\\\/blog\\\/#\\\/schema\\\/person\\\/f2d61b0d1b99f774c2026e5355657712\",\"name\":\"Farm. Anca si Adrian Ienin\",\"image\":{\"@type\":\"ImageObject\",\"inLanguage\":\"ro-RO\",\"@id\":\"https:\\\/\\\/secure.gravatar.com\\\/avatar\\\/ad4ecb84085c66eae03365f7a2f872d8fee2056710d75b48754261be4b5f8abd?s=96&d=mm&r=g\",\"url\":\"https:\\\/\\\/secure.gravatar.com\\\/avatar\\\/ad4ecb84085c66eae03365f7a2f872d8fee2056710d75b48754261be4b5f8abd?s=96&d=mm&r=g\",\"contentUrl\":\"https:\\\/\\\/secure.gravatar.com\\\/avatar\\\/ad4ecb84085c66eae03365f7a2f872d8fee2056710d75b48754261be4b5f8abd?s=96&d=mm&r=g\",\"caption\":\"Farm. Anca si Adrian Ienin\"},\"description\":\"Anca si Adrian Ienin, farmacisti naturopati si fondatori ai conceptului Minunea Naturii. Au transformat pasiunea pentru alimentatie, stil de viata sanatos si tratamente naturale intr-un concept dedicat sanatatii depline. Scriu articole documentate de ultimele studii in domeniu si din experienta directa cu pacientii. Cred in exemplul propriu si integritate, astfel informatia furnizata este credibila si autentica. Farm. Anca \u0219i Adrian Ienin sunt co-fondatorii conceptului Minunea Naturii \u0219i promotori ai unei viziuni integrative asupra s\u0103n\u0103t\u0103\u021bii, \u00een care \u0219tiin\u021ba modern\u0103 se \u00eent\u00e2lne\u0219te cu \u00een\u021belepciunea tradi\u021bional\u0103. Cu o experien\u021b\u0103 de peste un deceniu \u00een domeniul terapiilor naturale, nutri\u021biei func\u021bionale \u0219i suplimentelor de calitate, cei doi autori ofer\u0103 informa\u021bii valoroase, bine documentate \u0219i orientate spre rezultate reale \u00een echilibrarea organismului. Prin articolele \u0219i proiectele lor educa\u021bionale, Anca \u0219i Adrian \u00eencurajeaz\u0103 oamenii s\u0103 \u00ee\u0219i asume responsabilitatea pentru propria s\u0103n\u0103tate, s\u0103 \u00ee\u0219i dezvolte discern\u0103m\u00e2ntul \u00een alegerea produselor naturale \u0219i s\u0103 adopte un stil de via\u021b\u0103 con\u0219tient, \u00een armonie cu ritmurile corpului \u0219i ale naturii. Articolele lor \u00eembin\u0103 rigoarea \u0219tiin\u021bific\u0103 cu empatia practic\u0103, av\u00e2nd la baz\u0103 at\u00e2t cuno\u0219tin\u021be academice, c\u00e2t \u0219i experien\u021b\u0103 direct\u0103 cu mii de clien\u021bi \u0219i pacien\u021bi. Viziunea lor este una clar\u0103: s\u0103n\u0103tatea nu se reduce la absen\u021ba bolii, ci este un proces activ de echilibru fizic, emo\u021bional, mental \u0219i spiritual \u2013 un drum spre vitalitate, autonomie \u0219i sens.\",\"sameAs\":[\"https:\\\/\\\/www.minuneanaturii.ro\",\"https:\\\/\\\/www.facebook.com\\\/minuneanaturii\\\/\",\"https:\\\/\\\/www.instagram.com\\\/minuneanaturii\\\/\",\"https:\\\/\\\/www.linkedin.com\\\/company\\\/minunea-naturii\",\"https:\\\/\\\/www.youtube.com\\\/@MinuneaNaturii\"],\"url\":\"https:\\\/\\\/minuneanaturii.ro\\\/blog\\\/author\\\/ancasiadrianienin\"}]}<\/script>\n<!-- \/ Yoast SEO plugin. -->","yoast_head_json":{"title":"Vrei sa arzi calorii in mod natural? Inlocuieste negru cu verde! - minuneanaturii.ro","robots":{"index":"index","follow":"follow","max-snippet":"max-snippet:-1","max-image-preview":"max-image-preview:large","max-video-preview":"max-video-preview:-1"},"og_locale":"ro_RO","og_type":"article","og_title":"Vrei sa arzi calorii in mod natural? Inlocuieste negru cu verde! - Blogul Minunea Naturii","og_description":"Cafeaua verde, caci despre ea este vorba, are proprietati total diferite de cafeaua prajita. Cafeaua verde este diferita atat ca si gust cat si ca actiune. Cafeaua verde are c\u2026","og_url":"https:\/\/minuneanaturii.ro\/blog\/vrei-sa-arzi-calorii-in-mod-natural-inlocuieste-negru-cu-verde","og_site_name":"Blogul Minunea Naturii","article_author":"https:\/\/www.facebook.com\/minuneanaturii\/","article_published_time":"2018-01-30T03:36:36+00:00","article_modified_time":"2024-07-12T14:37:33+00:00","og_image":[{"width":468,"height":376,"url":"https:\/\/minuneanaturii.ro\/blog\/wp-content\/uploads\/2018\/01\/ceasca-de-cafea-verde.jpg","type":"image\/jpeg"}],"author":"Farm. Anca si Adrian Ienin","twitter_card":"summary_large_image","twitter_misc":{"Scris de":"Farm. Anca si Adrian Ienin","Timp estimat pentru citire":"2 minute"},"schema":{"@context":"https:\/\/schema.org","@graph":[{"@type":"Article","@id":"https:\/\/minuneanaturii.ro\/blog\/vrei-sa-arzi-calorii-in-mod-natural-inlocuieste-negru-cu-verde#article","isPartOf":{"@id":"https:\/\/minuneanaturii.ro\/blog\/vrei-sa-arzi-calorii-in-mod-natural-inlocuieste-negru-cu-verde"},"author":{"name":"Farm. Anca si Adrian Ienin","@id":"https:\/\/minuneanaturii.ro\/blog\/#\/schema\/person\/f2d61b0d1b99f774c2026e5355657712"},"headline":"Vrei sa arzi calorii in mod natural? Inlocuieste negru cu verde!","datePublished":"2018-01-30T03:36:36+00:00","dateModified":"2024-07-12T14:37:33+00:00","mainEntityOfPage":{"@id":"https:\/\/minuneanaturii.ro\/blog\/vrei-sa-arzi-calorii-in-mod-natural-inlocuieste-negru-cu-verde"},"wordCount":446,"commentCount":4,"image":{"@id":"https:\/\/minuneanaturii.ro\/blog\/vrei-sa-arzi-calorii-in-mod-natural-inlocuieste-negru-cu-verde#primaryimage"},"thumbnailUrl":"https:\/\/i0.wp.com\/minuneanaturii.ro\/blog\/wp-content\/uploads\/2018\/01\/ceasca-de-cafea-verde.jpg?fit=468%2C376&ssl=1","keywords":["adevarul despre cafea","alimentatie sanatoasa","arderea grasimilor","boabe de cafea verde","cafea","cafea prajita","cafea verde","cafea verde macinata","cafeaua verde","capacitate de concentrare","cofeina","concentrare","energie","imbunatatirea memoriei","kilograme in plus","memorie","nutritie Timisoara","nutritionist Timisoara","scaderea in greutate","slabit","stil de viata","vitalitate"],"articleSection":["Diverse","Nutritie si alimentatie sanatoasa","Sanatate","Sfaturi utile - Tips and Tricks"],"inLanguage":"ro-RO","potentialAction":[{"@type":"CommentAction","name":"Comment","target":["https:\/\/minuneanaturii.ro\/blog\/vrei-sa-arzi-calorii-in-mod-natural-inlocuieste-negru-cu-verde#respond"]}]},{"@type":"WebPage","@id":"https:\/\/minuneanaturii.ro\/blog\/vrei-sa-arzi-calorii-in-mod-natural-inlocuieste-negru-cu-verde","url":"https:\/\/minuneanaturii.ro\/blog\/vrei-sa-arzi-calorii-in-mod-natural-inlocuieste-negru-cu-verde","name":"Vrei sa arzi calorii in mod natural? Inlocuieste negru cu verde! - Blogul Minunea Naturii","isPartOf":{"@id":"https:\/\/minuneanaturii.ro\/blog\/#website"},"primaryImageOfPage":{"@id":"https:\/\/minuneanaturii.ro\/blog\/vrei-sa-arzi-calorii-in-mod-natural-inlocuieste-negru-cu-verde#primaryimage"},"image":{"@id":"https:\/\/minuneanaturii.ro\/blog\/vrei-sa-arzi-calorii-in-mod-natural-inlocuieste-negru-cu-verde#primaryimage"},"thumbnailUrl":"https:\/\/i0.wp.com\/minuneanaturii.ro\/blog\/wp-content\/uploads\/2018\/01\/ceasca-de-cafea-verde.jpg?fit=468%2C376&ssl=1","datePublished":"2018-01-30T03:36:36+00:00","dateModified":"2024-07-12T14:37:33+00:00","author":{"@id":"https:\/\/minuneanaturii.ro\/blog\/#\/schema\/person\/f2d61b0d1b99f774c2026e5355657712"},"breadcrumb":{"@id":"https:\/\/minuneanaturii.ro\/blog\/vrei-sa-arzi-calorii-in-mod-natural-inlocuieste-negru-cu-verde#breadcrumb"},"inLanguage":"ro-RO","potentialAction":[{"@type":"ReadAction","target":["https:\/\/minuneanaturii.ro\/blog\/vrei-sa-arzi-calorii-in-mod-natural-inlocuieste-negru-cu-verde"]}]},{"@type":"ImageObject","inLanguage":"ro-RO","@id":"https:\/\/minuneanaturii.ro\/blog\/vrei-sa-arzi-calorii-in-mod-natural-inlocuieste-negru-cu-verde#primaryimage","url":"https:\/\/i0.wp.com\/minuneanaturii.ro\/blog\/wp-content\/uploads\/2018\/01\/ceasca-de-cafea-verde.jpg?fit=468%2C376&ssl=1","contentUrl":"https:\/\/i0.wp.com\/minuneanaturii.ro\/blog\/wp-content\/uploads\/2018\/01\/ceasca-de-cafea-verde.jpg?fit=468%2C376&ssl=1","width":468,"height":376,"caption":"ceasca de cafea verde"},{"@type":"BreadcrumbList","@id":"https:\/\/minuneanaturii.ro\/blog\/vrei-sa-arzi-calorii-in-mod-natural-inlocuieste-negru-cu-verde#breadcrumb","itemListElement":[{"@type":"ListItem","position":1,"name":"Prima pagin\u0103","item":"https:\/\/minuneanaturii.ro\/blog\/"},{"@type":"ListItem","position":2,"name":"Vrei sa arzi calorii in mod natural? Inlocuieste negru cu verde!"}]},{"@type":"WebSite","@id":"https:\/\/minuneanaturii.ro\/blog\/#website","url":"https:\/\/minuneanaturii.ro\/blog\/","name":"Blogul Minunea Naturii","description":"informatii utile despre sanatate, alimentatie si tratemnte holistice","potentialAction":[{"@type":"SearchAction","target":{"@type":"EntryPoint","urlTemplate":"https:\/\/minuneanaturii.ro\/blog\/?s={search_term_string}"},"query-input":{"@type":"PropertyValueSpecification","valueRequired":true,"valueName":"search_term_string"}}],"inLanguage":"ro-RO"},{"@type":"Person","@id":"https:\/\/minuneanaturii.ro\/blog\/#\/schema\/person\/f2d61b0d1b99f774c2026e5355657712","name":"Farm. Anca si Adrian Ienin","image":{"@type":"ImageObject","inLanguage":"ro-RO","@id":"https:\/\/secure.gravatar.com\/avatar\/ad4ecb84085c66eae03365f7a2f872d8fee2056710d75b48754261be4b5f8abd?s=96&d=mm&r=g","url":"https:\/\/secure.gravatar.com\/avatar\/ad4ecb84085c66eae03365f7a2f872d8fee2056710d75b48754261be4b5f8abd?s=96&d=mm&r=g","contentUrl":"https:\/\/secure.gravatar.com\/avatar\/ad4ecb84085c66eae03365f7a2f872d8fee2056710d75b48754261be4b5f8abd?s=96&d=mm&r=g","caption":"Farm. Anca si Adrian Ienin"},"description":"Anca si Adrian Ienin, farmacisti naturopati si fondatori ai conceptului Minunea Naturii. Au transformat pasiunea pentru alimentatie, stil de viata sanatos si tratamente naturale intr-un concept dedicat sanatatii depline. Scriu articole documentate de ultimele studii in domeniu si din experienta directa cu pacientii. Cred in exemplul propriu si integritate, astfel informatia furnizata este credibila si autentica. Farm. Anca \u0219i Adrian Ienin sunt co-fondatorii conceptului Minunea Naturii \u0219i promotori ai unei viziuni integrative asupra s\u0103n\u0103t\u0103\u021bii, \u00een care \u0219tiin\u021ba modern\u0103 se \u00eent\u00e2lne\u0219te cu \u00een\u021belepciunea tradi\u021bional\u0103. Cu o experien\u021b\u0103 de peste un deceniu \u00een domeniul terapiilor naturale, nutri\u021biei func\u021bionale \u0219i suplimentelor de calitate, cei doi autori ofer\u0103 informa\u021bii valoroase, bine documentate \u0219i orientate spre rezultate reale \u00een echilibrarea organismului. Prin articolele \u0219i proiectele lor educa\u021bionale, Anca \u0219i Adrian \u00eencurajeaz\u0103 oamenii s\u0103 \u00ee\u0219i asume responsabilitatea pentru propria s\u0103n\u0103tate, s\u0103 \u00ee\u0219i dezvolte discern\u0103m\u00e2ntul \u00een alegerea produselor naturale \u0219i s\u0103 adopte un stil de via\u021b\u0103 con\u0219tient, \u00een armonie cu ritmurile corpului \u0219i ale naturii. Articolele lor \u00eembin\u0103 rigoarea \u0219tiin\u021bific\u0103 cu empatia practic\u0103, av\u00e2nd la baz\u0103 at\u00e2t cuno\u0219tin\u021be academice, c\u00e2t \u0219i experien\u021b\u0103 direct\u0103 cu mii de clien\u021bi \u0219i pacien\u021bi. Viziunea lor este una clar\u0103: s\u0103n\u0103tatea nu se reduce la absen\u021ba bolii, ci este un proces activ de echilibru fizic, emo\u021bional, mental \u0219i spiritual \u2013 un drum spre vitalitate, autonomie \u0219i sens.","sameAs":["https:\/\/www.minuneanaturii.ro","https:\/\/www.facebook.com\/minuneanaturii\/","https:\/\/www.instagram.com\/minuneanaturii\/","https:\/\/www.linkedin.com\/company\/minunea-naturii","https:\/\/www.youtube.com\/@MinuneaNaturii"],"url":"https:\/\/minuneanaturii.ro\/blog\/author\/ancasiadrianienin"}]}},"jetpack_featured_media_url":"https:\/\/i0.wp.com\/minuneanaturii.ro\/blog\/wp-content\/uploads\/2018\/01\/ceasca-de-cafea-verde.jpg?fit=468%2C376&ssl=1","jetpack_sharing_enabled":true,"_links":{"self":[{"href":"https:\/\/minuneanaturii.ro\/blog\/wp-json\/wp\/v2\/posts\/1910","targetHints":{"allow":["GET"]}}],"collection":[{"href":"https:\/\/minuneanaturii.ro\/blog\/wp-json\/wp\/v2\/posts"}],"about":[{"href":"https:\/\/minuneanaturii.ro\/blog\/wp-json\/wp\/v2\/types\/post"}],"author":[{"embeddable":true,"href":"https:\/\/minuneanaturii.ro\/blog\/wp-json\/wp\/v2\/users\/101011"}],"replies":[{"embeddable":true,"href":"https:\/\/minuneanaturii.ro\/blog\/wp-json\/wp\/v2\/comments?post=1910"}],"version-history":[{"count":6,"href":"https:\/\/minuneanaturii.ro\/blog\/wp-json\/wp\/v2\/posts\/1910\/revisions"}],"predecessor-version":[{"id":2072,"href":"https:\/\/minuneanaturii.ro\/blog\/wp-json\/wp\/v2\/posts\/1910\/revisions\/2072"}],"wp:featuredmedia":[{"embeddable":true,"href":"https:\/\/minuneanaturii.ro\/blog\/wp-json\/wp\/v2\/media\/1909"}],"wp:attachment":[{"href":"https:\/\/minuneanaturii.ro\/blog\/wp-json\/wp\/v2\/media?parent=1910"}],"wp:term":[{"taxonomy":"category","embeddable":true,"href":"https:\/\/minuneanaturii.ro\/blog\/wp-json\/wp\/v2\/categories?post=1910"},{"taxonomy":"post_tag","embeddable":true,"href":"https:\/\/minuneanaturii.ro\/blog\/wp-json\/wp\/v2\/tags?post=1910"}],"curies":[{"name":"wp","href":"https:\/\/api.w.org\/{rel}","templated":true}]}}